{"id":66163,"date":"2025-10-21T11:37:15","date_gmt":"2025-10-21T11:37:15","guid":{"rendered":"https:\/\/www.europesays.com\/no\/66163\/"},"modified":"2025-10-21T11:37:15","modified_gmt":"2025-10-21T11:37:15","slug":"momsokning-pa-elbiler-i-2026-dette-bor-du-tenke-pa-for-du-signerer-kontrakten-rbnett-no","status":"publish","type":"post","link":"https:\/\/www.europesays.com\/no\/66163\/","title":{"rendered":"(+) Moms\u00f8kning p\u00e5 elbiler i 2026: Dette b\u00f8r du tenke p\u00e5 f\u00f8r du signerer kontrakten &#8211; rbnett.no"},"content":{"rendered":"<ol>\n<li><a href=\"https:\/\/news.google.com\/rss\/articles\/CBMiqgFBVV95cUxNV01penJLWGN3cktnMEgzR0swME1UN2lQMFBkQW4yQmF4WTFWUmhrcEJ2UmNNdUFUVGJZSzRDb3UwZktJVGVmUmtVTjRjRTlwVmFCTzhidmVuU0JRUUhvUUVrTFhGODVCYlprS0EzSzlYS3RJS3JnTklIQ3RJYkx4RjBvOUVyLTVYV2JCYzIzZzBUS1hnSS1zcG1YU1NwSjBPWnUtcFB6a3g2dw?oc=5\" target=\"_blank\" rel=\"nofollow noopener\">(+) Moms\u00f8kning p\u00e5 elbiler i 2026: Dette b\u00f8r du tenke p\u00e5 f\u00f8r du signerer kontrakten<\/a>&nbsp;&nbsp;rbnett.no<\/li>\n<li><a href=\"https:\/\/news.google.com\/rss\/articles\/CBMinwFBVV95cUxOaVduZEpiSFF6YUlhWWtXQXdyZXhLbXZrWXNzWlNQMmNwZ1lkSUwyc2dVRDNzOXRCUDNHMU5mMEo5UXB0OS1OOWd0T1djNnQ5TnIyVXBKS1dXeWRMMURfaklpSnZETXdVQjItWnNwWjY5WVQ0YWZ4TEU0dXVMRG84UU15YWdEVWE3b2l3RTZxRGdUQnVwdUxaeUM0dzRIc2s?oc=5\" target=\"_blank\" rel=\"nofollow noopener\">Tatt p\u00e5 senga: Duket for vill elbil-bonanza<\/a>&nbsp;&nbsp;Nettavisen<\/li>\n<li><a href=\"https:\/\/news.google.com\/rss\/articles\/CBMiogFBVV95cUxQem9fWWM5Z2h1Y3lVX0FsZFhCT0tjQTBZRkJ5WnNLZElOMkU0d1BDU0VXd3JHMGstV3QtZkZ2cnBFVGc4a3RTZG94QU1MWjFCUDRNN3M2bjdXcHJyOVF0RU9YZ192NFlZVXhWSWthaEljTm92X1Znc2Y1R2pMNnJwN2E0eDBHMjBoMTRuSHdxT3c3RUpFQ0tubWZ1aXRQWFk1X1E?oc=5\" target=\"_blank\" rel=\"nofollow noopener\">S\u00e5 mye vil elbil-favorittene hoppe i pris: \u2013 Ikke til \u00e5 unng\u00e5<\/a>&nbsp;&nbsp;E24<\/li>\n<li><a href=\"https:\/\/news.google.com\/rss\/articles\/CBMieEFVX3lxTFA3UjlxT1RNTUswa0JqMUVfSmJ3MjRmaV9nS1Y2RG1PYW5zTjdtb2ZLdjlkdVZsUktaTlFfbHY2b3FjeFBaV05VbVMtV19TOVczOFRPOGpPTXhUc2JIRlNUT0tvdFY5OUR3UkxtWGRKTUp5SVRRa0VzaA?oc=5\" target=\"_blank\" rel=\"nofollow noopener\">\u2013 Blir fullstendig stopp i bilsalget<\/a>&nbsp;&nbsp;TV2.no<\/li>\n<li><a href=\"https:\/\/news.google.com\/rss\/articles\/CBMinwFBVV95cUxNVFBKV05Zcy1GQjZaZElvcHNWelYxSGVNZWZOaGNMWEktUzc3NFN2U2hlRkp5SjhPSXZsRzRHOUJmdVVhYzJaN29mSXc3RnlScGNoTXZyMkIwekhHb3laLVp1dEFZNE1FU0R1amNrMWNKbm1McUN1Nm1SUVZ6TXZFVnNKNzl3MEI5aTBjYnZGbllFSGRDWWxqaE1GM2szdTA?oc=5\" target=\"_blank\" rel=\"nofollow noopener\">Import\u00f8r tror elbilavgiften kan booste salget av kinesiske biler<\/a>&nbsp;&nbsp;Teknisk Ukeblad<\/li>\n<\/ol>\n","protected":false},"excerpt":{"rendered":"(+) Moms\u00f8kning p\u00e5 elbiler i 2026: Dette b\u00f8r du tenke p\u00e5 f\u00f8r du signerer kontrakten&nbsp;&nbsp;rbnett.no Tatt p\u00e5 senga:&hellip;\n","protected":false},"author":2,"featured_media":66015,"comment_status":"","ping_status":"","sticky":false,"template":"","format":"standard","meta":{"footnotes":""},"categories":[10],"tags":[20,21,267,24,25,15,22,23,13,30,28,29,14,16,8578,26,27],"class_list":{"0":"post-66163","1":"post","2":"type-post","3":"status-publish","4":"format-standard","5":"has-post-thumbnail","7":"category-norge","8":"tag-breaking-news","9":"tag-breakingnews","10":"tag-elbil","11":"tag-featured-news","12":"tag-featurednews","13":"tag-headlines","14":"tag-latest-news","15":"tag-latestnews","16":"tag-news","17":"tag-no","18":"tag-norge","19":"tag-norway","20":"tag-nyheter","21":"tag-overskrifter","22":"tag-statsbudsjettet","23":"tag-top-stories","24":"tag-topstories"},"share_on_mastodon":{"url":"","error":""},"_links":{"self":[{"href":"https:\/\/www.europesays.com\/no\/wp-json\/wp\/v2\/posts\/66163","targetHints":{"allow":["GET"]}}],"collection":[{"href":"https:\/\/www.europesays.com\/no\/wp-json\/wp\/v2\/posts"}],"about":[{"href":"https:\/\/www.europesays.com\/no\/wp-json\/wp\/v2\/types\/post"}],"author":[{"embeddable":true,"href":"https:\/\/www.europesays.com\/no\/wp-json\/wp\/v2\/users\/2"}],"replies":[{"embeddable":true,"href":"https:\/\/www.europesays.com\/no\/wp-json\/wp\/v2\/comments?post=66163"}],"version-history":[{"count":0,"href":"https:\/\/www.europesays.com\/no\/wp-json\/wp\/v2\/posts\/66163\/revisions"}],"wp:featuredmedia":[{"embeddable":true,"href":"https:\/\/www.europesays.com\/no\/wp-json\/wp\/v2\/media\/66015"}],"wp:attachment":[{"href":"https:\/\/www.europesays.com\/no\/wp-json\/wp\/v2\/media?parent=66163"}],"wp:term":[{"taxonomy":"category","embeddable":true,"href":"https:\/\/www.europesays.com\/no\/wp-json\/wp\/v2\/categories?post=66163"},{"taxonomy":"post_tag","embeddable":true,"href":"https:\/\/www.europesays.com\/no\/wp-json\/wp\/v2\/tags?post=66163"}],"curies":[{"name":"wp","href":"https:\/\/api.w.org\/{rel}","templated":true}]}}