{"id":66164,"date":"2025-10-21T11:38:11","date_gmt":"2025-10-21T11:38:11","guid":{"rendered":"https:\/\/www.europesays.com\/no\/66164\/"},"modified":"2025-10-21T11:38:11","modified_gmt":"2025-10-21T11:38:11","slug":"lager-to-store-fareomrader-dagbladet","status":"publish","type":"post","link":"https:\/\/www.europesays.com\/no\/66164\/","title":{"rendered":"Lager to store fareomr\u00e5der &#8211; Dagbladet"},"content":{"rendered":"<ol>\n<li><a href=\"https:\/\/news.google.com\/rss\/articles\/CBMid0FVX3lxTE84c1VwUE5RaFpnVFFKOEdnaUk4SEhzOXZnSDUxa0F2VktQaXpJcG53TUozM2RHTUV5OFh3SUViV0szSnoxZkxWVjhNeW9hVjFfOGs0bzdUaFFjcFloNG1lS1djd3E4RWxxcVlxUzM2eHctQnJvVHg0?oc=5\" target=\"_blank\" rel=\"nofollow noopener\">Lager to store fareomr\u00e5der<\/a>&nbsp;&nbsp;Dagbladet<\/li>\n<li><a href=\"https:\/\/news.google.com\/rss\/articles\/CBMihgFBVV95cUxNcHNCV1A1cFFjWnJCMVktNUQyVmZlbWVDOGJGQjZiVVVuWmFoU0FYREtaMFFTc19saEFraHlwVjNrMXJkRHVvR0RIV1BrYm9mR2NVZ3d1MGNhMS1SOVh2MkxrNDVTUEdzdEs5bU5zMUpEOGRUd1FJOC12WENlUW1SX2FnVXFfUQ?oc=5\" target=\"_blank\" rel=\"nofollow noopener\">Store omr\u00e5der stenges for lufttrafikk<\/a>&nbsp;&nbsp;Dagbladet<\/li>\n<li><a href=\"https:\/\/news.google.com\/rss\/articles\/CBMiwwFBVV95cUxQSUxZWkFLd05WNkhZZTg1RkpvOGpGcWNrdEZoUkJ1NVYyZEtGc3hxaVhKZk80Z0loQk9sbWtLeFRVMTkzUkZIMWFiaDdmN1AtdTlsMmJfWU5DUzhfOFRnNnRvdnBMS05sWUVVaE5fTHpwa012M01oUUlKOFBILTBiQ3QzOE5Td2VYX3dGNHJmZmxtZ2hVaUIxdUt3NVRRQTRMVWQtYVlDcWpPd1ZrblAzWGNoY1V6NGwyUkJ0RFlvclBsWGM?oc=5\" target=\"_blank\" rel=\"nofollow noopener\">Forsvaret skal teste elektronisk krigf\u00f8ring \u2013 store omr\u00e5der stenges for lufttrafikk<\/a>&nbsp;&nbsp;Aftenposten<\/li>\n<li><a href=\"https:\/\/news.google.com\/rss\/articles\/CBMitgFBVV95cUxQc3FqTkNqWlY3ZnRhMUFsazJUUm91SmowSkY3OEh0Q0lNenQtU0JwYjdvVUg4aVpfbU1NeDdidFVIMVp0eGE5MGwzWEZYMWpncnRUNjFzLTVMM0FpRm9wbkRQSklPV0VGSWhyMFZYTWhZZzdxbzZsbFgtRVRPakNaMW9HWGNNWXFDaFNfVzRKQmlkdW9WOHBoTjNhR1RCVjNEbzAtUWJja2ZsUG56U1BFbUZnTDQyQQ?oc=5\" target=\"_blank\" rel=\"nofollow noopener\">Forsvaret skal teste jamming \u2013 stenger for lufttrafikk<\/a>&nbsp;&nbsp;Nettavisen<\/li>\n<li><a href=\"https:\/\/news.google.com\/rss\/articles\/CBMilAFBVV95cUxOQjd3a2ROajJHRmVyZnc5X2psVUZQRFNXalhjVGU0azF3VHl6ZU5YV3ljaEh5YW9OVWhYRzU3ZFF1d3hWejlsRjBSemhfc1ByOC1MdnVhdERCaV9SdGE3UEcwNWhaWmxaVUtCSHJTSGtfRnVxa2Y4M2J0aENCTlVGaWFRSmJ0YlNhSy1Ra3NxV1VHVUdi?oc=5\" target=\"_blank\" rel=\"nofollow noopener\">Varsel fra regjeringen om Putins hybridkrig<\/a>&nbsp;&nbsp;TV2.no<\/li>\n<\/ol>\n","protected":false},"excerpt":{"rendered":"Lager to store fareomr\u00e5der&nbsp;&nbsp;Dagbladet Store omr\u00e5der stenges for lufttrafikk&nbsp;&nbsp;Dagbladet Forsvaret skal teste elektronisk krigf\u00f8ring \u2013 store omr\u00e5der stenges&hellip;\n","protected":false},"author":2,"featured_media":65679,"comment_status":"","ping_status":"","sticky":false,"template":"","format":"standard","meta":{"footnotes":""},"categories":[5],"tags":[20,21,24,25,15,19,2539,22,23,17,18,13,30,28,29,14,16,26,27],"class_list":{"0":"post-66164","1":"post","2":"type-post","3":"status-publish","4":"format-standard","5":"has-post-thumbnail","7":"category-overskrifter","8":"tag-breaking-news","9":"tag-breakingnews","10":"tag-featured-news","11":"tag-featurednews","12":"tag-headlines","13":"tag-hovedoppslag","14":"tag-innenriks","15":"tag-latest-news","16":"tag-latestnews","17":"tag-main-news","18":"tag-mainnews","19":"tag-news","20":"tag-no","21":"tag-norge","22":"tag-norway","23":"tag-nyheter","24":"tag-overskrifter","25":"tag-top-stories","26":"tag-topstories"},"share_on_mastodon":{"url":"","error":""},"_links":{"self":[{"href":"https:\/\/www.europesays.com\/no\/wp-json\/wp\/v2\/posts\/66164","targetHints":{"allow":["GET"]}}],"collection":[{"href":"https:\/\/www.europesays.com\/no\/wp-json\/wp\/v2\/posts"}],"about":[{"href":"https:\/\/www.europesays.com\/no\/wp-json\/wp\/v2\/types\/post"}],"author":[{"embeddable":true,"href":"https:\/\/www.europesays.com\/no\/wp-json\/wp\/v2\/users\/2"}],"replies":[{"embeddable":true,"href":"https:\/\/www.europesays.com\/no\/wp-json\/wp\/v2\/comments?post=66164"}],"version-history":[{"count":0,"href":"https:\/\/www.europesays.com\/no\/wp-json\/wp\/v2\/posts\/66164\/revisions"}],"wp:featuredmedia":[{"embeddable":true,"href":"https:\/\/www.europesays.com\/no\/wp-json\/wp\/v2\/media\/65679"}],"wp:attachment":[{"href":"https:\/\/www.europesays.com\/no\/wp-json\/wp\/v2\/media?parent=66164"}],"wp:term":[{"taxonomy":"category","embeddable":true,"href":"https:\/\/www.europesays.com\/no\/wp-json\/wp\/v2\/categories?post=66164"},{"taxonomy":"post_tag","embeddable":true,"href":"https:\/\/www.europesays.com\/no\/wp-json\/wp\/v2\/tags?post=66164"}],"curies":[{"name":"wp","href":"https:\/\/api.w.org\/{rel}","templated":true}]}}