{"id":66167,"date":"2025-10-21T11:40:09","date_gmt":"2025-10-21T11:40:09","guid":{"rendered":"https:\/\/www.europesays.com\/no\/66167\/"},"modified":"2025-10-21T11:40:09","modified_gmt":"2025-10-21T11:40:09","slug":"tone-damli-og-solveig-kloppen-deler-sine-historier-om-tap-og-sorg","status":"publish","type":"post","link":"https:\/\/www.europesays.com\/no\/66167\/","title":{"rendered":"Tone Damli og Solveig Kloppen deler sine historier om tap og sorg"},"content":{"rendered":"<p class=\"kicker \" style=\"\">Tone Damli:\u00a0<\/p>\n<p>  Tone Damli og Solveig Kloppen har begge opplevd tunge tap. N\u00e5 setter de ord p\u00e5 sorgen i en \u00e5pen samtale.\u00a0<\/p>\n<p>\n    STOR P\u00c5KJENNING: B\u00e5de Solveig Kloppen og Tone Damli har mistet s\u00f8strene sine. N\u00e5 deler de tanker rundt tap i den nyeste episoden av podkasten \u00abR\u00e5ning med Tone\u00bb. Foto: Podimo\n  <\/p>\n<p>I podkasten <a href=\"https:\/\/open.podimo.com\/podcast\/2dc02259-f169-482b-9c33-9201343ec1e3\" rel=\"nofollow noopener\" target=\"_blank\">\u00abR\u00e5ning med Tone\u00bb<\/a> har artisten Tone Damli (37) denne uken med seg gjest Solveig Kloppen (54) i bilen. Der \u00e5pner de to seg opp om tap og hvordan man skal h\u00e5ndtere sorgen.\u00a0<\/p>\n<p>    <a itemprop=\"url\" href=\"https:\/\/www.seher.no\/kjendis\/ny-jobb\/83516913\" rel=\"nofollow noopener\" target=\"_blank\"><\/p>\n<p>      <img loading=\"lazy\" decoding=\"async\" src=\"https:\/\/www.europesays.com\/no\/wp-content\/uploads\/2025\/10\/83516495.webp\" width=\"980\" height=\"441\" title=\"Ny jobb\" alt=\"\" class=\"lazyload\" style=\"--aspect-ratio-image: 2.22; \"\/><\/p>\n<p>        Ny jobb<\/p>\n<p>    <\/a><\/p>\n<p>De to har kjent hverandre i 20 \u00e5r, helt siden Damli deltok i sangkonkurransen \u00abIdol\u00bb i 2005 og Kloppen var programleder. De to venninnene \u00e5pner begge opp i episoden om tapet av s\u00f8strene.\u00a0<\/p>\n<p class=\"bg-yellow color_mobile_bg-yellow\">SISTE NYTT: <a href=\"https:\/\/www.seher.no\/\" rel=\"nofollow noopener\" target=\"_blank\">Se her!<\/a><\/p>\n<p>          <img loading=\"lazy\" decoding=\"async\" src=\"https:\/\/www.europesays.com\/no\/wp-content\/uploads\/2025\/10\/83750201.webp\" width=\"686\" height=\"494\" title=\"JUBILEUM: I \u00e5r er det 20 \u00e5r siden Tone Damli deltok i den fjerde sesongen av \u00abIdol\u00bb. Solveig Kloppen var den gangen programleder. Foto: Hans Arne Vedlog\" alt=\"\" class=\"\" style=\"--aspect-ratio-image: 1.39; \"\/><\/p>\n<p>\n          JUBILEUM: I \u00e5r er det 20 \u00e5r siden Tone Damli deltok i den fjerde sesongen av \u00abIdol\u00bb. Solveig Kloppen var den gangen programleder. Foto: Hans Arne Vedlog\n      <\/p>\n<p> <a href=\"https:\/\/www.seher.no\/kjendis\/det-var-som-om-alt-raknet\/81210590\" rel=\"nofollow noopener\" target=\"_blank\">I 2017 opplevde Solveig Kloppen (54) <\/a>marerittet.\u00a0Bare seks uker etter at moren sovnet inn med de n\u00e6rmeste rundt seg, mistet hun s\u00f8steren Kathrine til selvmord. <\/p>\n<p>    Trenger du noen \u00e5 snakke med?<\/p>\n<ul>\n<li>Akutt selvmordsfare: 113<\/li>\n<li>Legevakt: 116 117<\/li>\n<li>Mental Helses hjelpetelefon: 116 123,\u00a0<a href=\"https:\/\/www.sidetmedord.no\/\" rel=\"nofollow noopener\" target=\"_blank\">sidetmedord.no<\/a><\/li>\n<li>Kirkens SOS Telefon: 22 40 00 40,\u00a0<a href=\"https:\/\/www.kirkens-sos.no\/\" rel=\"nofollow noopener\" target=\"_blank\">kirkens-sos.no<\/a><\/li>\n<li>Kors p\u00e5 halsen (R\u00f8de kors): 800 33 321,\u00a0<a href=\"https:\/\/korspaahalsen.rodekors.no\/\" rel=\"nofollow noopener\" target=\"_blank\">korspaahalsen.rodekors.no<\/a><\/li>\n<li>Mer informasjon om krisetelefoner og nettsteder finnes p\u00e5 Nasjonalt senter for selvmordsforskning og -forebyggings informasjonssider:\u00a0<a href=\"https:\/\/nssfinfo.no\/\" rel=\"nofollow noopener\" target=\"_blank\">nssfinfo.no<\/a><\/li>\n<\/ul>\n<p>      Vis mer<br \/>\n      Vis mindre<\/p>\n<p> \u00abI perioder var livet uten farger, lukt og mening. Det var noen f\u00e5 av oss som tidvis fikk merke denne smerten. Men n\u00e5r vi spurte om hun bar p\u00e5 selvmordstanker, var svaret alltid nei. Det var ingen som fikk vite hvor m\u00f8rkt det virkelig var\u00bb, skrev Kloppen i en hyllest p\u00e5 <a href=\"https:\/\/www.instagram.com\/p\/C744r6bqboZ\/?utm_source=ig_embed\" rel=\"nofollow noopener\" target=\"_blank\">Instagram<\/a> i fjor.\u00a0<\/p>\n<p>Damli mistet ogs\u00e5<a href=\"https:\/\/www.seher.no\/kjendis\/tones-gripende-farvel-med-storesosteren\/83018285\" rel=\"nofollow noopener\" target=\"_blank\"> s\u00f8steren sin<\/a>, Tale, i \u00e5r. Hun gikk bort 9. april, bare 38 \u00e5r gammel. I etterkant sykmeldte Damli seg, og tok en pause fra s\u00f8kelyset.\u00a0<\/p>\n<p>          <img loading=\"lazy\" decoding=\"async\" src=\"https:\/\/www.europesays.com\/no\/wp-content\/uploads\/2025\/10\/83018598.webp\" width=\"686\" height=\"584\" title=\"S\u00d8STRE: Tale Aaberge og Tone Damli ble f\u00f8dt 17 m\u00e5neder fra hverandre. Tone forteller at de ogs\u00e5 var bestevenninner siden hun deltok i Idol i 2005. Foto: Tor Lindseth \/ Se og H\u00f8r\" alt=\"\" class=\"\" style=\"--aspect-ratio-image: 1.17; \"\/><\/p>\n<p>\n          S\u00d8STRE: Tale Aaberge og Tone Damli ble f\u00f8dt 17 m\u00e5neder fra hverandre. Tone forteller at de ogs\u00e5 var bestevenninner siden hun deltok i Idol i 2005. Foto: Tor Lindseth \/ Se og H\u00f8r\n      <\/p>\n<p> N\u00e5 som hun er tilbake med podkasten, sier hun at Kloppen var av de f\u00f8rste hun tenkte p\u00e5 da hun skulle velge gjest til passasjersetet, ettersom de deler den spesielle historien.\u00a0<\/p>\n<p>        KONFLIKT: Det blir opphetet stemning mellom Siri Avlesen-\u00d8stli og Henrik Holm i \u00abForr\u00e6der\u00bb. Video: Thea Hope \/ Nora Skavhaug \/ TV 2<\/p>\n<p>Damli sier at det var godt for henne \u00e5 ta en pause, og forteller samtidig at hun synes det har v\u00e6rt vanskelig \u00e5 vite n\u00e5r man skal tilbake p\u00e5 jobb.\u00a0<\/p>\n<p class=\"font-weight-bold m-font-weight-bold\" data-lab-font_weight=\"font-weight-bold\">&#8211; Fordi med jobben kommer det ogs\u00e5 smil, p\u00e5 en m\u00e5te. Er det greit \u00e5 smile n\u00e5r man har det s\u00e5 vondt? Skal man oppf\u00f8re seg p\u00e5 en spesiell m\u00e5te? sp\u00f8r hun retorisk.\u00a0<\/p>\n<p>Kloppen forteller at hun tenkte det samme i 2017. Den gangen var hun i gang med et TV-program om d\u00f8den, da moren fikk p\u00e5vist kreft. Hun forteller at det f\u00f8ltes feil \u00e5 ha spurt s\u00e5 mange om \u00e5 dele sine historier, og ikke sp\u00f8rre sin egen mor.\u00a0<\/p>\n<p>        HEMMELIG: Kronprinsessens lungerehabilitering skal ha hatt en ensom start, n\u00e5r kronprinsen ikke kunne v\u00e6re til stede. Foto: NTB \/ Det kongelige hoff \/ Se og H\u00f8r \/\/ Reporter: H\u00e5vard Bj\u00f8rnerem<\/p>\n<p>TV 2-programmet \u00ab<a href=\"https:\/\/www.seher.no\/kjendis\/mistet-bade-mor-og-soster-pa-seks-uker\/70641403\" rel=\"nofollow noopener\" target=\"_blank\">Det jeg ikke fikk sagt\u00bb<\/a> hadde premiere halvannet \u00e5r etter, og\u00a0utl\u00f8ste et skred av sympati og hjerter i sosiale medier.\u00a0<\/p>\n<p>Damli forteller at hun ogs\u00e5 har mottatt massiv st\u00f8tte etter \u00e5 ha delt s\u00e5 \u00e5pent om tiden etter, b\u00e5de i form av varme ord og tanker og de som har sendt henne sine egne historier.\u00a0<\/p>\n<p>          <img loading=\"lazy\" decoding=\"async\" src=\"https:\/\/www.europesays.com\/no\/wp-content\/uploads\/2025\/10\/82425486.webp\" width=\"686\" height=\"474\" title=\"ST\u00d8TTE: Tone Damli roser kj\u00e6resten Markus Foss for hvordan han har h\u00e5ndtert tiden etter s\u00f8sterens d\u00f8dsfall. Foto: Andreas Fadum \/ Se og H\u00f8r\" alt=\"\" class=\"\" style=\"--aspect-ratio-image: 1.45; \"\/><\/p>\n<p>\n          ST\u00d8TTE: Tone Damli roser kj\u00e6resten Markus Foss for hvordan han har h\u00e5ndtert tiden etter s\u00f8sterens d\u00f8dsfall. Foto: Andreas Fadum \/ Se og H\u00f8r\n      <\/p>\n<p class=\"font-weight-bold m-font-weight-bold\" data-lab-font_weight=\"font-weight-bold\">&#8211;\u00a0Det koster jo \u00e5 dele. Samtidig tror jeg at for meg i en sorgprosess er det litt viktig. Jeg tror at ved \u00e5 dele s\u00e5 klarer jeg etter hvert ett skritt videre. S\u00e5 opptar det meg jo helt sinnssykt. Jeg tenker p\u00e5 det hver eneste time, forteller Damli.\u00a0<\/p>\n<p>Hun forteller til Kloppen hva hun har kjent p\u00e5 etter s\u00f8sterens bortgang. Hun sier at hun har kjent p\u00e5 mange forskjellige f\u00f8lelser. Sinne, utmattelse og forst\u00e5else.\u00a0<\/p>\n<p>        AKILLESH\u00c6L: \u00abHotellet\u00bb-deltakerene Emilie \u00abVoe\u00bb Nereng og ektemannen Mike Hansson forklarer hvorfor Emilies fjes er deres st\u00f8rste akillsh\u00e6l i programmet. Reportere: Thea Hope\/ Kine Falch. Video: TV 2\/ R\u00f8d L\u00f8per\/ Sanne Holt<\/p>\n<p>&#8211; Det har plaget meg at hun ikke har sett seg selv p\u00e5 samme m\u00e5te som vi har sett henne. Jeg f\u00f8ler at det har v\u00e6rt s\u00e5 bortkastet, at et s\u00e5 fantastisk menneske ikke skal klare mer. S\u00e5nn sett har jeg v\u00e6rt sint, men ellers har jeg kjent p\u00e5 mye forst\u00e5else og.\u00a0<\/p>\n<p><script async src=\"\/\/www.instagram.com\/embed.js\"><\/script><\/p>\n","protected":false},"excerpt":{"rendered":"Tone Damli:\u00a0 Tone Damli og Solveig Kloppen har begge opplevd tunge tap. N\u00e5 setter de ord p\u00e5 sorgen&hellip;\n","protected":false},"author":2,"featured_media":66168,"comment_status":"","ping_status":"","sticky":false,"template":"","format":"standard","meta":{"footnotes":""},"categories":[58],"tags":[71,479,2543,30,28,29,2982,6178,3579,72],"class_list":{"0":"post-66167","1":"post","2":"type-post","3":"status-publish","4":"format-standard","5":"has-post-thumbnail","7":"category-underholdning","8":"tag-entertainment","9":"tag-kjendis","10":"tag-kjendisdesken","11":"tag-no","12":"tag-norge","13":"tag-norway","14":"tag-solveig-kloppen","15":"tag-sorg","16":"tag-tone-damli","17":"tag-underholdning"},"share_on_mastodon":{"url":"","error":""},"_links":{"self":[{"href":"https:\/\/www.europesays.com\/no\/wp-json\/wp\/v2\/posts\/66167","targetHints":{"allow":["GET"]}}],"collection":[{"href":"https:\/\/www.europesays.com\/no\/wp-json\/wp\/v2\/posts"}],"about":[{"href":"https:\/\/www.europesays.com\/no\/wp-json\/wp\/v2\/types\/post"}],"author":[{"embeddable":true,"href":"https:\/\/www.europesays.com\/no\/wp-json\/wp\/v2\/users\/2"}],"replies":[{"embeddable":true,"href":"https:\/\/www.europesays.com\/no\/wp-json\/wp\/v2\/comments?post=66167"}],"version-history":[{"count":0,"href":"https:\/\/www.europesays.com\/no\/wp-json\/wp\/v2\/posts\/66167\/revisions"}],"wp:featuredmedia":[{"embeddable":true,"href":"https:\/\/www.europesays.com\/no\/wp-json\/wp\/v2\/media\/66168"}],"wp:attachment":[{"href":"https:\/\/www.europesays.com\/no\/wp-json\/wp\/v2\/media?parent=66167"}],"wp:term":[{"taxonomy":"category","embeddable":true,"href":"https:\/\/www.europesays.com\/no\/wp-json\/wp\/v2\/categories?post=66167"},{"taxonomy":"post_tag","embeddable":true,"href":"https:\/\/www.europesays.com\/no\/wp-json\/wp\/v2\/tags?post=66167"}],"curies":[{"name":"wp","href":"https:\/\/api.w.org\/{rel}","templated":true}]}}