{"id":66195,"date":"2025-10-21T12:06:07","date_gmt":"2025-10-21T12:06:07","guid":{"rendered":"https:\/\/www.europesays.com\/no\/66195\/"},"modified":"2025-10-21T12:06:07","modified_gmt":"2025-10-21T12:06:07","slug":"savnet-politiet-har-vaert-savnet-i-over-to-uker-politiet-ber-om-hjelp","status":"publish","type":"post","link":"https:\/\/www.europesays.com\/no\/66195\/","title":{"rendered":"Savnet, Politiet | Har v\u00e6rt savnet i over to uker \u2013 politiet ber om hjelp"},"content":{"rendered":"\n<p>Det er p\u00e5r\u00f8rende av kvinnen som har tatt kontakt med politiet.\u00a0<\/p>\n<p>Kvinnen er ikke \u00e5 finne ved hennes bolig i Rendalen.\u00a0<\/p>\n<p>Det er dr\u00f8ye to uker siden de hadde kontakt med den savnede.\u00a0<\/p>\n<p>Etter l\u00f8rdag 4. oktober har de ikke h\u00f8rt noe fra henne.\u00a0<\/p>\n<p>I dag s\u00f8ker politiet i omr\u00e5det og hverken kvinnen eller bilen hennes er funnet.\u00a0<\/p>\n<p>Politiet etterlyser tips om observasjoner av kvinnens bil.\u00a0<\/p>\n<p>Hun er i 80-\u00e5ra og kj\u00f8rer en bl\u00e5 Opel Mokka fra 2013.\u00a0<\/p>\n<p>Politiet \u00f8nsker at tips, om observasjoner av den nevnte bilen, rettes til dem p\u00e5 telefon 02800.\u00a0<\/p>\n<p>Det er ikke mistanke om at noe kriminelt har skjedd.\u00a0<\/p>\n<p>Til opplysning: Politiet korrigerte sine f\u00f8rste opplysninger om kvinnens alder. De gikk f\u00f8rst ut og opplyste at hun var i 70-\u00e5ra. Det korrekte er at hun er i 80-\u00e5ra. <\/p>\n","protected":false},"excerpt":{"rendered":"Det er p\u00e5r\u00f8rende av kvinnen som har tatt kontakt med politiet.\u00a0 Kvinnen er ikke \u00e5 finne ved hennes&hellip;\n","protected":false},"author":2,"featured_media":66196,"comment_status":"","ping_status":"","sticky":false,"template":"","format":"standard","meta":{"footnotes":""},"categories":[12],"tags":[36,20,21,24,25,15,22,23,13,30,28,29,14,16,468,48,1510,26,27,42,43,44,45],"class_list":{"0":"post-66195","1":"post","2":"type-post","3":"status-publish","4":"format-standard","5":"has-post-thumbnail","7":"category-verden","8":"tag-art","9":"tag-breaking-news","10":"tag-breakingnews","11":"tag-featured-news","12":"tag-featurednews","13":"tag-headlines","14":"tag-latest-news","15":"tag-latestnews","16":"tag-news","17":"tag-no","18":"tag-norge","19":"tag-norway","20":"tag-nyheter","21":"tag-overskrifter","22":"tag-politiet","23":"tag-savnet","24":"tag-story","25":"tag-top-stories","26":"tag-topstories","27":"tag-verden","28":"tag-world","29":"tag-world-news","30":"tag-worldnews"},"share_on_mastodon":{"url":"","error":""},"_links":{"self":[{"href":"https:\/\/www.europesays.com\/no\/wp-json\/wp\/v2\/posts\/66195","targetHints":{"allow":["GET"]}}],"collection":[{"href":"https:\/\/www.europesays.com\/no\/wp-json\/wp\/v2\/posts"}],"about":[{"href":"https:\/\/www.europesays.com\/no\/wp-json\/wp\/v2\/types\/post"}],"author":[{"embeddable":true,"href":"https:\/\/www.europesays.com\/no\/wp-json\/wp\/v2\/users\/2"}],"replies":[{"embeddable":true,"href":"https:\/\/www.europesays.com\/no\/wp-json\/wp\/v2\/comments?post=66195"}],"version-history":[{"count":0,"href":"https:\/\/www.europesays.com\/no\/wp-json\/wp\/v2\/posts\/66195\/revisions"}],"wp:featuredmedia":[{"embeddable":true,"href":"https:\/\/www.europesays.com\/no\/wp-json\/wp\/v2\/media\/66196"}],"wp:attachment":[{"href":"https:\/\/www.europesays.com\/no\/wp-json\/wp\/v2\/media?parent=66195"}],"wp:term":[{"taxonomy":"category","embeddable":true,"href":"https:\/\/www.europesays.com\/no\/wp-json\/wp\/v2\/categories?post=66195"},{"taxonomy":"post_tag","embeddable":true,"href":"https:\/\/www.europesays.com\/no\/wp-json\/wp\/v2\/tags?post=66195"}],"curies":[{"name":"wp","href":"https:\/\/api.w.org\/{rel}","templated":true}]}}