{"id":66206,"date":"2025-10-21T12:21:10","date_gmt":"2025-10-21T12:21:10","guid":{"rendered":"https:\/\/www.europesays.com\/no\/66206\/"},"modified":"2025-10-21T12:21:10","modified_gmt":"2025-10-21T12:21:10","slug":"den-etterlyste-nordmannen-siktet-for-drobak-bomben-og-drapsforbund-pa-bastoy","status":"publish","type":"post","link":"https:\/\/www.europesays.com\/no\/66206\/","title":{"rendered":"Den etterlyste nordmannen siktet for Dr\u00f8bak-bomben og drapsforbund p\u00e5 Bast\u00f8y"},"content":{"rendered":"\n<p class=\"_lead_o9xde_2 _lead_xtcu6_50 layout-component text-serif-m layout-normal text-serif-l layout-component layout-wide layout-padded _wide_17hqh_1 layout-padded\">I sommer ble den etterlyste nordmannen (34) p\u00e5grepet og fengslet i Tyrkia. N\u00e5 er han siktet for bomben i Dr\u00f8bak og et drapsforbund p\u00e5 Bast\u00f8y.<\/p>\n<p><img alt=\"RAZZIA: Her stormer tyrkiske politistyrker inn i en leilighet fredag morgen. Foto: Politiet \/ Tyrkisk politi\" class=\"_image_qp4xg_65 layout-component layout-wide\" data-fullscreen- data-track-element-type=\"Article image fullscreen\" data-track-name=\"ImageFullscreen\" fetchpriority=\"high\" decoding=\"sync\" loading=\"eager\" height=\"608\" itemprop=\"image\"  src=\"https:\/\/www.europesays.com\/no\/wp-content\/uploads\/2025\/10\/4d239a57-5a12-4f70-bfe6-67de7bd0a595\"  style=\"object-position:39.26919518963922% 48.19078947368421%\" width=\"1081\"\/>RAZZIA: Her stormer tyrkiske politistyrker inn i en leilighet fredag morgen. Foto: Politiet \/ Tyrkisk politi Oppdatert tirsdag 21. oktober kl. 14:15    <\/p>\n<ul class=\"_list_o9xde_3 _list_64s2r_85 _unordered_o9xde_106 text-sans-m\">\n<li class=\"_item_o9xde_30\">Etterlyst nordmann (34) er siktet for bomben i Dr\u00f8bak, drapsforbund p\u00e5 Bast\u00f8y og grov narkokriminalitet.<\/li>\n<li class=\"_item_o9xde_30\">Han ble p\u00e5grepet i Tyrkia i sommer, der politiet beslagla verdier for 380 millioner kroner.<\/li>\n<li class=\"_item_o9xde_30\">Kripos knytter ham til et nettverk med alvorlig vold og omfattende narkotikainnf\u00f8rsler, der anbud p\u00e5 voldsoppdrag legges ut digitalt.<\/li>\n<\/ul>\n<p>Vis mer <\/p>\n<p class=\"_paragraph_o9xde_4 _paragraph_xtcu6_10 layout-component text-serif-m layout-normal text-serif-m layout-padded\">Det bekrefter politiadvokat John Ivar Johansen i Kripos til VG.<\/p>\n<p class=\"_paragraph_o9xde_4 _paragraph_xtcu6_10 layout-component text-serif-m layout-normal text-serif-m layout-padded\">\u2013 Vi har sett p\u00e5 nettverket hans siden september i fjor. Vi mener at han kan knyttes til to typer kriminalitet: Grov narkotikakriminalitet og voldskriminalitet, sier Johansen.<\/p>\n<p class=\"_paragraph_o9xde_4 _paragraph_xtcu6_10 layout-component text-serif-m layout-normal text-serif-m layout-padded\">Nylig ble den etterlyste nordmannen siktet i flere nye straffesaker i flere politidistrikter, deriblant:<\/p>\n<p class=\"_paragraph_o9xde_4 _paragraph_xtcu6_10 layout-component text-serif-m layout-normal text-serif-m layout-padded\"><strong class=\"_strong_o9xde_25\">Dr\u00f8bak-bomben: <\/strong>H\u00f8sten 2023 gikk det av en bombe utenfor et <a href=\"https:\/\/www.vg.no\/spesial\/2024\/bomba\/\" class=\"_link_o9xde_39\" rel=\"nofollow noopener\" target=\"_blank\">bolighus i Dr\u00f8bak<\/a>. Flere personer l\u00e5 inne og sov i huset da bomben gikk av. <\/p>\n<p class=\"_paragraph_o9xde_4 _paragraph_xtcu6_10 layout-component text-serif-m layout-normal text-serif-m layout-padded\"><strong class=\"_strong_o9xde_25\">Drapsforbund p\u00e5 Bast\u00f8y: <\/strong>I fjor h\u00f8st avdekket politiet drapsplaner mot en mann som sonet i Bast\u00f8y fengsel. Politiet mener at en svensk 16-\u00e5ring hadde tatt p\u00e5 seg et oppdrag om \u00e5 ta livet av den insatte mannen.<\/p>\n<p class=\"_paragraph_o9xde_4 _paragraph_xtcu6_10 layout-component text-serif-m layout-normal text-serif-m layout-padded\">Kripos har ogs\u00e5 tatt ut siktelse mot 34-\u00e5ringen i en grov narkotikasak som skal opp for retten i november. If\u00f8lge Kripos er han ogs\u00e5 siktet for flere forhold i \u00d8st politidistrikt utover Dr\u00f8bak-bomben.<\/p>\n<p class=\"_paragraph_o9xde_4 _paragraph_xtcu6_10 layout-component text-serif-m layout-normal text-serif-m layout-padded\">VG har fors\u00f8kt \u00e5 komme i kontakt med den etterlyste nordmannens forsvarer, advokat \u00d8yvind Bratlien. Han har ikke besvart VGs henvendelser.<\/p>\n<p><img decoding=\"async\" alt=\"Bilde av \u00d8yvind Bratlien\" class=\"_image_ygndg_42\" height=\"27\" itemprop=\"image\" loading=\"lazy\"  src=\"https:\/\/www.europesays.com\/no\/wp-content\/uploads\/2025\/10\/53799eca-77d1-4c38-a57b-82b825059edc\"  width=\"40\"\/><strong class=\"_name_ygndg_51 title-serif-xs\">\u00d8yvind Bratlien<\/strong><\/p>\n<p class=\"_paragraph_o9xde_4 text-sans-m _description_ygndg_56\">Forsvarer for etterlyst nordmann (34)<\/p>\n<p>\u2013 Koordinerende rolle<\/p>\n<p class=\"_paragraph_o9xde_4 _paragraph_xtcu6_10 layout-component text-serif-m layout-normal text-serif-m layout-padded\">I en omfattende politiaksjon i Tyrkia i sommer ble den utpekte gjenglederen (34) fra Norge p\u00e5grepet. I tillegg tok tyrkisk politi beslag i verdier for 380 millioner kroner.<\/p>\n<p class=\"_paragraph_o9xde_4 _paragraph_xtcu6_10 layout-component text-serif-m layout-normal text-serif-m layout-padded\">Den 34 \u00e5r gamle nordmannen har v\u00e6rt <a href=\"https:\/\/www.vg.no\/nyheter\/i\/7lG7zo\/hasjtiltalt-young-bloods-aktoer-moeter-ikke-opp-i-retten\" data-track-element-type=\"Link\" data-track-id=\"link:7lG7zo\" class=\"_link_o9xde_39\" rel=\"nofollow noopener\" target=\"_blank\">etterlyst av norsk politi siden 2018<\/a> i forbindelse med en narkotikasak som involverte 250 kilo hasj. Han var sist folkeregistrert p\u00e5 en adresse i Nordre Follo kommune, f\u00f8r han ble registrert som utvandret.<\/p>\n<p class=\"_paragraph_o9xde_4 _paragraph_xtcu6_10 layout-component text-serif-m layout-normal text-serif-m layout-padded\">Den 34-\u00e5rige Follo-mannen ble p\u00e5grepet i en leilighet i Istanbul.<\/p>\n<p><img alt=\"BILTUR I NORGE: Mens politiet fors\u00f8kte \u00e5 f\u00e5 tak i ham i 2018, kj\u00f8rte den etterlyste 34-\u00e5ringen rundt i bil sammen med sentrale gjengkriminelle.   Foto: Privat\" class=\"_image_qp4xg_65 layout-component layout-normal\" data-fullscreen- data-track-element-type=\"Article image fullscreen\" data-track-name=\"ImageFullscreen\" decoding=\"async\" loading=\"lazy\" height=\"320\" itemprop=\"image\"  src=\"https:\/\/www.europesays.com\/no\/wp-content\/uploads\/2025\/10\/88c2b640-51d9-47ff-9c02-0b4621da1d94\"  style=\"object-position:41.07142857142857% 49.0625%\" width=\"560\"\/>BILTUR I NORGE: Mens politiet fors\u00f8kte \u00e5 f\u00e5 tak i ham i 2018, kj\u00f8rte den etterlyste 34-\u00e5ringen rundt i bil sammen med sentrale gjengkriminelle.   Foto: Privat<\/p>\n<p class=\"_paragraph_o9xde_4 _paragraph_xtcu6_10 layout-component text-serif-m layout-normal text-serif-m layout-padded\">I leiligheten ble ogs\u00e5 34-\u00e5ringens bror og fetter p\u00e5grepet og varetektsfengslet. If\u00f8lge Kripos vil de mest sannsynligvis gj\u00f8re det frem mot hovedforhandling.<\/p>\n<p class=\"_paragraph_o9xde_4 _paragraph_xtcu6_10 layout-component text-serif-m layout-normal text-serif-m layout-padded\">Fetteren er etterlyst av norsk politi for innf\u00f8rsel av narkotika, opplyser John Ivar Johansen i Kripos til VG.<\/p>\n<p><img decoding=\"async\" alt=\"Bilde av John Ivar Johansen\" class=\"_image_ygndg_42\" height=\"27\" itemprop=\"image\" loading=\"lazy\"  src=\"https:\/\/www.europesays.com\/no\/wp-content\/uploads\/2025\/10\/2c192a4d-a711-403d-b085-fea2e4164882\"  width=\"40\"\/><strong class=\"_name_ygndg_51 title-serif-xs\">John Ivar Johansen<\/strong><\/p>\n<p class=\"_paragraph_o9xde_4 text-sans-m _description_ygndg_56\">Politiadvokat i Kripos<\/p>\n<p class=\"_paragraph_o9xde_4 _paragraph_xtcu6_10 layout-component text-serif-m layout-normal text-serif-m layout-padded\">Kripos mener at b\u00e5de 34 \u00e5r gamle nordmannen og fetteren har sentralte roller i et nettverk som st\u00e5r bak omfattende kokaininnf\u00f8rsler til hele Norge.<\/p>\n<p class=\"_paragraph_o9xde_4 _paragraph_xtcu6_10 layout-component text-serif-m layout-normal text-serif-m layout-padded\">\u2013 De sitter i utlandet og har en koordinerende rolle, ned til de minste detaljer. Dette har vi sett gjennom andre straffesaker der vi har f\u00e5tt tilgang p\u00e5 kommunikasjon p\u00e5 krypterte chatter som Signal, sier politiadvokaten.<\/p>\n<p class=\"_paragraph_o9xde_4 _paragraph_xtcu6_10 layout-component text-serif-m layout-normal text-serif-m layout-padded\">Han p\u00e5peker at Kripos har hatt tett samarbeid med flere politidistrikter. Totalt er underkant av 30 personer de mener er tilknyttet nettverket p\u00e5grepet fra starten av desember til n\u00e5.<\/p>\n<p class=\"_paragraph_o9xde_4 _paragraph_xtcu6_10 layout-component text-serif-m layout-normal text-serif-m layout-padded\">Siden 34-\u00e5ringen ogs\u00e5 har tyrkisk statsborgerskap, er sannsynligheten sv\u00e6rt liten for at han blir utlevert til Norge ettersom Tyrkia ikke utleverer egne borgere.<\/p>\n<p class=\"_paragraph_o9xde_4 _paragraph_xtcu6_10 layout-component text-serif-m layout-normal text-serif-m layout-padded\">\u2013 Hvor viktig har p\u00e5gripelsen v\u00e6rt?<\/p>\n<p class=\"_paragraph_o9xde_4 _paragraph_xtcu6_10 layout-component text-serif-m layout-normal text-serif-m layout-padded\">\u2013 Det har v\u00e6rt veldig viktig, og det gir en god signaleffekt overfor andre som vurderer \u00e5 r\u00f8mme landet for \u00e5 pr\u00f8ve \u00e5 styre businessen sin derfra, sier Johansen.<\/p>\n<p class=\"_paragraph_o9xde_4 _paragraph_xtcu6_10 layout-component text-serif-m layout-normal text-serif-m layout-padded\">Han opplyser at Kripos har ukentlig kontakt med tyrkiske myndigheter om saken via en nordisk sambandsmann i Tyrkia.<\/p>\n<p>\u2013 Ganske stor spiller<\/p>\n<p class=\"_paragraph_o9xde_4 _paragraph_xtcu6_10 layout-component text-serif-m layout-normal text-serif-m layout-padded\">I sommer slo tyrkisk politi til mot tre kriminelle nettverk og p\u00e5grep 20 personer, if\u00f8lge tyrkiske myndigheter. Den norske 34-\u00e5ringen utpekes som leder av \u00e9n av disse nettverkene.<\/p>\n<p class=\"_paragraph_o9xde_4 _paragraph_xtcu6_10 layout-component text-serif-m layout-normal text-serif-m layout-padded\">\u2013 Jeg oppfatter ham som en ganske stor spiller, og det er bra at vi lykkes gjennom samarbeidsmodellen der Kripos har v\u00e6rt en viktig bidragsyter, sier statsadvokat Geir Evanger ved Det nasjonale statsadvokatembetet til VG.<\/p>\n<p><img decoding=\"async\" alt=\"Bilde av Geir Evanger\" class=\"_image_ygndg_42\" height=\"27\" itemprop=\"image\" loading=\"lazy\"  src=\"https:\/\/www.europesays.com\/no\/wp-content\/uploads\/2025\/10\/5241ed4e-6d36-41c0-94e1-649bef7d7813\"  width=\"40\"\/><strong class=\"_name_ygndg_51 title-serif-xs\">Geir Evanger<\/strong><\/p>\n<p class=\"_paragraph_o9xde_4 text-sans-m _description_ygndg_56\">Statsadvokat<\/p>\n<p class=\"_paragraph_o9xde_4 _paragraph_xtcu6_10 layout-component text-serif-m layout-normal text-serif-m layout-padded\">Den beryktede svenske gjenglederen <a href=\"https:\/\/www.vg.no\/nyheter\/i\/AvaAgr\/svt-etterlyst-gjengleder-paagrepet-i-tyrkia\" data-track-element-type=\"Link\" data-track-id=\"link:AvaAgr\" class=\"_link_o9xde_39\" rel=\"nofollow noopener\" target=\"_blank\">Ismail \u00abJordgubben\u00bb Abdo<\/a> \u2013 som er etterlyst av norske myndigheter etter et <a href=\"https:\/\/www.vg.no\/nyheter\/i\/OorxB3\/etterlyser-person-internasjonalt-etter-skyting-i-moss-i-fjor\" data-track-element-type=\"Link\" data-track-id=\"link:OorxB3\" class=\"_link_o9xde_39\" rel=\"nofollow noopener\" target=\"_blank\">drapsfors\u00f8k i Moss<\/a> \u2013 ble ogs\u00e5 p\u00e5grepet.<\/p>\n<p class=\"_paragraph_o9xde_4 _paragraph_xtcu6_10 layout-component text-serif-m layout-normal text-serif-m layout-padded\">Nettverket knyttes til flere alvorlige voldsepisoder, og Kripos mener at det er avdekket at nettverket bruker digitale plattformer for \u00e5 legge ut anbud p\u00e5 voldsoppdrag.<\/p>\n<p><img alt=\"P\u00c5GREPET: Ismail \u00abJordgubben\u00bb Abdo ble ogs\u00e5 p\u00e5grepet fredag morgen. Han er etterlyst for et drapsfors\u00f8k i Moss og en rekke alvorlige voldssaker i Sverige.   Foto: Politiet\" class=\"_image_qp4xg_65 layout-component layout-normal\" data-fullscreen- data-track-element-type=\"Article image fullscreen\" data-track-name=\"ImageFullscreen\" decoding=\"async\" loading=\"lazy\" height=\"477\" itemprop=\"image\"  src=\"https:\/\/www.europesays.com\/no\/wp-content\/uploads\/2025\/10\/bc3bb0c9-5dd1-445b-85f4-0d03886e50ee\"  style=\"object-position:49.5260663507109% 53.878406708595385%\" width=\"422\"\/>P\u00c5GREPET: Ismail \u00abJordgubben\u00bb Abdo ble ogs\u00e5 p\u00e5grepet fredag morgen. Han er etterlyst for et drapsfors\u00f8k i Moss og en rekke alvorlige voldssaker i Sverige.   Foto: Politiet    <\/p>\n","protected":false},"excerpt":{"rendered":"I sommer ble den etterlyste nordmannen (34) p\u00e5grepet og fengslet i Tyrkia. N\u00e5 er han siktet for bomben&hellip;\n","protected":false},"author":2,"featured_media":66207,"comment_status":"","ping_status":"","sticky":false,"template":"","format":"standard","meta":{"footnotes":""},"categories":[10],"tags":[20,21,24,25,15,148,22,23,13,30,28,29,14,16,26,27],"class_list":{"0":"post-66206","1":"post","2":"type-post","3":"status-publish","4":"format-standard","5":"has-post-thumbnail","7":"category-norge","8":"tag-breaking-news","9":"tag-breakingnews","10":"tag-featured-news","11":"tag-featurednews","12":"tag-headlines","13":"tag-kriminalitet","14":"tag-latest-news","15":"tag-latestnews","16":"tag-news","17":"tag-no","18":"tag-norge","19":"tag-norway","20":"tag-nyheter","21":"tag-overskrifter","22":"tag-top-stories","23":"tag-topstories"},"share_on_mastodon":{"url":"","error":""},"_links":{"self":[{"href":"https:\/\/www.europesays.com\/no\/wp-json\/wp\/v2\/posts\/66206","targetHints":{"allow":["GET"]}}],"collection":[{"href":"https:\/\/www.europesays.com\/no\/wp-json\/wp\/v2\/posts"}],"about":[{"href":"https:\/\/www.europesays.com\/no\/wp-json\/wp\/v2\/types\/post"}],"author":[{"embeddable":true,"href":"https:\/\/www.europesays.com\/no\/wp-json\/wp\/v2\/users\/2"}],"replies":[{"embeddable":true,"href":"https:\/\/www.europesays.com\/no\/wp-json\/wp\/v2\/comments?post=66206"}],"version-history":[{"count":0,"href":"https:\/\/www.europesays.com\/no\/wp-json\/wp\/v2\/posts\/66206\/revisions"}],"wp:featuredmedia":[{"embeddable":true,"href":"https:\/\/www.europesays.com\/no\/wp-json\/wp\/v2\/media\/66207"}],"wp:attachment":[{"href":"https:\/\/www.europesays.com\/no\/wp-json\/wp\/v2\/media?parent=66206"}],"wp:term":[{"taxonomy":"category","embeddable":true,"href":"https:\/\/www.europesays.com\/no\/wp-json\/wp\/v2\/categories?post=66206"},{"taxonomy":"post_tag","embeddable":true,"href":"https:\/\/www.europesays.com\/no\/wp-json\/wp\/v2\/tags?post=66206"}],"curies":[{"name":"wp","href":"https:\/\/api.w.org\/{rel}","templated":true}]}}