{"id":66216,"date":"2025-10-21T12:41:15","date_gmt":"2025-10-21T12:41:15","guid":{"rendered":"https:\/\/www.europesays.com\/no\/66216\/"},"modified":"2025-10-21T12:41:15","modified_gmt":"2025-10-21T12:41:15","slug":"lonnssjokket-hundrevis-rammet","status":"publish","type":"post","link":"https:\/\/www.europesays.com\/no\/66216\/","title":{"rendered":"L\u00f8nnssjokket: Hundrevis rammet"},"content":{"rendered":"<p class=\"kicker \" style=\"\">Oslo universitetssykehus:\u00a0<\/p>\n<p>  En feil har f\u00f8rt til at mange sykepleiere har f\u00e5tt feil l\u00f8nn i flere \u00e5r. N\u00e5 krever tillitsvalgte at sykehuset blar opp.\u00a0<\/p>\n<p>\n    MANGE RAMMET: L\u00f8nnsfeilen p\u00e5 Oslo viser seg \u00e5 v\u00e6re langt st\u00f8rre enn f\u00f8rst antatt. Foto: Frank Karlsen \/ Dagbladet\n  <\/p>\n<p class=\"font-weight-bold m-font-weight-bold\" data-lab-font_weight=\"font-weight-bold\">&#8211; Dette gjelder mange. Vi er veldig bekymret.\u00a0<\/p>\n<p>Det sier Therese Heggedal, foretakstillitsvalgt for Norsk sykepleierforbund (NSF) ved Oslo universitetssykehus (OUS), til Dagbladet.\u00a0<\/p>\n<p>Dagbladet omtalte tidligere i oktober at nevrokirurgisk avdeling ved Rikshospitalet OUS hadde blitt <a href=\"https:\/\/borsen.dagbladet.no\/nyheter\/lonnssjokk-far-bare-halvparten\/83689270\" target=\"_blank\" rel=\"nofollow noopener\">rammet av en feil i vaktsystemet<\/a> Gat. N\u00e5 mener NSF \u00e5 ha avdekket at feilen er mye mer omfattende enn f\u00f8rst antatt, og har rammet minst 20 seksjoner.\u00a0<\/p>\n<p>Feilen strekker seg \u00e5tte \u00e5r tilbake i tid, og har f\u00f8rt til at sykepleiere som har jobbet s\u00e5kalte langvakter p\u00e5 dagtid i helgene, ikke har f\u00e5tt et l\u00f8nnstillegg de har krav p\u00e5.\u00a0<\/p>\n<p>    <a itemprop=\"url\" href=\"https:\/\/www.dagbladet.no\/meninger\/styrtrik-pa-offentlige-kroner\/83492324\" rel=\"nofollow noopener\" target=\"_blank\"><\/p>\n<p>      <img loading=\"lazy\" decoding=\"async\" src=\"https:\/\/www.europesays.com\/no\/wp-content\/uploads\/2025\/10\/1761050472_940_83492364.webp\" width=\"980\" height=\"441\" title=\"Styrtrik p\u00e5 offentlige kroner\" alt=\"\" class=\"lazyload\" style=\"--aspect-ratio-image: 2.22; \"\/><\/p>\n<p>        Styrtrik p\u00e5 offentlige kroner<\/p>\n<p>    <\/a><\/p>\n<p>F\u00e5r bare for tre \u00e5r\t<\/p>\n<p>Vakttillegget utgj\u00f8r cirka 40 prosent ekstra per time, og varierer noe, men det er snakk om rundt 115 kroner per time for tidsrommet 17-20. Alts\u00e5 rundt 345 kroner per langvakt i helga.\u00a0<\/p>\n<p>Jobber man langvakt b\u00e5de l\u00f8rdag og s\u00f8ndag, utgj\u00f8r tillegget n\u00e6rmere 700 kroner.\u00a0<\/p>\n<p>I en melding som gikk ut til de ansatte, beklaget sykehuset feilen, og sa at feilen vil bli tilbakebetalt p\u00e5 novemberl\u00f8nnen.\u00a0<\/p>\n<p> Sykepleierne f\u00e5r imidlertid bare tilbakebetalt for tre \u00e5r, som er OUS&#8217; praksis i slike saker. <\/p>\n<p>    <a itemprop=\"url\" href=\"https:\/\/www.dagbladet.no\/meninger\/ikke-sett-en-eneste-direktor\/83710199\" rel=\"nofollow noopener\" target=\"_blank\"><\/p>\n<p>      <img loading=\"lazy\" decoding=\"async\" src=\"https:\/\/www.europesays.com\/no\/wp-content\/uploads\/2025\/10\/1761050474_8_83710211.webp\" width=\"980\" height=\"441\" title=\"- Ikke sett \u00e9n eneste direkt\u00f8r\" alt=\"\" class=\"lazyload\" style=\"--aspect-ratio-image: 2.22; \"\/><\/p>\n<p>        &#8211; Ikke sett \u00e9n eneste direkt\u00f8r<\/p>\n<p>    <\/a><\/p>\n<p>20 seksjoner\t<\/p>\n<p>Etter at feilen ble oppdaget, har de tillitsvalgte jobbet seg gjennom avdelingene for \u00e5 se om det er flere som er rammet av feilen.\u00a0<\/p>\n<p>&#8211; Dette viser seg \u00e5 v\u00e6re en feil som g\u00e5r igjen. Det er snakk om et tosifret antall avdelinger, og mange, mange ansatte, sier Heggedal.\u00a0<\/p>\n<p>        <img loading=\"lazy\" decoding=\"async\" itemprop=\"image\" src=\"https:\/\/www.europesays.com\/no\/wp-content\/uploads\/2025\/10\/83749490.webp\" width=\"180\" height=\"180\" alt=\"Therese Heggedal\"\/><\/p>\n<p>            Therese Heggedal<br \/>\n            Therese<br \/>\n            Heggedal        <\/p>\n<p>Foretakstillitsvalgt for Norges sykepleierforbund ved Oslo universitetssykehus<\/p>\n<p class=\"font-weight-bold m-font-weight-bold\" data-lab-font_weight=\"font-weight-bold\">If\u00f8lge Heggedal er det avdekket feil hos minst 20 seksjoner. Det kan v\u00e6re avdelinger hvor feilen strekker seg lenger tilbake enn \u00e5tte \u00e5r, sier hun.\u00a0<\/p>\n<p data-lab-font_weight=\"\">Feilen har rammet ansatte p\u00e5 b\u00e5de Rikshospitalet, Ullev\u00e5l og Radiumhospitalet.\u00a0<\/p>\n<p>Har sendt krav\t<\/p>\n<p>P\u00e5 vegne av sine medlemmer, har NSF n\u00e5 sendt et krav til OUS, hvor de ber om at den manglende l\u00f8nnen utbetales i sin helhet &#8211; alts\u00e5 for alle \u00e5r hvor feilen l\u00e5 inne i systemet.\u00a0<\/p>\n<p>&#8211; Jeg tror at feilen har oppst\u00e5tt av ren og skj\u00e6r uflaks, og jeg tror ikke at noen aktivt har \u00f8nsket at dette skulle skje. Men n\u00e5r feilen n\u00e5 er avdekket, vil vi at OUS utbetaler alt de skylder, sier Heggedal og legger til:\u00a0<\/p>\n<p>&#8211; Dette er ikke deres penger, det er de ansattes penger. De kan ikke skylde p\u00e5 at dette blir en stor utgift, for det er penger OUS aldri skulle hatt i utgangspunktet.\u00a0\u00a0<\/p>\n<p class=\"font-weight-bold m-font-weight-bold\" data-lab-font_weight=\"font-weight-bold\">Dagbladet har v\u00e6rt i kontakt med Oslo universitetssykehus ang\u00e5ende saken.\u00a0<\/p>\n<p class=\"font-weight-bold m-font-weight-bold\" data-lab-font_weight=\"font-weight-bold\">&#8211;\u00a0 Henvendelsen fra NSF er mottatt, men er ikke ferdig vurdert fra arbeidsgivers side enda, skriver kommunikasjonsdirekt\u00f8r B\u00f8rge Einrem i en SMS.<\/p>\n<p>    Har du et tips til meg?<\/p>\n<p>Har du et tips i denne saken, eller en annen sak du mener vi b\u00f8r dekke?\u00a0 <a href=\"https:\/\/borsen.dagbladet.no\/nyheter\/lonnssjokket-hundrevis-rammet\/mailto:marthe.lien@db.no\" class=\"button-link-inline\" rel=\"nofollow noopener\" target=\"_blank\">Send meg en mail<\/a> <a href=\"https:\/\/www.dagbladet.no\/securedrop\/\" class=\"button-link-inline\" rel=\"nofollow noopener\" target=\"_blank\">Kryptert tips<\/a><\/p>\n<p>      Vis mer<br \/>\n      Vis mindre<\/p>\n<p>Vanskelig \u00e5 oppdage\t<\/p>\n<p>Dersom sykehuset velger \u00e5 forholde seg til tidligere praksis, og bare tilbakebetale det manglende vakttillegget for inntil tre \u00e5r, er Heggedals mening klar:\u00a0<\/p>\n<p>&#8211; Dette er en feil som de ansatte ikke kunne oppdage. De har ikke tilgang p\u00e5 den delen av Gat-systemet som viser at det var en feil.\u00a0<\/p>\n<p>    <a itemprop=\"url\" href=\"https:\/\/www.seher.no\/kjendis\/ikke-betalt-pa-22-ar\/83749458\" rel=\"nofollow noopener\" target=\"_blank\"><\/p>\n<p>      <img loading=\"lazy\" decoding=\"async\" src=\"https:\/\/www.europesays.com\/no\/wp-content\/uploads\/2025\/10\/83749353.webp\" width=\"980\" height=\"441\" title=\"Ikke betalt p\u00e5 22 \u00e5r\" alt=\"\" class=\"lazyload\" style=\"--aspect-ratio-image: 2.22; \"\/><\/p>\n<p>        Ikke betalt p\u00e5 22 \u00e5r<\/p>\n<p>    <\/a><\/p>\n<p>P\u00e5 enkelte avdelinger, er tillegget oppf\u00f8rt riktig, og de ansatte har f\u00e5tt det de har krav p\u00e5.\u00a0<\/p>\n<p>&#8211; Men n\u00e5r de som jobber med \u00e5 sette opp turnusen ikke klarer \u00e5 se at dette ble feil, s\u00e5 blir det helt urimelig \u00e5 tenke at den enkelte ansatte skal kunne etterg\u00e5 det, mener Heggedal.\u00a0<\/p>\n","protected":false},"excerpt":{"rendered":"Oslo universitetssykehus:\u00a0 En feil har f\u00f8rt til at mange sykepleiere har f\u00e5tt feil l\u00f8nn i flere \u00e5r. N\u00e5&hellip;\n","protected":false},"author":2,"featured_media":66217,"comment_status":"","ping_status":"","sticky":false,"template":"","format":"standard","meta":{"footnotes":""},"categories":[10],"tags":[20,21,24,25,15,2539,22,23,4577,13,30,28,9484,29,14,2803,16,26,27],"class_list":{"0":"post-66216","1":"post","2":"type-post","3":"status-publish","4":"format-standard","5":"has-post-thumbnail","7":"category-norge","8":"tag-breaking-news","9":"tag-breakingnews","10":"tag-featured-news","11":"tag-featurednews","12":"tag-headlines","13":"tag-innenriks","14":"tag-latest-news","15":"tag-latestnews","16":"tag-lonn","17":"tag-news","18":"tag-no","19":"tag-norge","20":"tag-norsk-sykepleierforbund","21":"tag-norway","22":"tag-nyheter","23":"tag-oslo-universitetssykehus","24":"tag-overskrifter","25":"tag-top-stories","26":"tag-topstories"},"share_on_mastodon":{"url":"","error":""},"_links":{"self":[{"href":"https:\/\/www.europesays.com\/no\/wp-json\/wp\/v2\/posts\/66216","targetHints":{"allow":["GET"]}}],"collection":[{"href":"https:\/\/www.europesays.com\/no\/wp-json\/wp\/v2\/posts"}],"about":[{"href":"https:\/\/www.europesays.com\/no\/wp-json\/wp\/v2\/types\/post"}],"author":[{"embeddable":true,"href":"https:\/\/www.europesays.com\/no\/wp-json\/wp\/v2\/users\/2"}],"replies":[{"embeddable":true,"href":"https:\/\/www.europesays.com\/no\/wp-json\/wp\/v2\/comments?post=66216"}],"version-history":[{"count":0,"href":"https:\/\/www.europesays.com\/no\/wp-json\/wp\/v2\/posts\/66216\/revisions"}],"wp:featuredmedia":[{"embeddable":true,"href":"https:\/\/www.europesays.com\/no\/wp-json\/wp\/v2\/media\/66217"}],"wp:attachment":[{"href":"https:\/\/www.europesays.com\/no\/wp-json\/wp\/v2\/media?parent=66216"}],"wp:term":[{"taxonomy":"category","embeddable":true,"href":"https:\/\/www.europesays.com\/no\/wp-json\/wp\/v2\/categories?post=66216"},{"taxonomy":"post_tag","embeddable":true,"href":"https:\/\/www.europesays.com\/no\/wp-json\/wp\/v2\/tags?post=66216"}],"curies":[{"name":"wp","href":"https:\/\/api.w.org\/{rel}","templated":true}]}}