{"id":6622,"date":"2025-08-13T07:35:17","date_gmt":"2025-08-13T07:35:17","guid":{"rendered":"https:\/\/www.europesays.com\/no\/6622\/"},"modified":"2025-08-13T07:35:17","modified_gmt":"2025-08-13T07:35:17","slug":"mosjoen-vefsn-bibliotek-na-er-den-helt-spesielle-boka-til-randolf-92-levert-pa-biblioteket-kommer-til-a-bli-godt-lest","status":"publish","type":"post","link":"https:\/\/www.europesays.com\/no\/6622\/","title":{"rendered":"Mosj\u00f8en, Vefsn bibliotek | N\u00e5 er den helt spesielle boka til Randolf (92) levert p\u00e5 biblioteket: \u2013 Kommer til \u00e5 bli godt lest"},"content":{"rendered":"\n<p>Det er ei minnebok om kona Kari Moe Brattlie som d\u00f8de for to og et halvt \u00e5r siden<\/p>\n<p>\u2013 Det er ei familiebok, men jeg tror mange som kjenner oss og som kjente Kari kan v\u00e6re interessert i \u00e5 lese den, sier Randolf som tirsdag m\u00f8tte opp p\u00e5 biblioteket i Mosj\u00f8en og overleverte to eksemplar.<\/p>\n<p>Randolf Brattlie var rektor p\u00e5 Vefsn Yrkesskole, og senere Vefsn videreg\u00e5ende skole, fra 1969 til 1994, og Kari Moe Brattlie var l\u00e6rer p\u00e5 Mosj\u00f8en skole i samme periode. Randolf har ogs\u00e5 v\u00e6rt i kommunestyret og formannskapet som representant for H\u00f8yre.<\/p>\n<p>Han har hatt 6-7 artikler p\u00e5 trykk i \u00abFar etter fedrane\u00bb, ei \u00e5rbok for Vefsn, Grane og Hattfjelldal.<\/p>\n<p>\u2013 Jeg tenkte p\u00e5 biblioteket etter at jeg skrev ferdig boka, og n\u00e5 er jeg veldig glad for at de har vist interesse, sier han.<\/p>\n<p>Ingunn Aasland, bibliotekar ved biblioteket i Mosj\u00f8en, takket pent for b\u00f8kene.<\/p>\n<p>\u2013 Vi har en hylle med lokalt stoff, og alt lokalt stoff er interessant for oss. Jeg tror nok denne boka blir lest, s\u00e5 tusen takk for at du tenkte p\u00e5 oss, sier hun.<\/p>\n<p>Randolf har brukt Reklamekameratene i Mosj\u00f8en, og de trykket opp boka i 107 eksemplarer. Han har fordelt den til slekt og venner.<\/p>\n<p>\u2013 Familie og venner har f\u00e5tt den, og de har satt pris p\u00e5 den. Kari hadde mange s\u00f8sken og ei stor slekt, s\u00e5 jeg har ikke mange eksemplarer igjen, sier han.<\/p>\n<p>Bibliotekar Ingunn Aasland minner Randolf p\u00e5 at han m\u00e5 sende et eksemplar til Nasjonalbiblioteket.<\/p>\n<p>\u2013 Du m\u00e5 levere et eksemplar til Nasjonalbiblioteket. De vil ha alt som trykkes i Norge, sier hun.<\/p>\n<p>  <a href=\"https:\/\/www.helg.no\/5-24-1082864\" class=\"related-teaser has-image default-feature-teaser article--c-eRUmMG article--c-eRUmMG-jKCPdD-design-default\" rel=\"nofollow noopener\" target=\"_blank\"><\/p>\n<p>    <img decoding=\"async\" loading=\"lazy\"  src=\"https:\/\/www.europesays.com\/no\/wp-content\/uploads\/2025\/08\/Randolf+Brattlie+92+%C3%A5r+har+skrevet+minnebok+om+kona+Kari+1.jpg\" alt=\"\" class=\"brick-c-cFOWSL\" style=\"\"\/><\/p>\n<p>\n            Les ogs\u00e5<\/p>\n<p>              Skrev minnebok etter 62 \u00e5rs ekteskap: \u2013 Vi delte alt, og vokste sammen som ektepar\n        <\/p>\n<p>  <\/a><\/p>\n","protected":false},"excerpt":{"rendered":"Det er ei minnebok om kona Kari Moe Brattlie som d\u00f8de for to og et halvt \u00e5r siden&hellip;\n","protected":false},"author":2,"featured_media":6623,"comment_status":"","ping_status":"","sticky":false,"template":"","format":"standard","meta":{"footnotes":""},"categories":[10],"tags":[36,20,21,24,25,15,22,23,1068,1498,1499,13,30,28,29,14,16,26,27,1497],"class_list":{"0":"post-6622","1":"post","2":"type-post","3":"status-publish","4":"format-standard","5":"has-post-thumbnail","7":"category-norge","8":"tag-art","9":"tag-breaking-news","10":"tag-breakingnews","11":"tag-featured-news","12":"tag-featurednews","13":"tag-headlines","14":"tag-latest-news","15":"tag-latestnews","16":"tag-mosjoen","17":"tag-mosjoen-skole","18":"tag-mosjoen-videregaende-skole","19":"tag-news","20":"tag-no","21":"tag-norge","22":"tag-norway","23":"tag-nyheter","24":"tag-overskrifter","25":"tag-top-stories","26":"tag-topstories","27":"tag-vefsn-bibliotek"},"share_on_mastodon":{"url":"","error":""},"_links":{"self":[{"href":"https:\/\/www.europesays.com\/no\/wp-json\/wp\/v2\/posts\/6622","targetHints":{"allow":["GET"]}}],"collection":[{"href":"https:\/\/www.europesays.com\/no\/wp-json\/wp\/v2\/posts"}],"about":[{"href":"https:\/\/www.europesays.com\/no\/wp-json\/wp\/v2\/types\/post"}],"author":[{"embeddable":true,"href":"https:\/\/www.europesays.com\/no\/wp-json\/wp\/v2\/users\/2"}],"replies":[{"embeddable":true,"href":"https:\/\/www.europesays.com\/no\/wp-json\/wp\/v2\/comments?post=6622"}],"version-history":[{"count":0,"href":"https:\/\/www.europesays.com\/no\/wp-json\/wp\/v2\/posts\/6622\/revisions"}],"wp:featuredmedia":[{"embeddable":true,"href":"https:\/\/www.europesays.com\/no\/wp-json\/wp\/v2\/media\/6623"}],"wp:attachment":[{"href":"https:\/\/www.europesays.com\/no\/wp-json\/wp\/v2\/media?parent=6622"}],"wp:term":[{"taxonomy":"category","embeddable":true,"href":"https:\/\/www.europesays.com\/no\/wp-json\/wp\/v2\/categories?post=6622"},{"taxonomy":"post_tag","embeddable":true,"href":"https:\/\/www.europesays.com\/no\/wp-json\/wp\/v2\/tags?post=6622"}],"curies":[{"name":"wp","href":"https:\/\/api.w.org\/{rel}","templated":true}]}}