{"id":66228,"date":"2025-10-21T12:50:12","date_gmt":"2025-10-21T12:50:12","guid":{"rendered":"https:\/\/www.europesays.com\/no\/66228\/"},"modified":"2025-10-21T12:50:12","modified_gmt":"2025-10-21T12:50:12","slug":"det-stoppet-plutselig-opp","status":"publish","type":"post","link":"https:\/\/www.europesays.com\/no\/66228\/","title":{"rendered":"\u2013 Det stoppet plutselig opp"},"content":{"rendered":"\n<p class=\"_lead_o9xde_2 _lead_xtcu6_50 layout-component text-serif-m layout-normal text-serif-l layout-component layout-wide layout-padded _wide_17hqh_1 layout-padded\">Men eksperter vil ikke avskrive den egyptiske stjernespilleren helt enn\u00e5.<\/p>\n<p><img alt=\"Salah etter kampen mot Manchester United. Foto: ADAM VAUGHAN \/ EPA \/ NTB\" class=\"_image_qp4xg_65 layout-component layout-wide\" data-fullscreen- data-track-element-type=\"Article image fullscreen\" data-track-name=\"ImageFullscreen\" fetchpriority=\"high\" decoding=\"sync\" loading=\"eager\" height=\"3401\" itemprop=\"image\"  src=\"https:\/\/www.europesays.com\/no\/wp-content\/uploads\/2025\/10\/0df5b953-ff5b-4503-aa13-40f8c77718d3\"  style=\"object-position:0% 0%\" width=\"4839\"\/>Salah etter kampen mot Manchester United. Foto: ADAM VAUGHAN \/ EPA \/ NTB<\/p>\n<ul aria-hidden=\"true\" class=\"_images_18f0k_111\">\n<li><a class=\"_link_18f0k_116\" href=\"https:\/\/www.vg.no\/forfatter\/eline-rustad-oestmoe\" style=\"z-index:1\" title=\"Eline Rustad \u00d8stmoe\" rel=\"nofollow noopener\" target=\"_blank\"><img alt=\"Bilde av Eline Rustad \u00d8stmoe\" class=\"_image_18f0k_93\" fetchpriority=\"low\" loading=\"lazy\" decoding=\"async\" itemprop=\"image\"  src=\"https:\/\/www.europesays.com\/no\/wp-content\/uploads\/2025\/10\/1761051010_412_3bf80b5d-24fb-4d03-bfe4-7dc57ed1aea3\"  width=\"480\"\/><\/a><\/li>\n<\/ul>\n<p> Oppdatert tirsdag 21. oktober kl. 14:20    <\/p>\n<ul class=\"_list_o9xde_3 _list_64s2r_85 _unordered_o9xde_106 text-sans-m\">\n<li class=\"_item_o9xde_30\">Jamie Carragher mener Mohamed Salah ikke b\u00f8r v\u00e6re garantert starter etter 2\u20131-tapet mot United. Denne sesongen har han bare scoret to m\u00e5l.<\/li>\n<li class=\"_item_o9xde_30\">Wikestad peker p\u00e5 formsvikt, svakere press og uavklart midtbane, men avskriver ikke Salah. Samtidig kritiseres forsvaret av Gary Neville og Roy Keane, og United gikk etter backene.<\/li>\n<\/ul>\n<p>Vis mer <\/p>\n<p class=\"_paragraph_o9xde_4 _paragraph_xtcu6_10 layout-component text-serif-m layout-normal text-serif-m layout-padded\">\u2013 Jeg tror vi er der at Mohamed Salah (33) ikke burde v\u00e6re en garantert startspiller hver uke, sa Jamie Carragher under <a href=\"https:\/\/www.skysports.com\/football\/news\/11095\/13453614\/mohamed-salah-liverpool-forward-should-not-be-guaranteed-starter-anymore-says-jamie-carragher\" class=\"_link_o9xde_39\" rel=\"nofollow noopener\" target=\"_blank\">Sky Sport sin sending etter 2\u20131-tapet mot Manchester United.<\/a><\/p>\n<p class=\"_paragraph_o9xde_4 _paragraph_xtcu6_10 layout-component text-serif-m layout-normal text-serif-m layout-padded\">Der gikk Salah av banen uten m\u00e5lpoeng.<\/p>\n<p class=\"_paragraph_o9xde_4 _paragraph_xtcu6_10 layout-component text-serif-m layout-normal text-serif-m layout-padded\">Med 29 m\u00e5l 29 m\u00e5l 9  av disse var fra straffemerket.p\u00e5 38 kamper forrige sesong ble han k\u00e5ret til <a href=\"https:\/\/www.vg.no\/sport\/i\/GyRRV6\/liverpool-stjernen-mohamed-salah-kaaret-til-aarets-spiller-i-premier-league\" data-track-element-type=\"Link\" data-track-id=\"link:GyRRV6\" class=\"_link_o9xde_39\" rel=\"nofollow noopener\" target=\"_blank\">\u00e5rets spiller i Premier League. <\/a>Denne sesongen har det sett verre ut for Salah som har scoret to m\u00e5lto m\u00e5lEt fra straffemerket. P\u00e5 \u00e5tte kamper. s\u00e5 langt. <\/p>\n<p class=\"_paragraph_o9xde_4 _paragraph_xtcu6_10 layout-component text-serif-m layout-normal text-serif-m layout-padded\">\u2013 Han er \u00e5penbart ikke like effektiv som han var. Det skjedde noe i februar, det stoppet plutselig opp, sier Viaplays Premier League-kommentator Kasper Wikestad til VG. <\/p>\n<p class=\"_paragraph_o9xde_4 _paragraph_xtcu6_10 layout-component text-serif-m layout-normal text-serif-m layout-padded\">Her kan du se Salah-statistikken sammenlignet med foreg\u00e5ende sesonger: <\/p>\n<p><img alt=\"\" class=\"_image_qp4xg_65 layout-component layout-normal\" data-fullscreen- data-track-element-type=\"Article image fullscreen\" data-track-name=\"ImageFullscreen\" decoding=\"async\" loading=\"lazy\" height=\"2560\" itemprop=\"image\"  src=\"https:\/\/www.europesays.com\/no\/wp-content\/uploads\/2025\/10\/0e8b27a3-4471-40ef-9e42-fe4a942a3200\"  style=\"object-position:0% 0%\" width=\"2048\"\/><\/p>\n<p class=\"_paragraph_o9xde_4 _paragraph_xtcu6_10 layout-component text-serif-m layout-normal text-serif-m layout-padded\"><strong class=\"_strong_o9xde_25\">Grafikk: <a href=\"https:\/\/www.sofascore.com\/no\/?utm_source=sdrn%3Avg%3Aarticle%3AGyRRV6%2F\/\" class=\"_link_o9xde_39\" rel=\"nofollow noopener\" target=\"_blank\">Sofascore.com<\/a><\/strong><\/p>\n<p class=\"_paragraph_o9xde_4 _paragraph_xtcu6_10 layout-component text-serif-m layout-normal text-serif-m layout-padded\">Han mener det er flere grunner til det. <\/p>\n<p class=\"_paragraph_o9xde_4 _paragraph_xtcu6_10 layout-component text-serif-m layout-normal text-serif-m layout-padded\">\u2013 B\u00e5de Liverpool og Salah falt i form i l\u00f8pet av v\u00e5ren, og har ikke kommet i gang denne sesongen, det er vanskelig \u00e5 sette fingeren p\u00e5 hva, og det har vart lenge ogs\u00e5.<\/p>\n<p class=\"_paragraph_o9xde_4 _paragraph_xtcu6_10 layout-component text-serif-m layout-normal text-serif-m layout-padded\">Wikestad trekker frem savnet etter Trent Alexander-Arnold, som <a href=\"https:\/\/www.vg.no\/sport\/i\/eMrE9O\/bekreftet-trent-alexander-arnold-klar-for-real-madrid\" data-track-element-type=\"Link\" data-track-id=\"link:eMrE9O\" class=\"_link_o9xde_39\" rel=\"nofollow noopener\" target=\"_blank\">forlot Liverpool i sommer.<\/a><\/p>\n<p class=\"_paragraph_o9xde_4 _paragraph_xtcu6_10 layout-component text-serif-m layout-normal text-serif-m layout-padded\">\u2013 De to var et samarbeidet fantastisk. Men n\u00e5 er han (Trent) borte, og de spiller annerledes n\u00e5 med de nye backene.<\/p>\n<p class=\"_paragraph_o9xde_4 _paragraph_xtcu6_10 layout-component text-serif-m layout-normal text-serif-m layout-padded\"><strong class=\"_strong_o9xde_25\">Hva som skjer med Salah var tema i ukens episode av \u00abFotballpodden\u00bb, h\u00f8r den her:<\/strong><\/p>\n<p class=\"_paragraph_o9xde_4 _paragraph_xtcu6_10 layout-component text-serif-m layout-normal text-serif-m layout-padded\">Kommentatoren forklarer ogs\u00e5 at Liverpool ikke har funnet strukturen p\u00e5 midtbanen.<\/p>\n<p class=\"_paragraph_o9xde_4 _paragraph_xtcu6_10 layout-component text-serif-m layout-normal text-serif-m layout-padded\">\u2013 De har ikke f\u00e5tt det til \u00e5 fungere. Det er det Arne Slot pr\u00f8ver \u00e5 finne ut av, sier han.<\/p>\n<p><img decoding=\"async\" alt=\"Bilde av Kasper Wikestad\" class=\"_image_ygndg_42\" height=\"27\" itemprop=\"image\" loading=\"lazy\"  src=\"https:\/\/www.europesays.com\/no\/wp-content\/uploads\/2025\/10\/7aabf22e-eab0-408f-ae18-f09694abc6ef\"  width=\"40\"\/><strong class=\"_name_ygndg_51 title-serif-xs\">Kasper Wikestad<\/strong><\/p>\n<p class=\"_paragraph_o9xde_4 text-sans-m _description_ygndg_56\">Kommentator, Viaplay<\/p>\n<p class=\"_paragraph_o9xde_4 _paragraph_xtcu6_10 layout-component text-serif-m layout-normal text-serif-m layout-padded\">Wikestad trekker ogs\u00e5 frem en annen faktor: At presset fra angrepsspillerne ikke sitter. Luis Diaz ble solgt til Bayern M\u00fcncen, Darwin N\u00fcnez ble solgt til Saudi-Arabia og Diogo Jota d\u00f8de i en tragisk bilulykke f\u00f8r sesongen. Med erstatterne har ikke presset blitt det samme, mener Wikestad. <\/p>\n<p class=\"_paragraph_o9xde_4 _paragraph_xtcu6_10 layout-component text-serif-m layout-normal text-serif-m layout-padded\">\u2013 Salah har f\u00e5tt jukse litt f\u00f8r, henge igjen litt. Det har fungert utrolig bra s\u00e5 lenge toppresset har fungert, men n\u00e5 angriper lag mer p\u00e5 h\u00f8yresiden. <\/p>\n<p class=\"_paragraph_o9xde_4 _paragraph_xtcu6_10 layout-component text-serif-m layout-normal text-serif-m layout-padded\">Wikestad sier ogs\u00e5 at det g\u00e5r utover selvtilliten n\u00e5r m\u00e5lene ikke kommer like ofte som f\u00f8r.<\/p>\n<p class=\"_paragraph_o9xde_4 _paragraph_xtcu6_10 layout-component text-serif-m layout-normal text-serif-m layout-padded\">\u2013  Han hadde en bom mot United, han setter den 9\/10 ganger til vanlig. <\/p>\n<p class=\"_paragraph_o9xde_4 _paragraph_xtcu6_10 layout-component text-serif-m layout-normal text-serif-m layout-padded\">P\u00e5 sp\u00f8rsm\u00e5l om Wikestad tror Salah kommer tilbake, kommer svaret fort. <\/p>\n<p class=\"_paragraph_o9xde_4 _paragraph_xtcu6_10 layout-component text-serif-m layout-normal text-serif-m layout-padded\">\u2013 Ja, det kommer perioder der han scorer m\u00e5l igjen. Men Liverpool m\u00e5 finne m\u00e5ter \u00e5 ordne opp, det kommer nok til \u00e5 skje.<\/p>\n<p class=\"_paragraph_o9xde_4 _paragraph_xtcu6_10 layout-component text-serif-m layout-normal text-serif-m layout-padded\">\u2013 Jeg har ikke lyst til \u00e5 avskrive han, legger Wikestad til.<\/p>\n<p class=\"_paragraph_o9xde_4 _paragraph_xtcu6_10 layout-component text-serif-m layout-normal text-serif-m layout-padded\">Liverpools forsvar har ogs\u00e5 m\u00e5ttet t\u00e5le kritikk.<\/p>\n<p class=\"_paragraph_o9xde_4 _paragraph_xtcu6_10 layout-component text-serif-m layout-normal text-serif-m layout-padded\">Sky Sports-ekspert og tidligere Manchester United-spiller Gary Neville var krass i sin dom over Liverpools forsvar, spesielt venstreback Milos Kerkez.<\/p>\n<p class=\"_paragraph_o9xde_4 _paragraph_xtcu6_10 layout-component text-serif-m layout-normal text-serif-m layout-padded\">\u2013 Venstrebacken spiller som en 10-\u00e5ring. Han er over alt, sa i sin egen podkast.<\/p>\n<p class=\"_paragraph_o9xde_4 _paragraph_xtcu6_10 layout-component text-serif-m layout-normal text-serif-m layout-padded\">Sky Sports-ekspert Roy Keane mener Liverpool-kaptein Van Dijk burde \u00abse seg selv i speilet\u00bb.<\/p>\n<p class=\"_paragraph_o9xde_4 _paragraph_xtcu6_10 layout-component text-serif-m layout-normal text-serif-m layout-padded\">\u2013 I fjor snakket alle om hvem som skulle bli i Liverpool. Han var en av de som signerte en ny kontrakt. Men n\u00e5r du er midtstopper laget slipper inn mange m\u00e5l, da ville jeg sett p\u00e5 han og hans rolle i baklengsm\u00e5lene, sier Keane.<\/p>\n<p class=\"_paragraph_o9xde_4 _paragraph_xtcu6_10 layout-component text-serif-m layout-normal text-serif-m layout-padded\"><strong class=\"_strong_o9xde_25\">Se intervjuet med Matthijs de Ligt om Liverpools svakheter her:<\/strong><\/p>\n","protected":false},"excerpt":{"rendered":"Men eksperter vil ikke avskrive den egyptiske stjernespilleren helt enn\u00e5. Salah etter kampen mot Manchester United. Foto: ADAM&hellip;\n","protected":false},"author":2,"featured_media":66229,"comment_status":"","ping_status":"","sticky":false,"template":"","format":"standard","meta":{"footnotes":""},"categories":[59],"tags":[442,7411,9362,7928,114,4144,30,28,29,161,9487,83,82,9485,9486],"class_list":{"0":"post-66228","1":"post","2":"type-post","3":"status-publish","4":"format-standard","5":"has-post-thumbnail","7":"category-sport","8":"tag-arne-slot","9":"tag-gary-neville","10":"tag-harry-maguire","11":"tag-jamie-carragher","12":"tag-liverpool-fc","13":"tag-mohamed-salah","14":"tag-no","15":"tag-norge","16":"tag-norway","17":"tag-premier-league","18":"tag-roy-keane","19":"tag-sport","20":"tag-sports","21":"tag-trent-alexander-arnold","22":"tag-virgil-van-dijk"},"share_on_mastodon":{"url":"","error":""},"_links":{"self":[{"href":"https:\/\/www.europesays.com\/no\/wp-json\/wp\/v2\/posts\/66228","targetHints":{"allow":["GET"]}}],"collection":[{"href":"https:\/\/www.europesays.com\/no\/wp-json\/wp\/v2\/posts"}],"about":[{"href":"https:\/\/www.europesays.com\/no\/wp-json\/wp\/v2\/types\/post"}],"author":[{"embeddable":true,"href":"https:\/\/www.europesays.com\/no\/wp-json\/wp\/v2\/users\/2"}],"replies":[{"embeddable":true,"href":"https:\/\/www.europesays.com\/no\/wp-json\/wp\/v2\/comments?post=66228"}],"version-history":[{"count":0,"href":"https:\/\/www.europesays.com\/no\/wp-json\/wp\/v2\/posts\/66228\/revisions"}],"wp:featuredmedia":[{"embeddable":true,"href":"https:\/\/www.europesays.com\/no\/wp-json\/wp\/v2\/media\/66229"}],"wp:attachment":[{"href":"https:\/\/www.europesays.com\/no\/wp-json\/wp\/v2\/media?parent=66228"}],"wp:term":[{"taxonomy":"category","embeddable":true,"href":"https:\/\/www.europesays.com\/no\/wp-json\/wp\/v2\/categories?post=66228"},{"taxonomy":"post_tag","embeddable":true,"href":"https:\/\/www.europesays.com\/no\/wp-json\/wp\/v2\/tags?post=66228"}],"curies":[{"name":"wp","href":"https:\/\/api.w.org\/{rel}","templated":true}]}}