{"id":66244,"date":"2025-10-21T13:09:14","date_gmt":"2025-10-21T13:09:14","guid":{"rendered":"https:\/\/www.europesays.com\/no\/66244\/"},"modified":"2025-10-21T13:09:14","modified_gmt":"2025-10-21T13:09:14","slug":"store-kaller-inn-til-krisemote","status":"publish","type":"post","link":"https:\/\/www.europesays.com\/no\/66244\/","title":{"rendered":"St\u00f8re kaller inn til krisem\u00f8te"},"content":{"rendered":"<p class=\"kicker \" style=\"\">Ny avsl\u00f8ring:<\/p>\n<p>  I ny bok om Marius Borg H\u00f8iby hevder forfatterne at kronprins Haakon satt p\u00e5 kritisk informasjon timer f\u00f8r stes\u00f8nnen skulle p\u00e5gripes.<\/p>\n<p>\n    NY BOK: Marius Borg H\u00f8iby er en sentral del av den kommende boka I \u00abHvite striper, sorte f\u00e5r\u00bb. Her er deler av kongefamilien avbildet under prinsesse Ingrid Alexandras myndighetsdag i 2022. Foto: Lise \u00c5serud \/ NTB\n  <\/p>\n<p>Onsdag kommer Ascheoug forlag ut med boka <a href=\"https:\/\/aschehoug.no\/hvite-striper-sorte-far\" target=\"_blank\" rel=\"nofollow noopener\">\u00abHvite striper, sorte f\u00e5r\u00bb<\/a>, som handler om Marius Borg H\u00f8iby, kokain og narkogjenger.<\/p>\n<p>To gravejournalister har skrevet om hvordan Marius Borg H\u00f8iby og vennene hans kan kobles til noen av Europas mest notoriske narkogjenger, if\u00f8lge forlaget.\u00a0<\/p>\n<p class=\"font-weight-bold m-font-weight-bold\" data-lab-font_weight=\"font-weight-bold\">Boka er skrevet av Torgeir P. Krokfjord, som jobber som journalist i Dagbladet. Hans medforfatter, \u00d8istein Monsen, har tidligere jobbet i Dagbladet.\u00a0<\/p>\n<p class=\"italic m-italic\" data-lab-italic=\"italic\">Ingen av forfatterne har bidratt til denne artikkelen, og Dagbladet har kj\u00f8pt boka i butikk.<\/p>\n<p>        TELEFONSAMTALE: Dette lydopptaket er grunnlaget for to av de 32 lovbruddene Marius Borg H\u00f8iby er tiltalt for. Video: Anabelle Bruun\/Dagbladet<\/p>\n<p> Avviser kokainsalg p\u00e5 Karl Johan   <\/p>\n<p> 28-\u00e5ringens forsvarere kaller imidlertid boken \u00abgjespende kjedelig\u00bb. <\/p>\n<p>&#8211; Dette er en bok som neppe vil bli solgt uten at Marius&#8217; bilde er p\u00e5 forsiden. Boken er gjespende kjedelig og inneholder en rekke rykter og halvsannheter. At Marius foregis \u00e5 v\u00e6re frontfiguren i denne boken, er sv\u00e6rt kritikkverdig. Hvilke rusavhengige p\u00e5 vestkanten har ikke tilsvarende kontakt med kriminelle som det Marius har hatt? sier H\u00f8ibys forsvarere, Ellen Holager Anden\u00e6s og Petar Sekulic i en uttalelse til NTB.<\/p>\n<p>H\u00f8iby har tidligere innr\u00f8mmet kokainbruk, men narkotikalovbrudd er ikke en del av tiltalen mot ham.<\/p>\n<p>&#8211; Vi \u00f8nsker ikke \u00e5 g\u00e5 inn i de beskyldningene som er fremsatt, men gj\u00f8r unntak for \u00e9n av dem. Det gjelder det p\u00e5st\u00e5tte salg av kokain p\u00e5 Karl Johan som politiet angivelig observerte uten \u00e5 gripe inn. V\u00e5r klient bestrider ikke \u00e5 ha v\u00e6rt bruker av kokain, men denne beskyldningen avviser han p\u00e5 det mest bestemte, sier Anden\u00e6s og Sekulic.<\/p>\n<p>          <img loading=\"lazy\" decoding=\"async\" src=\"https:\/\/www.europesays.com\/no\/wp-content\/uploads\/2025\/10\/83751695.webp\" width=\"686\" height=\"433\" title=\"FORSVARER-DUO: H\u00f8ibys forsvarere Petar Sekulic og Ellen Holager Anden\u00e6s har bist\u00e5tt H\u00f8iby siden februar i \u00e5r. Foto: Kristian Ridder-Nilsen \/ Dagbladet\" alt=\"\" class=\"\" style=\"--aspect-ratio-image: 1.58; \"\/><\/p>\n<p>\n          FORSVARER-DUO: H\u00f8ibys forsvarere Petar Sekulic og Ellen Holager Anden\u00e6s har bist\u00e5tt H\u00f8iby siden februar i \u00e5r. Foto: Kristian Ridder-Nilsen \/ Dagbladet\n      <\/p>\n<p>&#8211; Kronprins Haakon ringte  <\/p>\n<p>De skriver blant annet om nye detaljer rundt 4. august i 2024 &#8211; da H\u00f8iby ble p\u00e5grepet\u00a0og siktet for skadeverk og vold mot sin dav\u00e6rende kj\u00e6reste.<\/p>\n<p class=\"font-weight-bold m-font-weight-bold\" data-lab-font_weight=\"font-weight-bold\">Politiets sikkerhetstjeneste (PST) skulle, if\u00f8lge forfatterne, varsle Slottet om at p\u00e5gripelsen skulle finne sted, men f\u00f8r den tid skal PST selv ha blitt ringt opp av kronprins Haakon.\u00a0<\/p>\n<p>          <img loading=\"lazy\" decoding=\"async\" src=\"https:\/\/www.europesays.com\/no\/wp-content\/uploads\/2025\/10\/1761052152_733_83748314.webp\" width=\"980\" height=\"559\" title=\"NYE P\u00c5STANDER: Forfatterne Krokfjord og Monsen skriver noen skal ha lekket infomrasjon til kronprins Haakon, i forkant av stes\u00f8nnens p\u00e5gripelse. Foto: Hans Arne Vedlog \/ Dagbladet\" alt=\"\" class=\"\" style=\"--aspect-ratio-image: 1.75; \"\/><\/p>\n<p>\n          NYE P\u00c5STANDER: Forfatterne Krokfjord og Monsen skriver noen skal ha lekket infomrasjon til kronprins Haakon, i forkant av stes\u00f8nnens p\u00e5gripelse. Foto: Hans Arne Vedlog \/ Dagbladet\n      <\/p>\n<p data-lab-font_weight=\"\" class=\"no_italic m-no_italic\" data-lab-italic=\"\">Dette var f\u00f8r saken var ute i offentligheten, og f\u00f8r Slottet hadde blitt informert. Forfatterne mener at noen fra innsiden i politiet lekket informasjon til kronprinsen om at H\u00f8iby skulle p\u00e5gripes.\u00a0<\/p>\n<p class=\"italic m-italic\" data-lab-italic=\"italic\">\u00abHvem som fortalte kronprinsparet om den forest\u00e5ende p\u00e5gripelsen, er et mysterium. Men f\u00f8r det formelle varselet fra PST, og f\u00f8r voldshendelsen var offentlig kjent, ringte kronprins Haakon til Politiets sikkerhetstjeneste for \u00e5 avklare om den dramatiske meldingen han hadde mottatt, faktisk var sann &#8230;\u00a0 Kronprinsen hadde et sp\u00f8rsm\u00e5l. Det var tydelig at han var velinformert. Hvem som hadde lekket informasjonen han tydeligvis satt p\u00e5, det ante ikke PST-representanten. N\u00e5, forklarte kronprinsen, forsto han det slik at stes\u00f8nnen hans snart ville bli p\u00e5grepet?\u00bb, st\u00e5r det i boka.\u00a0<\/p>\n<p class=\"no_italic m-no_italic\" data-lab-italic=\"\">Ogs\u00e5 kronprinsesse Mette Marit tok opp telefonen, skriver forfatterne. Hun skal ha ringt til s\u00f8nnen sin for \u00e5 advare ham.\u00a0<\/p>\n<p class=\"no_italic m-no_italic\" data-lab-italic=\"\">Da politiet arresterte H\u00f8iby en dr\u00f8y halvtime seinere var mobilen hans knust og Sim-kortet borte, hevder de.\u00a0<\/p>\n<p> Dagbladet har presentert p\u00e5standene i bokutdraget for en sentralt plassert kilde. Vedkommende bekrefter at det som er gjengitt i boka medf\u00f8rer riktighet.\u00a0<\/p>\n<p>          <img loading=\"lazy\" decoding=\"async\" src=\"https:\/\/www.europesays.com\/no\/wp-content\/uploads\/2025\/10\/1761052153_620_83749011.webp\" width=\"686\" height=\"453\" title=\"MYSTISK SAMTALE: Kronprins Haakon skal ha ringt PST i forkant av Marius Borg H\u00f8ibys arrest i august 2023. Her er de to under en julelunsj i 2017. Foto: Torstein B\u00f8e \/ NTB\" alt=\"\" class=\"\" style=\"--aspect-ratio-image: 1.51; \"\/><\/p>\n<p>\n          MYSTISK SAMTALE: Kronprins Haakon skal ha ringt PST i forkant av Marius Borg H\u00f8ibys arrest i august 2023. Her er de to under en julelunsj i 2017. Foto: Torstein B\u00f8e \/ NTB\n      <\/p>\n<p>Dagbladet har siden mandag ettermiddag v\u00e6rt i kontakt med Slottet, for \u00e5 h\u00f8re om de \u00f8nsker \u00e5 kommentere p\u00e5standene omkring kronprins Haakon. Vi har gjentatte ganger bedt om svar, men Slottet har svart at de vil komme tilbake til oss p\u00e5 et senere tidspunkt. De er gjort kjent med innholdet i saken, men har fortsatt ikke kommentert saken ved publiseringstidspunkt tirsdag ettermiddag.<\/p>\n<p>Dagbladet vil oppdatere saken dersom dette svaret kommer.\u00a0<\/p>\n<p>        OSLO: Marius Borg H\u00f8iby er tiltalt p\u00e5 32 punkter, opplyser statsadvokat Sturla Henriksb\u00f8 mandag 18. august. Video: NTB\/Dagbladet TV\/Silja Furset.<\/p>\n<p>Verken Oslo-politiet eller Politiets sikkerhetstjeneste \u00f8nsker \u00e5 kommentere saken overfor Dagbladet.<\/p>\n<p>Tiltalt p\u00e5 32 poster<\/p>\n<p>Tidligere i \u00e5r ble politiet ferdig med \u00e5 etterforske straffesaken mot H\u00f8iby.\u00a0<\/p>\n<p> Kronprinsessens eldste s\u00f8nn er <a href=\"https:\/\/www.dagbladet.no\/nyheter\/fikk-nei-er-avsluttet\/83573608\" target=\"_blank\" rel=\"nofollow noopener\">tiltalt for flere lovbrudd<\/a>,\u00a0blant annet fire sovevoldtekter, mishandling i n\u00e6re relasjoner av ekskj\u00e6resten Nora Haukland (28) og vold, skadeverk og hensynsl\u00f8s atferd, samt brudd p\u00e5 bes\u00f8ksforbud, mot ekskj\u00e6resten i 20-\u00e5ra.<\/p>\n<p>    <a itemprop=\"url\" href=\"https:\/\/www.dagbladet.no\/nyheter\/vil-ha-apne-dorer\/83647100\" rel=\"nofollow noopener\" target=\"_blank\"><\/p>\n<p>      <img loading=\"lazy\" decoding=\"async\" src=\"https:\/\/www.europesays.com\/no\/wp-content\/uploads\/2025\/10\/1761052154_958_83641692.webp\" width=\"980\" height=\"441\" title=\"Vil ha \u00e5pne d\u00f8rer\" alt=\"\" class=\"lazyload\" style=\"--aspect-ratio-image: 2.22; \"\/><\/p>\n<p>        Vil ha \u00e5pne d\u00f8rer<\/p>\n<p>    <\/a><\/p>\n<p class=\"font-weight-bold m-font-weight-bold\" data-lab-font_weight=\"font-weight-bold\">Rettssaken mot H\u00f8iby skal g\u00e5 i Oslo tingrett fra 3. februar til 14. mars neste \u00e5r.<\/p>\n<p>Han er tiltalt p\u00e5 32 poster til sammen. 28-\u00e5ringen nekter straffskyld for de mest alvorlige anklagene i tiltalen.<\/p>\n","protected":false},"excerpt":{"rendered":"Ny avsl\u00f8ring: I ny bok om Marius Borg H\u00f8iby hevder forfatterne at kronprins Haakon satt p\u00e5 kritisk informasjon&hellip;\n","protected":false},"author":2,"featured_media":66245,"comment_status":"","ping_status":"","sticky":false,"template":"","format":"standard","meta":{"footnotes":""},"categories":[12],"tags":[499,20,21,24,25,15,22,23,13,30,28,29,14,16,41,8578,8907,26,27,42,43,44,45],"class_list":{"0":"post-66244","1":"post","2":"type-post","3":"status-publish","4":"format-standard","5":"has-post-thumbnail","7":"category-verden","8":"tag-arbeiderpartiet","9":"tag-breaking-news","10":"tag-breakingnews","11":"tag-featured-news","12":"tag-featurednews","13":"tag-headlines","14":"tag-latest-news","15":"tag-latestnews","16":"tag-news","17":"tag-no","18":"tag-norge","19":"tag-norway","20":"tag-nyheter","21":"tag-overskrifter","22":"tag-politikk","23":"tag-statsbudsjettet","24":"tag-statsbudsjettet-2026","25":"tag-top-stories","26":"tag-topstories","27":"tag-verden","28":"tag-world","29":"tag-world-news","30":"tag-worldnews"},"share_on_mastodon":{"url":"","error":""},"_links":{"self":[{"href":"https:\/\/www.europesays.com\/no\/wp-json\/wp\/v2\/posts\/66244","targetHints":{"allow":["GET"]}}],"collection":[{"href":"https:\/\/www.europesays.com\/no\/wp-json\/wp\/v2\/posts"}],"about":[{"href":"https:\/\/www.europesays.com\/no\/wp-json\/wp\/v2\/types\/post"}],"author":[{"embeddable":true,"href":"https:\/\/www.europesays.com\/no\/wp-json\/wp\/v2\/users\/2"}],"replies":[{"embeddable":true,"href":"https:\/\/www.europesays.com\/no\/wp-json\/wp\/v2\/comments?post=66244"}],"version-history":[{"count":0,"href":"https:\/\/www.europesays.com\/no\/wp-json\/wp\/v2\/posts\/66244\/revisions"}],"wp:featuredmedia":[{"embeddable":true,"href":"https:\/\/www.europesays.com\/no\/wp-json\/wp\/v2\/media\/66245"}],"wp:attachment":[{"href":"https:\/\/www.europesays.com\/no\/wp-json\/wp\/v2\/media?parent=66244"}],"wp:term":[{"taxonomy":"category","embeddable":true,"href":"https:\/\/www.europesays.com\/no\/wp-json\/wp\/v2\/categories?post=66244"},{"taxonomy":"post_tag","embeddable":true,"href":"https:\/\/www.europesays.com\/no\/wp-json\/wp\/v2\/tags?post=66244"}],"curies":[{"name":"wp","href":"https:\/\/api.w.org\/{rel}","templated":true}]}}