{"id":66260,"date":"2025-10-21T13:19:11","date_gmt":"2025-10-21T13:19:11","guid":{"rendered":"https:\/\/www.europesays.com\/no\/66260\/"},"modified":"2025-10-21T13:19:11","modified_gmt":"2025-10-21T13:19:11","slug":"politikk-ringsaker-ap-topper-med-klar-tale-til-store-river-ned-alt-vi-har-bygd-opp","status":"publish","type":"post","link":"https:\/\/www.europesays.com\/no\/66260\/","title":{"rendered":"Politikk, Ringsaker | Ap-topper med klar tale til St\u00f8re: \u2013 River ned alt vi har bygd opp"},"content":{"rendered":"\n<p>Ap lovet i valgkampen fortsatt gratis ferje og sletting av studiel\u00e5n. Da statsbudsjettet ble lagt fram, var budskapet fra Ap-toppene noe annet:<\/p>\n<p>Reaksjonene har v\u00e6rt massive. Ogs\u00e5 i Ap-lagene p\u00e5 Hedmarken er det irritasjon over eget parti.<\/p>\n<p>\u2013 Dette m\u00e5 de rydde opp i. N\u00e5r dette har skjedd, forventer vi at de tar det inn igjen i statsbudsjettet, sier leder Hilde Nyutstumoen i Hamar Ap.<\/p>\n<p>Enda mer krass er Nina Nicolaisen i L\u00f8ten Ap.<\/p>\n<p>Frustrert og forbannet Ap-leder<\/p>\n<p>\u2013 Dette handler ikke om \u00e5 ta hensyn til Senterpartiet eller andre, men det vi har lovet velgerne, sier Nikolaisen.<\/p>\n<p>Nina Nikolaisen er fungerende leder i L\u00f8ten Ap fordi <a href=\"https:\/\/www.h-a.no\/leder-i-loten-ap-trekker-seg-fra-valgkampen-vil-ikke-delta-aktivt-framover\/s\/5-139-1853306?token=-1684904763&amp;previewAll=true\" rel=\"Follow nofollow noopener\" target=\"_blank\">Knut Arne S\u00f8sveen av helsemessige \u00e5rsaker har permisjon <\/a>fra sine politiske verv.<\/p>\n<p>Hun har en klar beskjed til Jonas Gahr St\u00f8re og de andre Ap-toppene i Oslo:<\/p>\n<p>\u2013 De har lagt seg flate, men n\u00e5 m\u00e5 de legge seg enda flatere. De m\u00e5 g\u00e5 tilbake og reversere forslagene. Det m\u00e5 de gj\u00f8re f\u00f8r budsjettforhandlingene. Hvis ikke, mister vi troverdigheten, sier Nikolaisen.<\/p>\n<p>   <img decoding=\"async\" width=\"5760\" height=\"3840\" fetchpriority=\"low\"  loading=\"lazy\"  src=\"https:\/\/www.europesays.com\/no\/wp-content\/uploads\/2025\/10\/FOL_2916.JPG\" alt=\"\" class=\"brick-c-cFOWSL\" style=\"--brick-image-ratio: 5760 \/ 3840;\"\/><\/p>\n<p>    Statsminister Jonas Gahr St\u00f8re f\u00e5r klar beskjed fra partiets ledere p\u00e5 Hedmarken om \u00e5 rydde opp raskt.<br \/>\n    Foto: Fredrik Olastuen\n  <\/p>\n<p>Hun betegner de siste dagene som frustrerende.<\/p>\n<p>\u2013 Dette handler om tillit. Det er ikke noe vi f\u00e5r automatisk. Vi har f\u00e5tt velgernes tillit som vi skal forvalte de neste fire \u00e5rene. S\u00e5 kommer dette og river ned alt vi har bygd opp, sier hun.<\/p>\n<p>N\u00e5 har L\u00f8ten Aps Nina Nikolaisen kun en klar beskjed til toppene i Oslo:<\/p>\n<p>\u2013 N\u00e5 har dere rotet til dette. Rydd opp! sier hun.<\/p>\n<p>Hevder det er kl\u00f8nete av partiet<\/p>\n<p>Leder i Ringsaker Ap, Bj\u00f8rnar Berntsen, er heller ikke veldig glad for det som har skjedd.<\/p>\n<p>\u2013 Det er kl\u00f8nete, sier Berntsen.<\/p>\n<p>Han merker seg at Sp kommer med sine krav, og at Sosialistisk Venstreparti sier de skal ha sitt om Sp f\u00e5r det de krever.<\/p>\n<p>\u2013 Vi m\u00e5 rydde opp i dette, men samtidig m\u00e5 partiledelsen balansere dette ut fra det som skjer i forhandlingene om budsjettet, sier Berntsen.<\/p>\n<p>Erik Hager er leder i Stange Ap. Han merker seg at Jonas Gahr St\u00f8re har beklaget feilen og at han tar fullt ansvar for det som har skjedd:<\/p>\n<p>\u2013 Det synes jeg er voksent gjort. Det er ikke alle som gj\u00f8r det, sier Hager.<\/p>\n<p>\u2013 Hva forventer du skjer i saken?<\/p>\n<p>\u2013 Jeg h\u00e5per p\u00e5 at de finner ut av det og at det blir gode forhandlinger om statsbudsjettet, sier Erik Hager.<\/p>\n<p>St\u00f8re lover \u00e5 rydde opp i budsjettbr\u00e5ket<\/p>\n<p>St\u00f8re er forberedt p\u00e5 \u00e5 finne l\u00f8sninger for studiel\u00e5n og ferjesatser. N\u00e5 ser han mot Stortinget, og holder ved at han ikke bevisst l\u00f8y om valgl\u00f8ftene.<\/p>\n<p>\u2013 Jeg ber om \u00e5 bli trodd om at jeg ikke \u00f8nsket \u00e5 villede eller lyve, sier statsminister Jonas Gahr St\u00f8re (Ap) til <a rel=\"noopener nofollow\" href=\"https:\/\/www.nrk.no\/norge\/budsjettfloke-utloser-kravkrig-mot-regjeringen-1.17619804\" target=\"_blank\">NRK<\/a>.<\/p>\n<p>Under Politisk kvarter tirsdag morgen ble han stilt til veggs om et intervju med lokalavisa \u00d8yposten f\u00f8r valget, hvor St\u00f8re bekreftet at ordningen for gratis ferje ville fortsette med Ap-regjeringen.<\/p>\n<p>\u2013 Det skulle jeg ikke sagt, sier St\u00f8re.<\/p>\n<p>Samtidig sier han at partiet st\u00e5r samlet om \u00e5 rydde opp i saken raskt, men understreker at det er i Stortinget man m\u00e5 finne l\u00f8sningene.<\/p>\n<p>\u2013 Jeg mener at det m\u00e5 ligge i Stortinget, for det er der budsjettet ligger. Det er der vi m\u00e5 finne l\u00f8sningene, men vi er innstilt p\u00e5 \u00e5 finne l\u00f8sninger for det, sier St\u00f8re.<\/p>\n<p>  <a href=\"https:\/\/www.h-a.no\/5-139-1851139\" class=\"related-teaser has-image default-story-teaser article--c-eRUmMG article--c-eRUmMG-jKCPdD-design-default\" rel=\"nofollow noopener\" target=\"_blank\"><\/p>\n<p>    <img decoding=\"async\" loading=\"lazy\"  src=\"https:\/\/www.europesays.com\/no\/wp-content\/uploads\/2025\/10\/Ap+-+sykehus+18.jpg\" alt=\"\" class=\"brick-c-cFOWSL\" style=\"\"\/><\/p>\n<p>\n            Les ogs\u00e5<\/p>\n<p>              Farahnaz er glad for beklagelsen fra partitoppene\n        <\/p>\n<p>  <\/a><\/p>\n<p>  <a href=\"https:\/\/www.h-a.no\/5-139-1849190\" class=\"related-teaser has-image default-story-teaser article--c-eRUmMG article--c-eRUmMG-jKCPdD-design-default\" rel=\"nofollow noopener\" target=\"_blank\"><\/p>\n<p>    <img decoding=\"async\" loading=\"lazy\"  src=\"https:\/\/www.europesays.com\/no\/wp-content\/uploads\/2025\/10\/NTB_BxUNPP6NSeo.jpg\" alt=\"\" class=\"brick-c-cFOWSL\" style=\"\"\/><\/p>\n<p>\n            Les ogs\u00e5<\/p>\n<p>              M\u00e5 beklage til velgerne\n        <\/p>\n<p>  <\/a><\/p>\n<p>  <a href=\"https:\/\/www.h-a.no\/5-139-1850775\" class=\"related-teaser has-image default-opinion-teaser article--c-eRUmMG article--c-eRUmMG-jKCPdD-design-default\" rel=\"nofollow noopener\" target=\"_blank\"><\/p>\n<p>    <img decoding=\"async\" loading=\"lazy\"  src=\"https:\/\/www.europesays.com\/no\/wp-content\/uploads\/2025\/10\/Molberg-nytt.jpeg\" alt=\"\" class=\"brick-c-cFOWSL\" style=\"\"\/><\/p>\n<p>\n            Les ogs\u00e5<\/p>\n<p>              &#8211; P\u00e5 Espa har vi Norges beste boller &#8211; Arbeiderpartiet kan ta seg en tur dit\n        <\/p>\n<p>  <\/a><\/p>\n","protected":false},"excerpt":{"rendered":"Ap lovet i valgkampen fortsatt gratis ferje og sletting av studiel\u00e5n. Da statsbudsjettet ble lagt fram, var budskapet&hellip;\n","protected":false},"author":2,"featured_media":66261,"comment_status":"","ping_status":"","sticky":false,"template":"","format":"standard","meta":{"footnotes":""},"categories":[5],"tags":[36,20,21,24,25,1552,15,19,22,23,1272,17,18,13,30,28,29,14,16,41,1435,1551,8578,1510,26,27],"class_list":{"0":"post-66260","1":"post","2":"type-post","3":"status-publish","4":"format-standard","5":"has-post-thumbnail","7":"category-overskrifter","8":"tag-art","9":"tag-breaking-news","10":"tag-breakingnews","11":"tag-featured-news","12":"tag-featurednews","13":"tag-hamar","14":"tag-headlines","15":"tag-hovedoppslag","16":"tag-latest-news","17":"tag-latestnews","18":"tag-loten","19":"tag-main-news","20":"tag-mainnews","21":"tag-news","22":"tag-no","23":"tag-norge","24":"tag-norway","25":"tag-nyheter","26":"tag-overskrifter","27":"tag-politikk","28":"tag-ringsaker","29":"tag-stange","30":"tag-statsbudsjettet","31":"tag-story","32":"tag-top-stories","33":"tag-topstories"},"share_on_mastodon":{"url":"","error":""},"_links":{"self":[{"href":"https:\/\/www.europesays.com\/no\/wp-json\/wp\/v2\/posts\/66260","targetHints":{"allow":["GET"]}}],"collection":[{"href":"https:\/\/www.europesays.com\/no\/wp-json\/wp\/v2\/posts"}],"about":[{"href":"https:\/\/www.europesays.com\/no\/wp-json\/wp\/v2\/types\/post"}],"author":[{"embeddable":true,"href":"https:\/\/www.europesays.com\/no\/wp-json\/wp\/v2\/users\/2"}],"replies":[{"embeddable":true,"href":"https:\/\/www.europesays.com\/no\/wp-json\/wp\/v2\/comments?post=66260"}],"version-history":[{"count":0,"href":"https:\/\/www.europesays.com\/no\/wp-json\/wp\/v2\/posts\/66260\/revisions"}],"wp:featuredmedia":[{"embeddable":true,"href":"https:\/\/www.europesays.com\/no\/wp-json\/wp\/v2\/media\/66261"}],"wp:attachment":[{"href":"https:\/\/www.europesays.com\/no\/wp-json\/wp\/v2\/media?parent=66260"}],"wp:term":[{"taxonomy":"category","embeddable":true,"href":"https:\/\/www.europesays.com\/no\/wp-json\/wp\/v2\/categories?post=66260"},{"taxonomy":"post_tag","embeddable":true,"href":"https:\/\/www.europesays.com\/no\/wp-json\/wp\/v2\/tags?post=66260"}],"curies":[{"name":"wp","href":"https:\/\/api.w.org\/{rel}","templated":true}]}}