{"id":66279,"date":"2025-10-21T13:47:07","date_gmt":"2025-10-21T13:47:07","guid":{"rendered":"https:\/\/www.europesays.com\/no\/66279\/"},"modified":"2025-10-21T13:47:07","modified_gmt":"2025-10-21T13:47:07","slug":"siden-2014-har-jordens-magnetfelt-vokst-med-et-omrade-som-er-nesten-halvparten-sa-stort-som-det-europeiske-kontinentet","status":"publish","type":"post","link":"https:\/\/www.europesays.com\/no\/66279\/","title":{"rendered":"Siden 2014 har jordens magnetfelt vokst med et omr\u00e5de som er nesten halvparten s\u00e5 stort som det europeiske kontinentet."},"content":{"rendered":"<p>If\u00f8lge ESA skjer det noe merkelig s\u00f8rvest for Afrika.<\/p>\n<p>Her har feltet begynt \u00e5 svekkes enda mer enn f\u00f8r \u2013 et tegn p\u00e5 at jordens magnetfelt endrer seg raskere i denne delen av verden.<\/p>\n<p>\u00abDenne anomalien er ikke begrenset til bare ett omr\u00e5de. Den oppf\u00f8rer seg forskjellig avhengig av hvor man ser \u2013 og vi ser n\u00e5 en ny, rask svekkelse mot Afrika\u00bb, sier Chris Finlay, professor i geomagnetisme ved Danmarks Tekniske Universitet (DTU), i ESAs <a href=\"https:\/\/www.esa.int\/Applications\/%20Observing_the_Earth\/FutureEO\/Swarm\/Swarm_reveals_growing_weak_spot_in_Earth_s_magnetic_field#msdynmkt_trackingcontext=3ddebcde-8097-4587-afe4-14a673e40100\" hash=\"#msdynmkt_trackingcontext=3ddebcde-8097-4587-afe4-14a673e40100\" target=\"_blank\" class=\"hover:font-bold\" rel=\"nofollow noopener\">pressemelding<\/a>.<\/p>\n","protected":false},"excerpt":{"rendered":"If\u00f8lge ESA skjer det noe merkelig s\u00f8rvest for Afrika. Her har feltet begynt \u00e5 svekkes enda mer enn&hellip;\n","protected":false},"author":2,"featured_media":66280,"comment_status":"","ping_status":"","sticky":false,"template":"","format":"standard","meta":{"footnotes":""},"categories":[57],"tags":[30,28,29,65,63,64,66,70,69,67,68],"class_list":{"0":"post-66279","1":"post","2":"type-post","3":"status-publish","4":"format-standard","5":"has-post-thumbnail","7":"category-vitenskap-og-teknologi","8":"tag-no","9":"tag-norge","10":"tag-norway","11":"tag-science","12":"tag-science-and-technology","13":"tag-scienceandtechnology","14":"tag-technology","15":"tag-teknologi","16":"tag-vitenskap","17":"tag-vitenskap-og-teknologi","18":"tag-vitenskapteknologi"},"share_on_mastodon":{"url":"","error":""},"_links":{"self":[{"href":"https:\/\/www.europesays.com\/no\/wp-json\/wp\/v2\/posts\/66279","targetHints":{"allow":["GET"]}}],"collection":[{"href":"https:\/\/www.europesays.com\/no\/wp-json\/wp\/v2\/posts"}],"about":[{"href":"https:\/\/www.europesays.com\/no\/wp-json\/wp\/v2\/types\/post"}],"author":[{"embeddable":true,"href":"https:\/\/www.europesays.com\/no\/wp-json\/wp\/v2\/users\/2"}],"replies":[{"embeddable":true,"href":"https:\/\/www.europesays.com\/no\/wp-json\/wp\/v2\/comments?post=66279"}],"version-history":[{"count":0,"href":"https:\/\/www.europesays.com\/no\/wp-json\/wp\/v2\/posts\/66279\/revisions"}],"wp:featuredmedia":[{"embeddable":true,"href":"https:\/\/www.europesays.com\/no\/wp-json\/wp\/v2\/media\/66280"}],"wp:attachment":[{"href":"https:\/\/www.europesays.com\/no\/wp-json\/wp\/v2\/media?parent=66279"}],"wp:term":[{"taxonomy":"category","embeddable":true,"href":"https:\/\/www.europesays.com\/no\/wp-json\/wp\/v2\/categories?post=66279"},{"taxonomy":"post_tag","embeddable":true,"href":"https:\/\/www.europesays.com\/no\/wp-json\/wp\/v2\/tags?post=66279"}],"curies":[{"name":"wp","href":"https:\/\/api.w.org\/{rel}","templated":true}]}}