{"id":66291,"date":"2025-10-21T14:02:19","date_gmt":"2025-10-21T14:02:19","guid":{"rendered":"https:\/\/www.europesays.com\/no\/66291\/"},"modified":"2025-10-21T14:02:19","modified_gmt":"2025-10-21T14:02:19","slug":"skuespiller-dod-skuespiller-jan-frostad-er-dod","status":"publish","type":"post","link":"https:\/\/www.europesays.com\/no\/66291\/","title":{"rendered":"Skuespiller, D\u00f8d | Skuespiller Jan Frostad er d\u00f8d"},"content":{"rendered":"\n<p>Frostad d\u00f8de hjemme i Trondheim etter kort tids sykdom 20. oktober, opplyser hans eldste s\u00f8nn Gard Frostad Knudstad til BA.<\/p>\n<p>\u2013 Vi er knust og preget. V\u00e5r far har betydd mye for bergenserpublikummet, den bergenske scene og teateret i Bergen, sier Frostad Knudstad, og legger til:<\/p>\n<p>\u2013 Videre var han ogs\u00e5 nasjonal og med p\u00e5 store oppsetninger, film og TV, og mange kan nok huske han fra Fjernsynsteateret.<\/p>\n<p>S\u00f8nnen forteller at hans far elsket \u00e5 v\u00e6re skuespiller, at det var magisk \u00e5 f\u00e5 lov til \u00e5 v\u00e6re med ham i kulissene som liten, og at han har betydd mye for sine seks barn gjennom oppveksten.<\/p>\n<p>Tidlig p\u00e5 scenen<\/p>\n<p>Bergenseren, som ble f\u00f8dt 2. juli 1950, debuterte p\u00e5 Den Nationale Scene, DNS, som syv\u00e5ring.<\/p>\n<p>Han medvirket i flere forestillinger som barn og ungdom frem til han begynte p\u00e5 Statens Teaterh\u00f8gskole, der han ble uteksaminert i 1973.<\/p>\n<p>   <img decoding=\"async\" width=\"300\" height=\"300\" fetchpriority=\"low\"  loading=\"lazy\"  src=\"https:\/\/www.europesays.com\/no\/wp-content\/uploads\/2025\/10\/janfrostad-300x300.jpg\" alt=\"\" class=\"brick-c-cFOWSL\" style=\"--brick-image-ratio: 300 \/ 300;\"\/><\/p>\n<p>    Jan Frostad d\u00f8de mandag. Han ble 75 \u00e5r gammel.<br \/>\n    Foto: Tr\u00f8ndelag Teater\n  <\/p>\n<p>Gjennom sin karriere var han en allsidig skuespiller med lang fartstid p\u00e5 en rekke scener, som DNS, Rogaland Teater, Nationaltheatret, film og TV-serier, og senest ut ved Tr\u00f8ndelag Teater.<\/p>\n<p>P\u00e5 1970 og 1980-tallet gjorde han ogs\u00e5 en rekke opptredener og diktopplesninger i diverse TV-programmer for NRK.<\/p>\n<p>Forstad kom fra DNS til Tr\u00f8ndelag Teater i 1990 og var der med i 60 teaterproduksjoner. Han \u00abdebuterte\u00bb p\u00e5 tr\u00f8nderscenen med Shakespeare, og har siden v\u00e6rt innom Ibsen, Holberg, Tsjekov og flere av klassikerne.<\/p>\n<p>Han medvirket i over 150 produksjoner, inkludert teater, radioteater og fjernsynsteater.<\/p>\n","protected":false},"excerpt":{"rendered":"Frostad d\u00f8de hjemme i Trondheim etter kort tids sykdom 20. oktober, opplyser hans eldste s\u00f8nn Gard Frostad Knudstad&hellip;\n","protected":false},"author":2,"featured_media":66292,"comment_status":"","ping_status":"","sticky":false,"template":"","format":"standard","meta":{"footnotes":""},"categories":[10],"tags":[36,20,21,9488,2268,24,25,15,22,23,13,30,28,29,14,16,3318,1510,26,27],"class_list":{"0":"post-66291","1":"post","2":"type-post","3":"status-publish","4":"format-standard","5":"has-post-thumbnail","7":"category-norge","8":"tag-art","9":"tag-breaking-news","10":"tag-breakingnews","11":"tag-dns","12":"tag-dod","13":"tag-featured-news","14":"tag-featurednews","15":"tag-headlines","16":"tag-latest-news","17":"tag-latestnews","18":"tag-news","19":"tag-no","20":"tag-norge","21":"tag-norway","22":"tag-nyheter","23":"tag-overskrifter","24":"tag-skuespiller","25":"tag-story","26":"tag-top-stories","27":"tag-topstories"},"share_on_mastodon":{"url":"","error":""},"_links":{"self":[{"href":"https:\/\/www.europesays.com\/no\/wp-json\/wp\/v2\/posts\/66291","targetHints":{"allow":["GET"]}}],"collection":[{"href":"https:\/\/www.europesays.com\/no\/wp-json\/wp\/v2\/posts"}],"about":[{"href":"https:\/\/www.europesays.com\/no\/wp-json\/wp\/v2\/types\/post"}],"author":[{"embeddable":true,"href":"https:\/\/www.europesays.com\/no\/wp-json\/wp\/v2\/users\/2"}],"replies":[{"embeddable":true,"href":"https:\/\/www.europesays.com\/no\/wp-json\/wp\/v2\/comments?post=66291"}],"version-history":[{"count":0,"href":"https:\/\/www.europesays.com\/no\/wp-json\/wp\/v2\/posts\/66291\/revisions"}],"wp:featuredmedia":[{"embeddable":true,"href":"https:\/\/www.europesays.com\/no\/wp-json\/wp\/v2\/media\/66292"}],"wp:attachment":[{"href":"https:\/\/www.europesays.com\/no\/wp-json\/wp\/v2\/media?parent=66291"}],"wp:term":[{"taxonomy":"category","embeddable":true,"href":"https:\/\/www.europesays.com\/no\/wp-json\/wp\/v2\/categories?post=66291"},{"taxonomy":"post_tag","embeddable":true,"href":"https:\/\/www.europesays.com\/no\/wp-json\/wp\/v2\/tags?post=66291"}],"curies":[{"name":"wp","href":"https:\/\/api.w.org\/{rel}","templated":true}]}}