{"id":66295,"date":"2025-10-21T14:15:09","date_gmt":"2025-10-21T14:15:09","guid":{"rendered":"https:\/\/www.europesays.com\/no\/66295\/"},"modified":"2025-10-21T14:15:09","modified_gmt":"2025-10-21T14:15:09","slug":"norgesgruppen-legger-ned-butikkjeden-dollarstore","status":"publish","type":"post","link":"https:\/\/www.europesays.com\/no\/66295\/","title":{"rendered":"Norgesgruppen legger ned butikkjeden Dollarstore"},"content":{"rendered":"<p>\u2013 Kjeden har over tid hatt en negativ utvikling i kundetrafikk og omsetning, og tiltak som har v\u00e6rt gjennomf\u00f8rt for \u00e5 snu trenden \u2013 blant annet oppgraderinger av butikker, endringer i sortiment og justeringer i pris \u2013 har ikke gitt \u00f8nsket utvikling, heter det i en pressemelding.<\/p>\n<p>Avviklingen skal skje kontrollert og med fokus p\u00e5 ryddighet overfor ansatte, leverand\u00f8rer og andre samarbeidspartnere, opplyser selskapet.<\/p>\n<p>\u2013 Dette er en krevende beslutning, men den er tatt etter grundige vurderinger. Det er lagt ned et stort arbeid for \u00e5 utvikle konseptet, men vi har dessverre ikke lykkes med \u00e5 etablere en b\u00e6rekraftig drift, sier kjedeansvarlig Tormod Lier i meldingen.<\/p>\n<p>Det finnes 26 Dollarstore-butikker rundt omkring. Til sammen har kjeden rundt 150 faste ansatte og rundt 100 tilkallingsvikarer som n\u00e5 blir p\u00e5virket.<\/p>\n<p>Kjeden har blant annet butikk p\u00e5 S\u00f8rlandssenteret.<\/p>\n","protected":false},"excerpt":{"rendered":"\u2013 Kjeden har over tid hatt en negativ utvikling i kundetrafikk og omsetning, og tiltak som har v\u00e6rt&hellip;\n","protected":false},"author":2,"featured_media":66296,"comment_status":"","ping_status":"","sticky":false,"template":"","format":"standard","meta":{"footnotes":""},"categories":[10],"tags":[20,21,24,25,15,22,23,13,30,28,319,29,14,16,26,27],"class_list":{"0":"post-66295","1":"post","2":"type-post","3":"status-publish","4":"format-standard","5":"has-post-thumbnail","7":"category-norge","8":"tag-breaking-news","9":"tag-breakingnews","10":"tag-featured-news","11":"tag-featurednews","12":"tag-headlines","13":"tag-latest-news","14":"tag-latestnews","15":"tag-news","16":"tag-no","17":"tag-norge","18":"tag-norgesgruppen","19":"tag-norway","20":"tag-nyheter","21":"tag-overskrifter","22":"tag-top-stories","23":"tag-topstories"},"share_on_mastodon":{"url":"","error":""},"_links":{"self":[{"href":"https:\/\/www.europesays.com\/no\/wp-json\/wp\/v2\/posts\/66295","targetHints":{"allow":["GET"]}}],"collection":[{"href":"https:\/\/www.europesays.com\/no\/wp-json\/wp\/v2\/posts"}],"about":[{"href":"https:\/\/www.europesays.com\/no\/wp-json\/wp\/v2\/types\/post"}],"author":[{"embeddable":true,"href":"https:\/\/www.europesays.com\/no\/wp-json\/wp\/v2\/users\/2"}],"replies":[{"embeddable":true,"href":"https:\/\/www.europesays.com\/no\/wp-json\/wp\/v2\/comments?post=66295"}],"version-history":[{"count":0,"href":"https:\/\/www.europesays.com\/no\/wp-json\/wp\/v2\/posts\/66295\/revisions"}],"wp:featuredmedia":[{"embeddable":true,"href":"https:\/\/www.europesays.com\/no\/wp-json\/wp\/v2\/media\/66296"}],"wp:attachment":[{"href":"https:\/\/www.europesays.com\/no\/wp-json\/wp\/v2\/media?parent=66295"}],"wp:term":[{"taxonomy":"category","embeddable":true,"href":"https:\/\/www.europesays.com\/no\/wp-json\/wp\/v2\/categories?post=66295"},{"taxonomy":"post_tag","embeddable":true,"href":"https:\/\/www.europesays.com\/no\/wp-json\/wp\/v2\/tags?post=66295"}],"curies":[{"name":"wp","href":"https:\/\/api.w.org\/{rel}","templated":true}]}}