{"id":66314,"date":"2025-10-21T14:32:16","date_gmt":"2025-10-21T14:32:16","guid":{"rendered":"https:\/\/www.europesays.com\/no\/66314\/"},"modified":"2025-10-21T14:32:16","modified_gmt":"2025-10-21T14:32:16","slug":"dette-sender-start-direkte-til-eliteserien","status":"publish","type":"post","link":"https:\/\/www.europesays.com\/no\/66314\/","title":{"rendered":"Dette sender Start direkte til Eliteserien"},"content":{"rendered":"<p>S\u00e5 utrolig det enn kan h\u00f8res, s\u00e5 kan bunnlaget Skeid bli Starts n\u00f8kkel til opprykk. Start er nemlig det eneste av topplagene som skal m\u00f8te Skeid, og denne fordelen m\u00e5 utnyttes maksimalt gjennom \u00e5 b\u00f8tte inn m\u00e5l. Min datamaskin, popul\u00e6rt kalt hjernen, sp\u00e5r tidenes innspurt i OBOS, hvor tre lag ender p\u00e5 54 poeng; Kongsvinger, Start og \u00c5lesund. Start har ett m\u00e5l bedre m\u00e5lforskjell enn de to andre. Derfor m\u00e5 det scores p\u00e5 sjansene, og sjanser blir det definitivt mange av mot Skeid p\u00e5 onsdag.<\/p>\n<p><a href=\"https:\/\/www.fvn.no\/sport\/start\/i\/vgvAg4\/tror-dette-kommer-til-aa-handle-om-kongsvinger-og-start\" rel=\"nofollow noopener\" target=\"_blank\"> <img decoding=\"async\" src=\"data:image\/gif;base64,R0lGODlhEAAJAIAAAP\/\/\/wAAACH5BAEAAAAALAAAAAAQAAkAAAIKhI+py+0Po5yUFQA7\" alt=\"\"\/>   \u00abTror dette kommer til \u00e5 handle om Kongsvinger og Start\u00bb  <\/a> <\/p>\n<p>Start tar 9 poeng til, med seier i de tre f\u00f8rste og tap i siste mot Lyn. \u00c5lesund vinner tre og spiller uavgjort borte mot H\u00f8dd i siste. Kongsvinger har et knallt\u00f8ft program igjen, og de tar 7 poeng p\u00e5 sine fire siste. Dermed ender tre lag p\u00e5 54 poeng, og Start har best m\u00e5lforskjell etter seier 7-0 over Skeid. Formlaget Lyn tar 9 poeng, og sl\u00e5r blant andre Start, men taper for \u00c5lesund, s\u00e5 de ender ett poeng bak de tre andre.<\/p>\n<p>Dette sender Start direkte opp i Eliteserien.<\/p>\n","protected":false},"excerpt":{"rendered":"S\u00e5 utrolig det enn kan h\u00f8res, s\u00e5 kan bunnlaget Skeid bli Starts n\u00f8kkel til opprykk. Start er nemlig&hellip;\n","protected":false},"author":2,"featured_media":66315,"comment_status":"","ping_status":"","sticky":false,"template":"","format":"standard","meta":{"footnotes":""},"categories":[59],"tags":[134,92,303,30,28,29,337,9491,83,82],"class_list":{"0":"post-66314","1":"post","2":"type-post","3":"status-publish","4":"format-standard","5":"has-post-thumbnail","7":"category-sport","8":"tag-eliteserien","9":"tag-fotball","10":"tag-ik-start","11":"tag-no","12":"tag-norge","13":"tag-norway","14":"tag-obos-ligaen","15":"tag-skeid","16":"tag-sport","17":"tag-sports"},"share_on_mastodon":{"url":"","error":""},"_links":{"self":[{"href":"https:\/\/www.europesays.com\/no\/wp-json\/wp\/v2\/posts\/66314","targetHints":{"allow":["GET"]}}],"collection":[{"href":"https:\/\/www.europesays.com\/no\/wp-json\/wp\/v2\/posts"}],"about":[{"href":"https:\/\/www.europesays.com\/no\/wp-json\/wp\/v2\/types\/post"}],"author":[{"embeddable":true,"href":"https:\/\/www.europesays.com\/no\/wp-json\/wp\/v2\/users\/2"}],"replies":[{"embeddable":true,"href":"https:\/\/www.europesays.com\/no\/wp-json\/wp\/v2\/comments?post=66314"}],"version-history":[{"count":0,"href":"https:\/\/www.europesays.com\/no\/wp-json\/wp\/v2\/posts\/66314\/revisions"}],"wp:featuredmedia":[{"embeddable":true,"href":"https:\/\/www.europesays.com\/no\/wp-json\/wp\/v2\/media\/66315"}],"wp:attachment":[{"href":"https:\/\/www.europesays.com\/no\/wp-json\/wp\/v2\/media?parent=66314"}],"wp:term":[{"taxonomy":"category","embeddable":true,"href":"https:\/\/www.europesays.com\/no\/wp-json\/wp\/v2\/categories?post=66314"},{"taxonomy":"post_tag","embeddable":true,"href":"https:\/\/www.europesays.com\/no\/wp-json\/wp\/v2\/tags?post=66314"}],"curies":[{"name":"wp","href":"https:\/\/api.w.org\/{rel}","templated":true}]}}