{"id":66358,"date":"2025-10-21T15:22:13","date_gmt":"2025-10-21T15:22:13","guid":{"rendered":"https:\/\/www.europesays.com\/no\/66358\/"},"modified":"2025-10-21T15:22:13","modified_gmt":"2025-10-21T15:22:13","slug":"nei-vi-trenger-ikke-flere-unge-kristne","status":"publish","type":"post","link":"https:\/\/www.europesays.com\/no\/66358\/","title":{"rendered":"Nei, vi trenger ikke flere unge kristne"},"content":{"rendered":"\n<p class=\"_lead_o9xde_2 _lead_xtcu6_50 layout-component text-serif-m layout-normal text-serif-l layout-component layout-wide layout-padded _wide_17hqh_1 layout-padded\">Unge s\u00f8ker kirken. Vi som vil ha politikk uten religion, m\u00e5 si fra.<\/p>\n<p><img alt=\"\" class=\"_image_qp4xg_65 layout-component layout-wide\" data-fullscreen- data-track-element-type=\"Article image fullscreen\" data-track-name=\"ImageFullscreen\" fetchpriority=\"high\" decoding=\"sync\" loading=\"eager\" height=\"3324\" itemprop=\"image\"  src=\"https:\/\/www.europesays.com\/no\/wp-content\/uploads\/2025\/10\/56b2bff4-64bb-44f7-afff-40bc3033c5bd\"  style=\"object-position:53.306674869271% 40.7791817087846%\" width=\"3251\"\/>Tirsdag 21. oktober kl. 12:58     <strong class=\"_name_ygndg_51 title-serif-xs\">Av: ERLEND SKAUG INGEBRIGTSEN <\/strong><\/p>\n<p class=\"_paragraph_o9xde_4 text-sans-m _description_ygndg_56\">Tidligere r\u00e5dgiver for Nordland Arbeiderparti<\/p>\n<p class=\"_paragraph_o9xde_4 _paragraph_xtcu6_10 layout-component text-serif-m layout-normal text-serif-m layout-padded\">Norske unge er i en meningskrise. <\/p>\n<p class=\"_paragraph_o9xde_4 _paragraph_xtcu6_10 layout-component text-serif-m layout-normal text-serif-m layout-padded\">Det er den eneste rasjonelle forklaringen p\u00e5 at unge if\u00f8lge TV2 <a href=\"https:\/\/www.tv2.no\/nyheter\/innenriks\/unge-strommer-til-frimenighetene\/17102200\/\" class=\"_link_o9xde_39\" rel=\"nofollow noopener\" target=\"_blank\">str\u00f8mmer til frikirkene<\/a>, og at innmeldinger i Den norske kirke <a href=\"https:\/\/www.aftenposten.no\/norge\/i\/zAvpob\/flere-unge-blir-kristne-i-en-usikker-tid-leter-man-etter-noe-sant-aa-holde-fast-ved\" class=\"_link_o9xde_39\" rel=\"nofollow noopener\" target=\"_blank\">\u00f8ker kraftig.<\/a><\/p>\n<p class=\"_paragraph_o9xde_4 _paragraph_xtcu6_10 layout-component text-serif-m layout-normal text-serif-m layout-padded\">I bevegelser som Pinsebevegelsen lokkes man inn med sang og musikk, samhold og kristne verdier. <\/p>\n<p class=\"_paragraph_o9xde_4 _paragraph_xtcu6_10 layout-component text-serif-m layout-normal text-serif-m layout-padded\">P\u00e5 bunnen hviler en tro p\u00e5 helvete for de som ikke aksepterer Jesus som sin frelser, at ekteskapet er mellom mann og kvinne, og at det de tror p\u00e5 er den ene, absolutte sannheten.<\/p>\n<p class=\"_paragraph_o9xde_4 _paragraph_xtcu6_10 layout-component text-serif-m layout-normal text-serif-m layout-padded\">B\u00f8r vi virkelig akseptere at det i religi\u00f8se grupper i samfunnet v\u00e5rt dyrkes denne typen holdninger?<\/p>\n<p class=\"_paragraph_o9xde_4 _paragraph_xtcu6_10 layout-component text-serif-m layout-normal text-serif-m layout-padded\"><strong class=\"_strong_o9xde_25\">Karl Popper l\u00f8ftet i 1945 paradokset ved \u00e5 \u00abtolerere de intolerante\u00bb. <\/strong><\/p>\n<p class=\"_paragraph_o9xde_4 _paragraph_xtcu6_10 layout-component text-serif-m layout-normal text-serif-m layout-padded\">Popper mente at n\u00e5r vi ikke im\u00f8teg\u00e5r intolerante ideologier \u2013 som de som hevder \u00e5 ha den eneste sannheten \u2013 \u00e5pner vi en blindside i det \u00e5pne samfunnet som lett kan utnyttes.<\/p>\n<p class=\"_paragraph_o9xde_4 _paragraph_xtcu6_10 layout-component text-serif-m layout-normal text-serif-m layout-padded\">Se bare til USA \u2013 hvor kristennasjonalismen og kristen fundamentalisme holder p\u00e5 \u00e5 fort\u00e6re samfunnet innenfra. <\/p>\n<p class=\"_paragraph_o9xde_4 _paragraph_xtcu6_10 layout-component text-serif-m layout-normal text-serif-m layout-padded\">Politikken oversv\u00f8mmes av religi\u00f8s fundamentalisme, som vi aldri hadde akseptert fra andre religioner.<\/p>\n<p class=\"_paragraph_o9xde_4 _paragraph_xtcu6_10 layout-component text-serif-m layout-normal text-serif-m layout-padded\">Realiteten her hjemme ble veldig tydelig etter det grusomme attentatet p\u00e5 Charlie Kirk. <\/p>\n<p><img alt=\"President Donald Trump med Erika Kirk ved minnegudstjenesten for mannen hennes, Charlie Kirk, p\u00e5 State Farm Arena i Glendale, Arizona  Foto: Thomas Nilsson \/ VG\" class=\"_image_qp4xg_65 layout-component layout-normal\" data-fullscreen- data-track-element-type=\"Article image fullscreen\" data-track-name=\"ImageFullscreen\" decoding=\"async\" loading=\"lazy\" height=\"2760\" itemprop=\"image\"  src=\"https:\/\/www.europesays.com\/no\/wp-content\/uploads\/2025\/10\/fe09456a-f549-4337-95d0-39975e1b12fc\"  style=\"object-position:0% 0%\" width=\"2571\"\/>President Donald Trump med Erika Kirk ved minnegudstjenesten for mannen hennes, Charlie Kirk, p\u00e5 State Farm Arena i Glendale, Arizona  Foto: Thomas Nilsson \/ VG<\/p>\n<p class=\"_paragraph_o9xde_4 _paragraph_xtcu6_10 layout-component text-serif-m layout-normal text-serif-m layout-padded\"><strong class=\"_strong_o9xde_25\">Kirk, som var <a href=\"https:\/\/www.vg.no\/tag\/donald-trump-2?utm_source=vg-article&amp;utm_medium=auto-tagger&amp;utm_campaign=vgv5yl\" class=\"_link_o9xde_39\" rel=\"nofollow noopener\" target=\"_blank\">Donald Trumps<\/a> favoritt-l\u00f8pegutt. <\/strong><\/p>\n<p class=\"_paragraph_o9xde_4 _paragraph_xtcu6_10 layout-component text-serif-m layout-normal text-serif-m layout-padded\">En president som st\u00e5r for alt annet enn kristne verdier, men i hvert fall later som, og har utnyttet kristen naivitet for \u00e5 komme til makten.<\/p>\n<p class=\"_paragraph_o9xde_4 _paragraph_xtcu6_10 layout-component text-serif-m layout-normal text-serif-m layout-padded\">Unge kristne flommet til sosiale medier for \u00e5 uttrykke st\u00f8tte til Kirk, \u00e5penbart uten \u00e5 ha forst\u00e5tt eller satt seg veldig inn i hans bidrag til splittelse og hat i amerikansk politikk og samfunn. <\/p>\n<p class=\"_paragraph_o9xde_4 _paragraph_xtcu6_10 layout-component text-serif-m layout-normal text-serif-m layout-padded\">I Norge stod de velvillig p\u00e5 Debatten og fortalte om hans fortreffelighet.<\/p>\n<p class=\"_paragraph_o9xde_4 _paragraph_xtcu6_10 layout-component text-serif-m layout-normal text-serif-m layout-padded\">Subjekt-redakt\u00f8r Danby Choi st\u00f8ttet b\u00e5de Kirk, og er n\u00e5 ogs\u00e5 ute for \u00e5 <a href=\"https:\/\/x.com\/danbychoi\/status\/1978932947194646970\" class=\"_link_o9xde_39\" rel=\"nofollow\">st\u00f8tte kirken. <\/a><\/p>\n<p class=\"_paragraph_o9xde_4 _paragraph_xtcu6_10 layout-component text-serif-m layout-normal text-serif-m layout-padded\">Ganske spr\u00f8tt for en som er s\u00e5 opptatt av individets frihet, og n\u00e5r vi n\u00e5 ser en kristen bevegelse som er s\u00e5 opptatt av \u00e5 ta fra alle ikke-kristne deres.<\/p>\n<p><img alt=\"Foto: Paul S. Amundsen \/ NTB\" class=\"_image_qp4xg_65 layout-component layout-normal\" data-fullscreen- data-track-element-type=\"Article image fullscreen\" data-track-name=\"ImageFullscreen\" decoding=\"async\" loading=\"lazy\" height=\"3934\" itemprop=\"image\"  src=\"https:\/\/www.europesays.com\/no\/wp-content\/uploads\/2025\/10\/7e7def7d-1974-42cd-a5ae-bd8395d24d16\"  style=\"object-position:0% 0%\" width=\"3525\"\/>Foto: Paul S. Amundsen \/ NTB<\/p>\n<p class=\"_paragraph_o9xde_4 _paragraph_xtcu6_10 layout-component text-serif-m layout-normal text-serif-m layout-padded\">Hva hadde vi tenkt om unge muslimer kom ut i det offentlige rom i stort monn for \u00e5 gi sin st\u00f8tte til islam-influensere som \u00f8nsket \u00e5 innf\u00f8re sharia-lov i Norge, eller gj\u00f8re det til en muslimsk stat, slik som kristennasjonalister i USA vil?<\/p>\n<p class=\"_paragraph_o9xde_4 _paragraph_xtcu6_10 layout-component text-serif-m layout-normal text-serif-m layout-padded\">Dette forteller meg at religion ikke lenger er et privat anliggende, og vi ser n\u00e5 hvordan folk tar med seg den fanatiske troen sin p\u00e5 2000 \u00e5r gamle tekster inn i politikken.<\/p>\n<p class=\"_paragraph_o9xde_4 _paragraph_xtcu6_10 layout-component text-serif-m layout-normal text-serif-m layout-padded\">Det er vi n\u00f8dt til \u00e5 gj\u00f8re mer for \u00e5 im\u00f8teg\u00e5. <\/p>\n<p class=\"_paragraph_o9xde_4 _paragraph_xtcu6_10 layout-component text-serif-m layout-normal text-serif-m layout-padded\">Vi trenger ikke flere unge evangeliske kristne, og vi trenger ikke religion i politikken.<\/p>\n<p class=\"_paragraph_o9xde_4 _paragraph_xtcu6_10 layout-component text-serif-m layout-normal text-serif-m layout-padded\">N\u00e5r det er sagt, s\u00e5 b\u00f8r den voksende religi\u00f8siteten blant unge fortelle oss at det sekul\u00e6re og liberale samfunnet vi lever i ikke leverer den meningen, retningen og livskvaliteten som unge trenger i dag.<\/p>\n<p class=\"_paragraph_o9xde_4 _paragraph_xtcu6_10 layout-component text-serif-m layout-normal text-serif-m layout-padded\">Hvis vi ikke lager et samfunn som klarer dette, uten \u00e5 tro p\u00e5 vanvittige fortellinger \u2013 enten det er tarotkort, islam eller kristendom \u2013 s\u00e5 er det ille ute med demokratiet v\u00e5rt i neste omgang.<\/p>\n<p>   Dette er en kronikk. Kronikken gir uttrykk for skribentens holdning. Du kan sende inn kronikker og debattinnlegg til <a class=\"_link_jv5ak_10\" href=\"https:\/\/www.vg.no\/nyheter\/i\/vgv5yl\/mailto:debatt@vg.no\" rel=\"nofollow noopener\" target=\"_blank\">debatt@vg.no<\/a>. Unge meninger-prosjektet er finansiert med st\u00f8tte av Stiftelsen Tinius. <a class=\"_link_jv5ak_10\" href=\"https:\/\/www.vg.no\/informasjon\/redaksjonelle-avgjorelser\/240\" rel=\"nofollow noopener\" target=\"_blank\">Les mer<\/a>. <\/p>\n","protected":false},"excerpt":{"rendered":"Unge s\u00f8ker kirken. Vi som vil ha politikk uten religion, m\u00e5 si fra. Tirsdag 21. oktober kl. 12:58&hellip;\n","protected":false},"author":2,"featured_media":66359,"comment_status":"","ping_status":"","sticky":false,"template":"","format":"standard","meta":{"footnotes":""},"categories":[10],"tags":[20,21,55,24,25,15,4663,22,23,13,30,28,29,14,16,905,26,27,1130,103],"class_list":{"0":"post-66358","1":"post","2":"type-post","3":"status-publish","4":"format-standard","5":"has-post-thumbnail","7":"category-norge","8":"tag-breaking-news","9":"tag-breakingnews","10":"tag-donald-trump","11":"tag-featured-news","12":"tag-featurednews","13":"tag-headlines","14":"tag-kristne-verdier","15":"tag-latest-news","16":"tag-latestnews","17":"tag-news","18":"tag-no","19":"tag-norge","20":"tag-norway","21":"tag-nyheter","22":"tag-overskrifter","23":"tag-religion","24":"tag-top-stories","25":"tag-topstories","26":"tag-tv2","27":"tag-vgmeninger"},"share_on_mastodon":{"url":"","error":""},"_links":{"self":[{"href":"https:\/\/www.europesays.com\/no\/wp-json\/wp\/v2\/posts\/66358","targetHints":{"allow":["GET"]}}],"collection":[{"href":"https:\/\/www.europesays.com\/no\/wp-json\/wp\/v2\/posts"}],"about":[{"href":"https:\/\/www.europesays.com\/no\/wp-json\/wp\/v2\/types\/post"}],"author":[{"embeddable":true,"href":"https:\/\/www.europesays.com\/no\/wp-json\/wp\/v2\/users\/2"}],"replies":[{"embeddable":true,"href":"https:\/\/www.europesays.com\/no\/wp-json\/wp\/v2\/comments?post=66358"}],"version-history":[{"count":0,"href":"https:\/\/www.europesays.com\/no\/wp-json\/wp\/v2\/posts\/66358\/revisions"}],"wp:featuredmedia":[{"embeddable":true,"href":"https:\/\/www.europesays.com\/no\/wp-json\/wp\/v2\/media\/66359"}],"wp:attachment":[{"href":"https:\/\/www.europesays.com\/no\/wp-json\/wp\/v2\/media?parent=66358"}],"wp:term":[{"taxonomy":"category","embeddable":true,"href":"https:\/\/www.europesays.com\/no\/wp-json\/wp\/v2\/categories?post=66358"},{"taxonomy":"post_tag","embeddable":true,"href":"https:\/\/www.europesays.com\/no\/wp-json\/wp\/v2\/tags?post=66358"}],"curies":[{"name":"wp","href":"https:\/\/api.w.org\/{rel}","templated":true}]}}