{"id":66362,"date":"2025-10-21T15:25:26","date_gmt":"2025-10-21T15:25:26","guid":{"rendered":"https:\/\/www.europesays.com\/no\/66362\/"},"modified":"2025-10-21T15:25:26","modified_gmt":"2025-10-21T15:25:26","slug":"alexander-sorloth-barn-lena-ville-ikke-ha-alexander-med-under-fodselen-ville-irritert-meg","status":"publish","type":"post","link":"https:\/\/www.europesays.com\/no\/66362\/","title":{"rendered":"Alexander S\u00f8rloth, Barn | Lena ville ikke ha Alexander med under f\u00f8dselen: \u2013 Ville irritert meg"},"content":{"rendered":"\n<p>\u2013 Aller f\u00f8rst tenkte jeg at han ikke skal v\u00e6re med uansett. Jeg er privat av meg. Det er tanken p\u00e5 alle luktene, lydene, det var bare ikke veldig fristende \u00e5 ha ham med. Jeg sa det til \u00e5 begynne med: \u00abDu f\u00e5r ikke v\u00e6re med\u00bb.<\/p>\n<p>Det forteller Lena Selnes i en fersk episode av podkasten F\u00f8dselspodden med Tuva Fellman. Vester\u00e5lingen og fotballstjernen Alexander S\u00f8rloth fra Trondheim fikk sitt f\u00f8rste barn sammen p\u00e5 morgenkvisten 21. april i fjor, men det var uten S\u00f8rloth til stede p\u00e5 f\u00f8den.<\/p>\n<p>I episoden \u00e5pner Selnes opp om hvorfor hun ikke \u00f8nsket pappa S\u00f8rloth til stede under selve f\u00f8dselen.<\/p>\n<p>\u2013 Vi har snart v\u00e6rt sammen i ti \u00e5r. Vi er ikke et s\u00e5nt par som raper og fjerter rundt hverandre, og det gj\u00f8r jeg ikke foran venner heller. Det bare er ikke meg. Jeg tror jeg ville tenkt mer p\u00e5 akkurat slike ting (luktene, lydene, inntrykkene journ.anm.) under en f\u00f8dsel enn at jeg skulle f\u00f8de om han var der. Det ville irritert meg om jeg m\u00e5tte ha tatt hensyn til det n\u00e5r det er jeg som skal f\u00f8de, forteller hun \u00e5pent i podkasten.<\/p>\n<p>  <a href=\"https:\/\/www.nidaros.no\/5-113-519106\" class=\"related-teaser has-image default-story-teaser article--c-eRUmMG article--c-eRUmMG-jKCPdD-design-default\" rel=\"nofollow noopener\" target=\"_blank\"><\/p>\n<p>    <img decoding=\"async\" loading=\"lazy\"  src=\"https:\/\/www.europesays.com\/no\/wp-content\/uploads\/2025\/10\/Skjermbilde+2023-11-21+201802.png\" alt=\"\" class=\"brick-c-cFOWSL\" style=\"\"\/><\/p>\n<p>\n            Les ogs\u00e5<\/p>\n<p>              Babylykke for S\u00f8rloth\n        <\/p>\n<p>  <\/a><br \/>\n  \u2013 Fikk litt vondt i meg<\/p>\n<p>Hun innr\u00f8mmer at venner og familie reagerte p\u00e5 avgj\u00f8relsen, og da hun fors\u00f8kte \u00e5 sp\u00f8rre Google, var det kun negative kommentarer \u00e5 oppdrive i ulike forum.<\/p>\n<p>\u2013 Jeg fikk litt vondt i meg, men jeg f\u00f8lte at Alex hele tiden var \u00e6rlig p\u00e5 at han er der hvis jeg vil, men om jeg ikke vil, s\u00e5 er det greit det ogs\u00e5.<\/p>\n<p>P\u00e5 sp\u00f8rsm\u00e5l fra Fellman om hva hun hadde sagt om S\u00f8rloth hadde ytret \u00f8nske om \u00e5 v\u00e6re der, svarer Selnes:<\/p>\n<p>\u2013 Da hadde jeg slitt litt.<\/p>\n<p>\u2013 Jeg f\u00f8ler at han har sine kampforberedelser, rutiner p\u00e5 hva han gj\u00f8r f\u00f8r kamp, og det respekterer jeg. Dette var min kamp, og han respekterte det veldig bra.<\/p>\n<p>  <a href=\"https:\/\/www.nidaros.no\/5-113-427381\" class=\"related-teaser has-image default-feature-teaser article--c-eRUmMG article--c-eRUmMG-jKCPdD-design-default\" rel=\"nofollow noopener\" target=\"_blank\"><\/p>\n<p>    <img decoding=\"async\" loading=\"lazy\"  src=\"https:\/\/www.europesays.com\/no\/wp-content\/uploads\/2025\/10\/Lena+Selnes+og+Alexander+S%C3%B8rloth+(2)_1.jpeg\" alt=\"\" class=\"brick-c-cFOWSL\" style=\"\"\/><\/p>\n<p>\n            Les ogs\u00e5<\/p>\n<p>              Lena (28) kommer med avsl\u00f8ringer om kj\u00e6resten Alexander (27)\n        <\/p>\n<p>  <\/a><\/p>\n<p>Hun deler ogs\u00e5 f\u00f8dselshistorien med podkasten. Murringen startet natt til fredag, men hun varslet ikke barnefar i tilfelle det ikke viste seg \u00e5 v\u00e6re noe. Klokken 15, etter at han var ferdig p\u00e5 trening, fortalte hun at hun trodde noe var p\u00e5 gang.<\/p>\n<p>Paret dro p\u00e5 sykehuset og legene mente det fortsatt gjensto litt tid f\u00f8r Selnes ville v\u00e6re i aktiv f\u00f8dsel. Med den beskjeden tilsluttet S\u00f8rloth seg laget sitt, Villarreal, for reise til bortekamp s\u00f8ndag.<\/p>\n<p>Men f\u00f8dselen gikk i gang. S\u00f8ndag morgen kom deres f\u00f8rste barn.<\/p>\n<p>\u2013 Plutselig var hun der.<\/p>\n<p>Facebook-melding<\/p>\n<p>Med babyen p\u00e5 brystet var Selnes letta og glad for at alt hadde g\u00e5tt fint.<\/p>\n<p>\u2013 Samtidig tenkte jeg at \u00abn\u00e5 b\u00f8r jeg kanskje ringe Alex snart, han vet ikke hva som har skjedd.\u00bb Men p\u00e5 kampdag bruker han \u00e5 sove ut, s\u00e5 det er ikke vits \u00e5 ringe ham klokken syv. S\u00e5 jeg skrev p\u00e5 Facebook \u00abHo klarte ikkje \u00e5 vent\u00bb, forteller Selnes i F\u00f8dselspodden.<\/p>\n<p>Straks han v\u00e5knet, ringte S\u00f8rloth samboeren sin p\u00e5 FaceTime. Selnes forteller at han var overrasket.<\/p>\n<p>\u2013 Han trodde det skulle skje da han kom hjem fra kamp.<\/p>\n<p>P\u00e5 ettermiddagen scorer trondhjemmeren seiersm\u00e5let til Villarreal og feirer med tommel i munnen. S\u00e5 haster han hjem til mor og sin nyf\u00f8dte datter.<\/p>\n<p>\u2013 Han overs\u00e5 meg og gikk rett til henne, men han fikk ikke kose med henne s\u00e5 veldig lenge, for han m\u00e5tte rett p\u00e5 Maccern for \u00e5 kj\u00f8pe mat til meg, sier Selnes og ler.<\/p>\n<p>  <a href=\"https:\/\/www.nidaros.no\/5-113-557126\" class=\"related-teaser has-image default-story-teaser article--c-eRUmMG article--c-eRUmMG-jKCPdD-design-default\" rel=\"nofollow noopener\" target=\"_blank\"><\/p>\n<p>    <img decoding=\"async\" loading=\"lazy\"  src=\"https:\/\/www.europesays.com\/no\/wp-content\/uploads\/2025\/10\/IMG_2416.jpg\" alt=\"\" class=\"brick-c-cFOWSL\" style=\"\"\/><\/p>\n<p>\n            Les ogs\u00e5<\/p>\n<p>              Tror paret kan f\u00e5 et dilemma: \u2013 Kan sitte langt inne\n        <\/p>\n<p>  <\/a><\/p>\n<p>Flere har f\u00e5tt med seg at S\u00f8rloth ikke var tilstede under f\u00f8dselen og Villarreal legger ut en hyllest av fotballspilleren som valgte \u00e5 reise med laget for kamp, selv om han hadde f\u00e5tt tillatelse av klubben til \u00e5 v\u00e6re med p\u00e5 f\u00f8dselen.<\/p>\n<p>\u2013 Det kom mange kommentarer om at han allerede er en d\u00e5rlig far og frav\u00e6rende fra dag en. P\u00e5 morgenshowet i Spania var det en egen overskrift \u00abEr S\u00f8rloth en god far?\u00bb, gjenforteller Selnes.<\/p>\n<p>\u2013 Det var litt urettferdig for hans del. Jeg synes det var litt artig, men det synes ikke han.<\/p>\n<p>Venter nummer to<\/p>\n<p>Lena Selnes og Alexander S\u00f8rloth m\u00f8ttes da hun var student i Bod\u00f8 og han spilte for Bod\u00f8\/Glimt. N\u00e5, n\u00e6r ti \u00e5r senere, venter de barn nummer to.<\/p>\n<p>S\u00f8rloth overbrakte nyheten selv etter \u00e5 ha banket inn Norges f\u00f8rste av tre m\u00e5l da Italia gjestet Ullevaal i juni. Han feiret med \u00e5 ta ballen under tr\u00f8ya, noe som er en vanlig feiring for de som venter barn.<\/p>\n<p>   <img decoding=\"async\" width=\"4864\" height=\"3240\" fetchpriority=\"low\"  loading=\"lazy\"  src=\"https:\/\/www.europesays.com\/no\/wp-content\/uploads\/2025\/10\/NTB_dTTp3UPUmA8.jpg\" alt=\"Oslo 20250606. &#10;Norges spillere jubler etter 1-0 m\u00e5let til Alexander S\u00f8rloth under VM-kvalifiseringskampen i fotball for menn mellom Norge og Italia p\u00e5 Ullevaal stadion i Oslo.&#10;Foto: Cornelius Poppe \/ NTB\" class=\"brick-c-cFOWSL\" style=\"--brick-image-ratio: 4864 \/ 3240;\"\/><\/p>\n<p>    Norges spillere jublet etter 1-0 m\u00e5let til Alexander S\u00f8rloth under VM-kvalifiseringskampen i fotball for menn mellom Norge og Italia p\u00e5 Ullevaal stadion i Oslo.<br \/>\n    Foto: Cornelius Poppe, NTB\n  <\/p>\n<p>\u2013 Barn nummer to p\u00e5 deg. Er det hemmeligheten for avslutningen p\u00e5 sesongen?<\/p>\n<p>\u2013 Det var akkurat samme som sist. Avslutta i Villarreal da Lena var gravid og jeg b\u00f8tta inn m\u00e5l. S\u00e5 jeg tror jeg skal lage s\u00e5mange unger som mulig, sa S\u00f8rloth til NRK og VG etter kampen.<\/p>\n<p>  <a href=\"https:\/\/www.nidaros.no\/5-113-406842\" class=\"related-teaser has-image default-story-teaser article--c-eRUmMG article--c-eRUmMG-jKCPdD-design-default\" rel=\"nofollow noopener\" target=\"_blank\"><\/p>\n<p>    <img decoding=\"async\" loading=\"lazy\"  src=\"https:\/\/www.europesays.com\/no\/wp-content\/uploads\/2025\/10\/selnescollage.jpg\" alt=\"\" class=\"brick-c-cFOWSL\" style=\"\"\/><\/p>\n<p>\n            Les ogs\u00e5<\/p>\n<p>              Lena (27) er kj\u00e6reste med fotballstjernen S\u00f8rloth: \u2013 Har jo ikke levd s\u00e5nn hele tiden\n        <\/p>\n<p>  <\/a><\/p>\n<p>Selnes er over halvveis i graviditieten n\u00e5r hun gjester Fellmans studio. P\u00e5 sp\u00f8rsm\u00e5l om de \u00f8nsker enda flere barn, forteller Selnes at samboeren har \u00ablyst p\u00e5 veldig mange unger\u00bb.<\/p>\n<p>\u2013 Han sier han har lyst p\u00e5 fem, men om det blir seks eller syv, s\u00e5 g\u00e5r ogs\u00e5 det fint. Men det kan han bare glemme. Det skjer ikke.<\/p>\n<p>Selv har hun lyst p\u00e5 tre f\u00f8rst for \u00e5 se om de kanskje finner ut at det er nok.<\/p>\n<p>\u2013 Men jeg tror vi ender opp p\u00e5 fire, hvis jeg skal tippe.<\/p>\n","protected":false},"excerpt":{"rendered":"\u2013 Aller f\u00f8rst tenkte jeg at han ikke skal v\u00e6re med uansett. Jeg er privat av meg. Det&hellip;\n","protected":false},"author":2,"featured_media":66363,"comment_status":"","ping_status":"","sticky":false,"template":"","format":"standard","meta":{"footnotes":""},"categories":[59],"tags":[3033,36,1301,92,3066,30,28,29,83,82,1510],"class_list":{"0":"post-66362","1":"post","2":"type-post","3":"status-publish","4":"format-standard","5":"has-post-thumbnail","7":"category-sport","8":"tag-alexander-sorloth","9":"tag-art","10":"tag-barn","11":"tag-fotball","12":"tag-fodsel","13":"tag-no","14":"tag-norge","15":"tag-norway","16":"tag-sport","17":"tag-sports","18":"tag-story"},"share_on_mastodon":{"url":"","error":""},"_links":{"self":[{"href":"https:\/\/www.europesays.com\/no\/wp-json\/wp\/v2\/posts\/66362","targetHints":{"allow":["GET"]}}],"collection":[{"href":"https:\/\/www.europesays.com\/no\/wp-json\/wp\/v2\/posts"}],"about":[{"href":"https:\/\/www.europesays.com\/no\/wp-json\/wp\/v2\/types\/post"}],"author":[{"embeddable":true,"href":"https:\/\/www.europesays.com\/no\/wp-json\/wp\/v2\/users\/2"}],"replies":[{"embeddable":true,"href":"https:\/\/www.europesays.com\/no\/wp-json\/wp\/v2\/comments?post=66362"}],"version-history":[{"count":0,"href":"https:\/\/www.europesays.com\/no\/wp-json\/wp\/v2\/posts\/66362\/revisions"}],"wp:featuredmedia":[{"embeddable":true,"href":"https:\/\/www.europesays.com\/no\/wp-json\/wp\/v2\/media\/66363"}],"wp:attachment":[{"href":"https:\/\/www.europesays.com\/no\/wp-json\/wp\/v2\/media?parent=66362"}],"wp:term":[{"taxonomy":"category","embeddable":true,"href":"https:\/\/www.europesays.com\/no\/wp-json\/wp\/v2\/categories?post=66362"},{"taxonomy":"post_tag","embeddable":true,"href":"https:\/\/www.europesays.com\/no\/wp-json\/wp\/v2\/tags?post=66362"}],"curies":[{"name":"wp","href":"https:\/\/api.w.org\/{rel}","templated":true}]}}