{"id":66364,"date":"2025-10-21T15:30:11","date_gmt":"2025-10-21T15:30:11","guid":{"rendered":"https:\/\/www.europesays.com\/no\/66364\/"},"modified":"2025-10-21T15:30:11","modified_gmt":"2025-10-21T15:30:11","slug":"mittlillestrom-butikk-dollarstore-legger-ned-250-ansatte-pavirkes","status":"publish","type":"post","link":"https:\/\/www.europesays.com\/no\/66364\/","title":{"rendered":"MittLillestr\u00f8m, Butikk | Dollarstore legger ned: 250 ansatte p\u00e5virkes"},"content":{"rendered":"\n<p>\u2013 Kjeden har over tid hatt en negativ utvikling i kundetrafikk og omsetning, og tiltak som har v\u00e6rt gjennomf\u00f8rt for \u00e5 snu trenden \u2013 blant annet oppgraderinger av butikker, endringer i sortiment og justeringer i pris \u2013 har ikke gitt \u00f8nsket utvikling, heter det i en pressemelding.<\/p>\n<p>Avviklingen skal skje kontrollert og med fokus p\u00e5 ryddighet overfor ansatte, leverand\u00f8rer og andre samarbeidspartnere, opplyser selskapet.<\/p>\n<p>\u2013 Dette er en krevende beslutning, men den er tatt etter grundige vurderinger. Det er lagt ned et stort arbeid for \u00e5 utvikle konseptet, men vi har dessverre ikke lykkes med \u00e5 etablere en b\u00e6rekraftig drift, sier kjedeansvarlig Tormod Lier i meldingen.<\/p>\n<p>Det finnes 26 Dollarstore-butikker rundt omkring. Til sammen har kjeden rundt 150 faste ansatte og rundt 100 tilkallingsvikarer som n\u00e5 blir p\u00e5virket.<\/p>\n<p>Dollarstore har to butikker p\u00e5 Romerike, i Lillestr\u00f8m og p\u00e5 Bj\u00f8rkelangen.<\/p>\n<p>  <a href=\"https:\/\/www.rb.no\/5-43-2593230\" class=\"related-teaser has-image default-story-teaser article--c-eRUmMG article--c-eRUmMG-jKCPdD-design-default\" rel=\"nofollow noopener\" target=\"_blank\"><\/p>\n<p>    <img decoding=\"async\" loading=\"lazy\"  src=\"https:\/\/www.europesays.com\/no\/wp-content\/uploads\/2025\/10\/tagg.jpg\" alt=\"\" class=\"brick-c-cFOWSL\" style=\"\"\/><\/p>\n<p>\n            Les ogs\u00e5<\/p>\n<p>              M\u00f8tt av sjokksyn ved kirken: \u2013 Budskapet burde man ta p\u00e5 alvor\n        <\/p>\n<p>  <\/a><\/p>\n<p>  <a href=\"https:\/\/www.rb.no\/5-43-2592912\" class=\"related-teaser has-image default-story-teaser article--c-eRUmMG article--c-eRUmMG-jKCPdD-design-default\" rel=\"nofollow noopener\" target=\"_blank\"><\/p>\n<p>    <img decoding=\"async\" loading=\"lazy\"  src=\"https:\/\/www.europesays.com\/no\/wp-content\/uploads\/2025\/10\/Uthus+2.JPG\" alt=\"\" class=\"brick-c-cFOWSL\" style=\"\"\/><\/p>\n<p>\n            Les ogs\u00e5<\/p>\n<p>              M\u00e5 fjerne ulovlig uthus \u2013 f\u00e5r ikke reparert vannlekkasje\n        <\/p>\n<p>  <\/a><\/p>\n","protected":false},"excerpt":{"rendered":"\u2013 Kjeden har over tid hatt en negativ utvikling i kundetrafikk og omsetning, og tiltak som har v\u00e6rt&hellip;\n","protected":false},"author":2,"featured_media":66365,"comment_status":"","ping_status":"","sticky":false,"template":"","format":"standard","meta":{"footnotes":""},"categories":[10],"tags":[36,1177,20,21,3884,9497,24,25,15,22,23,729,7958,13,30,28,29,14,16,1510,26,27],"class_list":{"0":"post-66364","1":"post","2":"type-post","3":"status-publish","4":"format-standard","5":"has-post-thumbnail","7":"category-norge","8":"tag-art","9":"tag-aurskog-holand","10":"tag-breaking-news","11":"tag-breakingnews","12":"tag-butikk","13":"tag-dollarstore","14":"tag-featured-news","15":"tag-featurednews","16":"tag-headlines","17":"tag-latest-news","18":"tag-latestnews","19":"tag-lillestrom","20":"tag-mittlillestrom","21":"tag-news","22":"tag-no","23":"tag-norge","24":"tag-norway","25":"tag-nyheter","26":"tag-overskrifter","27":"tag-story","28":"tag-top-stories","29":"tag-topstories"},"share_on_mastodon":{"url":"","error":""},"_links":{"self":[{"href":"https:\/\/www.europesays.com\/no\/wp-json\/wp\/v2\/posts\/66364","targetHints":{"allow":["GET"]}}],"collection":[{"href":"https:\/\/www.europesays.com\/no\/wp-json\/wp\/v2\/posts"}],"about":[{"href":"https:\/\/www.europesays.com\/no\/wp-json\/wp\/v2\/types\/post"}],"author":[{"embeddable":true,"href":"https:\/\/www.europesays.com\/no\/wp-json\/wp\/v2\/users\/2"}],"replies":[{"embeddable":true,"href":"https:\/\/www.europesays.com\/no\/wp-json\/wp\/v2\/comments?post=66364"}],"version-history":[{"count":0,"href":"https:\/\/www.europesays.com\/no\/wp-json\/wp\/v2\/posts\/66364\/revisions"}],"wp:featuredmedia":[{"embeddable":true,"href":"https:\/\/www.europesays.com\/no\/wp-json\/wp\/v2\/media\/66365"}],"wp:attachment":[{"href":"https:\/\/www.europesays.com\/no\/wp-json\/wp\/v2\/media?parent=66364"}],"wp:term":[{"taxonomy":"category","embeddable":true,"href":"https:\/\/www.europesays.com\/no\/wp-json\/wp\/v2\/categories?post=66364"},{"taxonomy":"post_tag","embeddable":true,"href":"https:\/\/www.europesays.com\/no\/wp-json\/wp\/v2\/tags?post=66364"}],"curies":[{"name":"wp","href":"https:\/\/api.w.org\/{rel}","templated":true}]}}