{"id":66368,"date":"2025-10-21T15:46:07","date_gmt":"2025-10-21T15:46:07","guid":{"rendered":"https:\/\/www.europesays.com\/no\/66368\/"},"modified":"2025-10-21T15:46:07","modified_gmt":"2025-10-21T15:46:07","slug":"tromso-lufthavn-evakuering-matte-evakueres-etter-at-noen-royka-pa-do","status":"publish","type":"post","link":"https:\/\/www.europesays.com\/no\/66368\/","title":{"rendered":"Troms\u00f8 lufthavn, Evakuering | M\u00e5tte evakueres etter at noen r\u00f8yka p\u00e5 do"},"content":{"rendered":"\n<p>Troms\u00f8 lufthavn m\u00e5tte evakueres tirsdag ettermiddag klokka 17.00. <\/p>\n<p>Flere tipsere har ringt inn til Nordlys og meldt fra. <\/p>\n<p>&#8211; \u00c5rsaken til evakueringen var at noen hadde r\u00f8yket p\u00e5 toalettet. Det er veldig beklagelig, og medf\u00f8rer en stor ulempe midt i den travleste tida, sier lufthavnsjef Ivar Helsing Schr\u00f8en.<\/p>\n<p>Han sier at det n\u00e5 jobbes med \u00e5 f\u00e5 alle reisende inn p\u00e5 flyplassen igjen.<\/p>\n<p>&#8211; Det tar litt tid \u00e5 f\u00e5 alle gjennom sikkerhetskontrollen igjen, men vi har god kapasitet der n\u00e5, s\u00e5 det g\u00e5r. Ting som dette skjer en gang i blant, og det er alltid uheldig, sier Schr\u00f8en.<\/p>\n","protected":false},"excerpt":{"rendered":"Troms\u00f8 lufthavn m\u00e5tte evakueres tirsdag ettermiddag klokka 17.00. Flere tipsere har ringt inn til Nordlys og meldt fra.&hellip;\n","protected":false},"author":2,"featured_media":66369,"comment_status":"","ping_status":"","sticky":false,"template":"","format":"standard","meta":{"footnotes":""},"categories":[10],"tags":[36,20,21,5401,24,25,2582,15,22,23,13,30,28,29,14,16,1510,26,27,1997],"class_list":{"0":"post-66368","1":"post","2":"type-post","3":"status-publish","4":"format-standard","5":"has-post-thumbnail","7":"category-norge","8":"tag-art","9":"tag-breaking-news","10":"tag-breakingnews","11":"tag-evakuering","12":"tag-featured-news","13":"tag-featurednews","14":"tag-flyplass","15":"tag-headlines","16":"tag-latest-news","17":"tag-latestnews","18":"tag-news","19":"tag-no","20":"tag-norge","21":"tag-norway","22":"tag-nyheter","23":"tag-overskrifter","24":"tag-story","25":"tag-top-stories","26":"tag-topstories","27":"tag-tromso-lufthavn"},"share_on_mastodon":{"url":"","error":""},"_links":{"self":[{"href":"https:\/\/www.europesays.com\/no\/wp-json\/wp\/v2\/posts\/66368","targetHints":{"allow":["GET"]}}],"collection":[{"href":"https:\/\/www.europesays.com\/no\/wp-json\/wp\/v2\/posts"}],"about":[{"href":"https:\/\/www.europesays.com\/no\/wp-json\/wp\/v2\/types\/post"}],"author":[{"embeddable":true,"href":"https:\/\/www.europesays.com\/no\/wp-json\/wp\/v2\/users\/2"}],"replies":[{"embeddable":true,"href":"https:\/\/www.europesays.com\/no\/wp-json\/wp\/v2\/comments?post=66368"}],"version-history":[{"count":0,"href":"https:\/\/www.europesays.com\/no\/wp-json\/wp\/v2\/posts\/66368\/revisions"}],"wp:featuredmedia":[{"embeddable":true,"href":"https:\/\/www.europesays.com\/no\/wp-json\/wp\/v2\/media\/66369"}],"wp:attachment":[{"href":"https:\/\/www.europesays.com\/no\/wp-json\/wp\/v2\/media?parent=66368"}],"wp:term":[{"taxonomy":"category","embeddable":true,"href":"https:\/\/www.europesays.com\/no\/wp-json\/wp\/v2\/categories?post=66368"},{"taxonomy":"post_tag","embeddable":true,"href":"https:\/\/www.europesays.com\/no\/wp-json\/wp\/v2\/tags?post=66368"}],"curies":[{"name":"wp","href":"https:\/\/api.w.org\/{rel}","templated":true}]}}