{"id":66374,"date":"2025-10-21T15:56:10","date_gmt":"2025-10-21T15:56:10","guid":{"rendered":"https:\/\/www.europesays.com\/no\/66374\/"},"modified":"2025-10-21T15:56:10","modified_gmt":"2025-10-21T15:56:10","slug":"niklas-baarli-benjamin-silseth-niklas-baarli-og-benjamin-silseth-onsker-a-utvide-familien","status":"publish","type":"post","link":"https:\/\/www.europesays.com\/no\/66374\/","title":{"rendered":"Niklas Baarli, Benjamin Silseth | Niklas Baarli og Benjamin Silseth \u00f8nsker \u00e5 utvide familien"},"content":{"rendered":"\n<p>Kjendisparet Niklas Baarli (36) og Benjamin Silseth (34) er aktuelle i den nye satsingen til TV 2, \u00abHotellet\u00bb, som ledes av Aslak Maurstad (32). Dersom paret vinner, vil de motta en pengepremie p\u00e5 500.000 kroner.<\/p>\n<p><a rel=\"Follow nofollow noopener\" href=\"https:\/\/www.seher.no\/kjendis\/sparer-til-surrogati\/83747987\" target=\"_blank\">Til Se og H\u00f8r<\/a> forteller paret hva de kommer til \u00e5 bruke den halve millionen p\u00e5, hvis de vinner.<\/p>\n<p><b>Les ogs\u00e5: <a rel=\"Follow nofollow noopener\" href=\"https:\/\/www.nettavisen.no\/kjendis\/niklas-og-benjamin-silseth-raser-feige-drittpolitikere\/s\/5-95-2406615\" target=\"_blank\">Benjamin og Niklas Silseth Baarli hardt ut: \u2013 Feige drittpolitikere<\/a><\/b><\/p>\n<p>\u2013 Da har vi allerede bestemt oss for at de skal settes inn p\u00e5 sparekonto til barn. Fordi det \u00e5 f\u00e5 barn som homofil er j**lig dyrt. S\u00e5 vi skal spare alle pengene til det hvis vi vinner, forteller de til kjendisbladet.<\/p>\n<p>   <img decoding=\"async\" width=\"4651\" height=\"3101\" fetchpriority=\"low\"  loading=\"lazy\"  src=\"https:\/\/www.europesays.com\/no\/wp-content\/uploads\/2025\/10\/NTB_XBML0NlX14s.jpg\" alt=\"Bergen 20230512. &#10;Niklas Baarli t.h. og Benjamin Silseth ankommer utdeling av Gullruten i Grieghallen.&#10;Foto: Tuva \u00c5serud \/ NTB\" class=\"brick-c-cFOWSL\" style=\"--brick-image-ratio: 4651 \/ 3101;\"\/><\/p>\n<p>    SMILER: Niklas Baarli og Benjamin Silseth har lenge hatt et \u00f8nske om barn.<br \/>\n    Foto: Tuva \u00c5serud (NTB)\n  <\/p>\n<p>  Et nytt familiemedlem<\/p>\n<p>P\u00e5 sp\u00f8rsm\u00e5l om de vurderer adopsjon eller surrogati, forklarer de at det er omtrent umulig \u00e5 gjennomf\u00f8re adopsjon i Norge, fordi det er et av de f\u00e5 landene det er lovlig.<\/p>\n<p>Derfor blir det den dyre surrogatien, som de omtaler det som. Baarli (36) og Silseth (34) er \u00e6rlige p\u00e5 at tiden begynner \u00e5 l\u00f8pe fra dem med tanke p\u00e5 barneplaner.<\/p>\n<p>\u2013 Vi begynner \u00e5 bli gamle, s\u00e5 n\u00e5 er det vel p\u00e5 tide, sier de til Se og H\u00f8r.<\/p>\n<p>    Vil du se neste video?<\/p>\n<p>    <a href=\"https:\/\/www.nettavisen.no\/okonomi\/statsbudsjettet-for-2026-sa-mye-lavere-skatt-far-de-med-700-000-i-lonn\/v\/5-95-2673190\" class=\"recommend-poster\" data-adp-clicklabel=\"video-recommend\" data-adp-clickvalue=\"poster\" rel=\"nofollow noopener\" target=\"_blank\"><br \/>\n      <img decoding=\"async\" width=\"200\" height=\"200\" loading=\"lazy\" src=\"https:\/\/www.europesays.com\/no\/wp-content\/uploads\/2025\/10\/v-i-709177ae-04e3-4038-bbdf-11889a0072fa-1760516557768.jpg\" alt=\"\" class=\"brick-c-cFOWSL\" style=\"--brick-image-ratio: 200 \/ 200;\"\/><\/p>\n<p>S\u00e5 mye lavere skatt f\u00e5r de med 700.000 i l\u00f8nn0:42<\/p>\n<p>    <\/a><\/p>\n<p>P\u00e5 TV 2s h\u00f8stlansering snakket Nettavisen med Baarli og Silseth. De kunne da r\u00f8pe at de var lenger fremme i prosessen med \u00e5 f\u00e5 barn enn tidligere.<\/p>\n<p>P\u00e5 oppf\u00f8lgingssp\u00f8rsm\u00e5l om hva som l\u00e5 i uttrykket \u00abmer i gang\u00bb, svarte Silseth:<\/p>\n<p>\u2013 Det er framskritt og litt st\u00f8rre planer enn det har v\u00e6rt tidligere. Vi har snakket om det lenge og alltid \u00f8nsket det, men s\u00e5 m\u00e5 man en eller annen gang sette \u00f8nskene ut i realiteten. S\u00e5 vi begynner nok \u00e5 n\u00e6rme oss det punktet.<\/p>\n<p><b>Les ogs\u00e5: <a rel=\"Follow nofollow noopener\" href=\"https:\/\/www.nettavisen.no\/livsstil\/drommer-om-barn-en-moysommelig-prosess\/s\/5-95-420301\" target=\"_blank\">Dr\u00f8mmer om barn: \u2013 En m\u00f8ysommelig prosess<\/a><\/b><\/p>\n<p>\u2013 Det helt sykt stas<\/p>\n<p>Forel\u00f8pig virker det som paret koser seg med hunden Bodil, som ble en del av familien deres i sommer. <a rel=\"Follow nofollow noopener\" href=\"https:\/\/www.nettavisen.no\/kjendis\/niklas-baarli-36-og-benjamin-baarli-silseth-34-deler-gladnyhet-ta-godt-i-mot-bodil\/s\/5-95-2543339\" target=\"_blank\">P\u00e5 Instagram delte Baarli<\/a> en video av han og ektemannen, og deres nye firbeinte venn.<\/p>\n<p>\u2013 Bodil er det nye familiemedlemmet, <a rel=\"Follow nofollow noopener\" href=\"https:\/\/www.nettavisen.no\/kjendis\/niklas-baarli-36-og-benjamin-baarli-silseth-34-deler-gladnyhet-ta-godt-i-mot-bodil\/s\/5-95-2543339\" target=\"_blank\">bekreftet Benjamin Baarli Silseth til Nettavisen i sommer.<\/a><\/p>\n<p>Nyheten om Bodil kom kort tid etter at paret hadde delt den triste beskjeden om at deres forrige hund, <a rel=\"Follow nofollow noopener\" href=\"https:\/\/www.nettavisen.no\/kjendis\/niklas-og-benjamin-baarli-i-sorg-vi-er-helt-knust\/s\/5-95-2468690\" target=\"_blank\">Bjarne, hadde g\u00e5tt bort<\/a> etter plutselig og alvorlig sykdom<\/p>\n<p>    Vil du se neste video?<\/p>\n<p>    <a href=\"https:\/\/www.nettavisen.no\/okonomi\/statsbudsjettet-for-2026-sa-mye-lavere-skatt-far-de-med-700-000-i-lonn\/v\/5-95-2673190\" class=\"recommend-poster\" data-adp-clicklabel=\"video-recommend\" data-adp-clickvalue=\"poster\" rel=\"nofollow noopener\" target=\"_blank\"><br \/>\n      <img decoding=\"async\" width=\"200\" height=\"200\" loading=\"lazy\" src=\"https:\/\/www.europesays.com\/no\/wp-content\/uploads\/2025\/10\/v-i-709177ae-04e3-4038-bbdf-11889a0072fa-1760516557768.jpg\" alt=\"\" class=\"brick-c-cFOWSL\" style=\"--brick-image-ratio: 200 \/ 200;\"\/><\/p>\n<p>S\u00e5 mye lavere skatt f\u00e5r de med 700.000 i l\u00f8nn0:42<\/p>\n<p>    <\/a><\/p>\n<p>Ogs\u00e5 Bjarne var, i likhet med Baarli og Silseth, \u00e5 se i flere sesonger av \u00abSofa\u00bb p\u00e5 TV 2.<\/p>\n<p>Nylig kunne <a rel=\"Follow nofollow noopener\" href=\"https:\/\/www.nettavisen.no\/kjendis\/niklas-baarlig-og-marte-bratberg-roper-ny-jobb-skal-lede-nrjs-morgenradiosending\/s\/5-95-2617277\" target=\"_blank\">Baarli fortelle<\/a> at han hadde f\u00e5tt seg ny jobb. I mange \u00e5r ledet han \u00abFrokostshowet\u00bb p\u00e5 P5 sammen med Alexandra Joner og Stian R\u00f8ste, f\u00f8r de ble erstattet av Marte Bratberg og radiokanalen NRJ.<\/p>\n<p><b>Les ogs\u00e5: <a rel=\"Follow nofollow noopener\" href=\"https:\/\/www.nettavisen.no\/kjendis\/benjamin-baarli-silseth-34-slar-knallhardt-tilbake-mot-anklagene-om-dyreplageri-det-er-sinnssykt\/s\/5-95-2553303\" target=\"_blank\">Sl\u00e5r knallhardt tilbake: \u2013 Det er sinnssykt<\/a><\/b><\/p>\n<p>Der leder 36-\u00e5ringen morgensendingene sammen med Bratberg.<\/p>\n<p>\u2013 Det er helt sykt stas \u00e5 f\u00e5 bygge opp et show helt fra bunnen av og forme det til det vi h\u00e5per og tror blir den absolutt beste starten p\u00e5 dagen, skrev han p\u00e5 Instagram da det ble klart hva hans nye jobb var.<\/p>\n<p>Duoen har ogs\u00e5 jobbet sammen tidligere. I perioden 2020 og til 2023 var de to programledere i \u00abGod kveld Norge\u00bb.<\/p>\n","protected":false},"excerpt":{"rendered":"Kjendisparet Niklas Baarli (36) og Benjamin Silseth (34) er aktuelle i den nye satsingen til TV 2, \u00abHotellet\u00bb,&hellip;\n","protected":false},"author":2,"featured_media":66375,"comment_status":"","ping_status":"","sticky":false,"template":"","format":"standard","meta":{"footnotes":""},"categories":[58],"tags":[71,30,28,29,72],"class_list":{"0":"post-66374","1":"post","2":"type-post","3":"status-publish","4":"format-standard","5":"has-post-thumbnail","7":"category-underholdning","8":"tag-entertainment","9":"tag-no","10":"tag-norge","11":"tag-norway","12":"tag-underholdning"},"share_on_mastodon":{"url":"","error":""},"_links":{"self":[{"href":"https:\/\/www.europesays.com\/no\/wp-json\/wp\/v2\/posts\/66374","targetHints":{"allow":["GET"]}}],"collection":[{"href":"https:\/\/www.europesays.com\/no\/wp-json\/wp\/v2\/posts"}],"about":[{"href":"https:\/\/www.europesays.com\/no\/wp-json\/wp\/v2\/types\/post"}],"author":[{"embeddable":true,"href":"https:\/\/www.europesays.com\/no\/wp-json\/wp\/v2\/users\/2"}],"replies":[{"embeddable":true,"href":"https:\/\/www.europesays.com\/no\/wp-json\/wp\/v2\/comments?post=66374"}],"version-history":[{"count":0,"href":"https:\/\/www.europesays.com\/no\/wp-json\/wp\/v2\/posts\/66374\/revisions"}],"wp:featuredmedia":[{"embeddable":true,"href":"https:\/\/www.europesays.com\/no\/wp-json\/wp\/v2\/media\/66375"}],"wp:attachment":[{"href":"https:\/\/www.europesays.com\/no\/wp-json\/wp\/v2\/media?parent=66374"}],"wp:term":[{"taxonomy":"category","embeddable":true,"href":"https:\/\/www.europesays.com\/no\/wp-json\/wp\/v2\/categories?post=66374"},{"taxonomy":"post_tag","embeddable":true,"href":"https:\/\/www.europesays.com\/no\/wp-json\/wp\/v2\/tags?post=66374"}],"curies":[{"name":"wp","href":"https:\/\/api.w.org\/{rel}","templated":true}]}}