{"id":66380,"date":"2025-10-21T16:03:07","date_gmt":"2025-10-21T16:03:07","guid":{"rendered":"https:\/\/www.europesays.com\/no\/66380\/"},"modified":"2025-10-21T16:03:07","modified_gmt":"2025-10-21T16:03:07","slug":"ingen-ny-sesong-i-2026","status":"publish","type":"post","link":"https:\/\/www.europesays.com\/no\/66380\/","title":{"rendered":"Ingen ny sesong i 2026"},"content":{"rendered":"<p class=\"kicker \" style=\"\">Love Island:<\/p>\n<p>  Det bekrefter programredakt\u00f8r i TV 2.<\/p>\n<p>\n    PROGRAMLEDER: Alexandra Joner har ledet \u00abLove Island\u00bb gjennom to sesonger. Foto: TV 2\n  <\/p>\n<p>Den popul\u00e6re realityserien \u00abLove Island\u00bb, som har hatt fire norske sesonger, er n\u00e5 over.\u00a0<\/p>\n<p>&#8211; Vi kan bekrefte at det ikke er planlagt en norsk versjon i 2026, det sier R\u00f8nningen til\u00a0<a href=\"https:\/\/www.tv2.no\/direkte\/jpybz\/siste-nytt\/68f632f16bc86152d36f5ff3\/stopp-for-love-island-norge\" rel=\"nofollow noopener\" target=\"_blank\">TV 2<\/a>.<\/p>\n<p>    <a itemprop=\"url\" href=\"https:\/\/www.seher.no\/kjendis\/skal-vaere-litt-vagal\/83744025\" rel=\"nofollow noopener\" target=\"_blank\"><\/p>\n<p>      <img loading=\"lazy\" decoding=\"async\" src=\"https:\/\/www.europesays.com\/no\/wp-content\/uploads\/2025\/10\/83744053.webp\" width=\"147\" height=\"98\" title=\"- Skal v\u00e6re litt v\u00e5gal\" alt=\"\" class=\"lazyload\" style=\"--aspect-ratio-image: 1.50; \"\/><\/p>\n<p>        &#8211; Skal v\u00e6re litt v\u00e5gal<\/p>\n<p>    <\/a><\/p>\n<p>&#8211; Love Island-fans vil fortsatt kunne finne masse innhold hos oss, for de internasjonale versjonene ruller videre p\u00e5 TV 2 Play ogs\u00e5 neste \u00e5r.<\/p>\n<p>Til Se og H\u00f8r forteller Alexandra Joner (34) at det er vemodig \u00e5 ta farvel med programmet.<\/p>\n<p>          <img loading=\"lazy\" decoding=\"async\" src=\"https:\/\/www.europesays.com\/no\/wp-content\/uploads\/2025\/10\/83747316.webp\" width=\"686\" height=\"810\" title=\"ENERGIRIK DUO: Mens Egil Skurdal har hatt stemmen, har Alexandra Joner v\u00e6rt programleder for \u00abLove Island\u00bb. Foto: TV 2\" alt=\"\" class=\"\" style=\"--aspect-ratio-image: 0.85; \"\/><\/p>\n<p>\n          ENERGIRIK DUO: Mens Egil Skurdal har hatt stemmen, har Alexandra Joner v\u00e6rt programleder for \u00abLove Island\u00bb. Foto: TV 2\n      <\/p>\n<p>&#8211; Har virkelig elsket \u00e5 v\u00e6re en del av \u00abLove Island\u00bb, og synes selvsagt det er trist at det ikke blir en sesong til n\u00e5, men h\u00e5per at det kommer tilbake p\u00e5 et senere tidspunkt, sier hun, og legger til:<\/p>\n<p>&#8211;\u00a0 Det har v\u00e6rt en glede \u00e5 v\u00e6re programleder for Love Island Norge i to sesonger, og jeg har l\u00e6rt utrolig mye! Det har v\u00e6rt g\u00f8y \u00e5 utvikle meg som programleder sammen med et fantastisk team og mange fine deltakere, og Love Island er et konsept jeg virkelig er glad i.\u00a0<\/p>\n<p>        SKAL VI DANSE: Halvor Bakke dukket opp p\u00e5 \u00abSkal vi danse\u00bb med krykker etter \u00e5 ha m\u00e5ttet trekke seg grunnet skade. Reporter: Danny Son Ngoc To \/ Christina Holen Korneliussen<\/p>\n<p> I januar i fjor ble det kjent at TV-profilen var klar for sin f\u00f8rste programlederrolle noensinne.\u00a0<\/p>\n<p>Hun skulle nemlig programmet\u00a0etter at Morten Hegseth (39) ikke skulle fortsette.<\/p>\n<p>    <a itemprop=\"url\" href=\"https:\/\/www.seher.no\/kjendis\/innrommer-stjal-fra-produksjonen\/83742249\" rel=\"nofollow noopener\" target=\"_blank\"><\/p>\n<p>      <img loading=\"lazy\" decoding=\"async\" src=\"https:\/\/www.europesays.com\/no\/wp-content\/uploads\/2025\/10\/1761062587_18_83739004.webp\" width=\"980\" height=\"441\" title=\"Innr\u00f8mmer: Stjal fra produksjonen\" alt=\"\" class=\"lazyload\" style=\"--aspect-ratio-image: 2.22; \"\/><\/p>\n<p>        Innr\u00f8mmer: Stjal fra produksjonen<\/p>\n<p>    <\/a><\/p>\n<p>Til Se og H\u00f8r fortalte programlederen at det var, bokstavelig talt, rett f\u00f8r innspilling at hun takket ja til jobben.<\/p>\n<p>&#8211; Om jeg husker riktig var det rundt \u00e9n uke f\u00f8r avreise, sier hun, og legger til at det eneste hun rakk som forberedelse var \u00e5 se p\u00e5 den britiske versjonen av nettopp Love Island, fortalte hun den gang.<\/p>\n","protected":false},"excerpt":{"rendered":"Love Island: Det bekrefter programredakt\u00f8r i TV 2. PROGRAMLEDER: Alexandra Joner har ledet \u00abLove Island\u00bb gjennom to sesonger.&hellip;\n","protected":false},"author":2,"featured_media":66381,"comment_status":"","ping_status":"","sticky":false,"template":"","format":"standard","meta":{"footnotes":""},"categories":[58],"tags":[2427,71,479,4466,30,28,29,4645,208,72],"class_list":{"0":"post-66380","1":"post","2":"type-post","3":"status-publish","4":"format-standard","5":"has-post-thumbnail","7":"category-underholdning","8":"tag-alexandra-joner","9":"tag-entertainment","10":"tag-kjendis","11":"tag-love-island","12":"tag-no","13":"tag-norge","14":"tag-norway","15":"tag-slutt","16":"tag-tv-2","17":"tag-underholdning"},"share_on_mastodon":{"url":"","error":""},"_links":{"self":[{"href":"https:\/\/www.europesays.com\/no\/wp-json\/wp\/v2\/posts\/66380","targetHints":{"allow":["GET"]}}],"collection":[{"href":"https:\/\/www.europesays.com\/no\/wp-json\/wp\/v2\/posts"}],"about":[{"href":"https:\/\/www.europesays.com\/no\/wp-json\/wp\/v2\/types\/post"}],"author":[{"embeddable":true,"href":"https:\/\/www.europesays.com\/no\/wp-json\/wp\/v2\/users\/2"}],"replies":[{"embeddable":true,"href":"https:\/\/www.europesays.com\/no\/wp-json\/wp\/v2\/comments?post=66380"}],"version-history":[{"count":0,"href":"https:\/\/www.europesays.com\/no\/wp-json\/wp\/v2\/posts\/66380\/revisions"}],"wp:featuredmedia":[{"embeddable":true,"href":"https:\/\/www.europesays.com\/no\/wp-json\/wp\/v2\/media\/66381"}],"wp:attachment":[{"href":"https:\/\/www.europesays.com\/no\/wp-json\/wp\/v2\/media?parent=66380"}],"wp:term":[{"taxonomy":"category","embeddable":true,"href":"https:\/\/www.europesays.com\/no\/wp-json\/wp\/v2\/categories?post=66380"},{"taxonomy":"post_tag","embeddable":true,"href":"https:\/\/www.europesays.com\/no\/wp-json\/wp\/v2\/tags?post=66380"}],"curies":[{"name":"wp","href":"https:\/\/api.w.org\/{rel}","templated":true}]}}