{"id":66386,"date":"2025-10-21T16:12:38","date_gmt":"2025-10-21T16:12:38","guid":{"rendered":"https:\/\/www.europesays.com\/no\/66386\/"},"modified":"2025-10-21T16:12:38","modified_gmt":"2025-10-21T16:12:38","slug":"ludvig-karsten-rastlos-ved-munchmuseet-anmeldelser-og-anbefalinger","status":"publish","type":"post","link":"https:\/\/www.europesays.com\/no\/66386\/","title":{"rendered":"\u00abLudvig Karsten \u2013 rastl\u00f8s\u00bb ved Munchmuseet \u2013 Anmeldelser og anbefalinger"},"content":{"rendered":"<p>\u00abRastl\u00f8s\u00bb heter Munch\u00admuseets utstilling som presenterer den norske modernisten Ludvig Karsten. <\/p>\n<p>Tittelen henspiller b\u00e5de p\u00e5 Karstens karakter og form\u00adspr\u00e5k: Han var visstnok en som snakket fort og mye, og som var ganske opp\u00adfarende. Han var stadig p\u00e5 reise\u00adfot og ble aldri trett av \u00e5 studere de gamle mesterne. <\/p>\n<p><strong>Som kunstner var han av utpreget forsker<\/strong>\u00ad<strong>natur, og han eksperimenterte ustanselig med nye teknikker og form<\/strong>\u00ad<strong>spr\u00e5k. <\/strong><\/p>\n<p><img decoding=\"async\"   src=\"data:image\/gif;base64,R0lGODlhAQABAIAAAAAAAP\/\/\/yH5BAEAAAAALAAAAAABAAEAAAIBRAA7\" loading=\"eager\" alt=\"Et maleri av en mann i vest og skjorte med kort h\u00e5r\" title=\"Foto: Nasjonalmuseet\"\/><\/p>\n<p class=\"\">SELVPORTRETT: Ludvig Karsten (1876\u20131926) var en norsk neo-impresjonistisk maler inspirert av Edvard Munch, Henri Matisse og samtidig fransk maleri. Han var kjent for sin bohemlivsstil og for sitt skiftende temperament.<\/p>\n<p>Foto: Nasjonalmuseet<\/p>\n<p>Der jeg vandrer gjennom salene i niende etasje p\u00e5 Munch, tenker jeg at tross den \u00e5pen\u00adbare bredden og variasjonen, er det likevel lett \u00e5 f\u00e5 \u00f8ye p\u00e5 hans u\u00admis\u00adkjennelige stil\u00adsignatur.<\/p>\n<p>Enten vi snakker om hans ekspressive og realistisk-inspirerte maleri av en arbeids\u00adslitt, fattig, gammel enke, hans frie tolkning av Rembrandts \u00abBatseba i badet\u00bb, eller hans impresjonistiske land\u00adskaps\u00admaleri fra Skagen, s\u00e5 er felles\u00adnevneren hele tiden den mektige farge\u00adkraften i uttrykket.<\/p>\n<p>    \u2190<\/p>\n<ul data-scroll-container=\"\" role=\"list\" aria-label=\"Bildegalleri\">\n<li><img alt=\"En naken kropp sitter p\u00e5 en seng.\"  width=\"3840\" height=\"3840\" loading=\"lazy\"\/>\n<p>Her er hans parafrase over Rembrandts \u00abBatseba i badet\u00bb. Hos Karsten g\u00e5r formen litt mer i stykker. Her gj\u00f8r han Rembrandt nesten kubistisk, og har tilf\u00f8rt farger som ikke finnes hos Rembrandt. Han har forvandlet barokkbildet til et val\u00f8rmaleri og hjelper oss \u00e5 se det gamle motivet med nye \u00f8yne. <\/p>\n<p> Foto: Mona Pahle Bjerke \/ Munchmuseet <\/li>\n<li><img alt=\"et maleri av et hus i kystlandskap\"  width=\"3840\" height=\"3840\" loading=\"lazy\"\/>\n<p>\u00abFra Skagen\u00bb. Her ser vi at han henter inspirasjon fra b\u00e5de den franske impresjonismen, men ogs\u00e5 Van Gogh. F\u00f8lelsen av virvler i himmelen er veldig Van Gogh-aktig. Det er en veldig sanselig opplevelse av vinden som tar fatt i \u00e5keren og de drivende skyene.<\/p>\n<p> Foto: Ove Kvavik \/ Munchmuseet \/ Ove Kvavik <\/li>\n<\/ul>\n<p>\u2192<\/p>\n<p>Hele bredden<\/p>\n<p>Utstillingen byr p\u00e5 70 verk, og den folder ut kunstner\u00adskapet i hele dets bredde. <\/p>\n<p>Et av de f\u00f8rste maleriene jeg stopper opp ved, er den \u00abDen r\u00f8de stue\u00bb fra 1913. Her ser vi hvordan det gl\u00f8dende sol\u00adlyset flommer inn gjennom tynne gardiner i en stue. <\/p>\n<p>At bord\u00adplaten ser ut til \u00e5 v\u00e6re nesten vertikal, og stolen i bakgrunnen ikke st\u00e5r skikkelig p\u00e5 gulvet, er uvesentlig. <\/p>\n<p><strong>Her handler det ikke om interi\u00f8r\u00addetaljer eller m\u00f8blement, men om lys, flater og farge\u00adtemperaturer. <\/strong><\/p>\n<p><img decoding=\"async\"   src=\"data:image\/gif;base64,R0lGODlhAQABAIAAAAAAAP\/\/\/yH5BAEAAAAALAAAAAABAAEAAAIBRAA7\" loading=\"eager\" alt=\"Bilde av en r\u00f8d stue med stoler og bord og et vindu\" title=\"Foto: Nasjonalmuseet\"\/><\/p>\n<p class=\"\">\u00abDen r\u00f8de stue\u00bb fra 1913.<\/p>\n<p>Foto: Nasjonalmuseet<\/p>\n<p>Selv om <a href=\"https:\/\/snl.no\/Edvard_Munch\" target=\"_blank\" ec-id=\"https:\/\/snl.no\/Edvard_Munch\" ec-name=\"Munch\" rel=\"nofollow noopener\">Munch<\/a> helt \u00e5penbart var en sv\u00e6rt viktig inspirasjons\u00adkilde for ham, var han mindre opptatt av menneskets eksistensielle sjele\u00adsmerte. <\/p>\n<p><strong>For Ludvig Karsten var motivet kun et produktivt utgangs<\/strong>\u00ad<strong>punkt for \u00e5 skape koloristiske komposisjoner. Han utforsker maleriets utfordringer og muligheter. <\/strong><\/p>\n<p>Utstillingen er ordnet i ulike motiv\u00adkretser som stilleben, portretter, kunst\u00adhistoriske parafraser (les: kopier eller tolkninger av de gamle mesterne), akt\u00adstudier og land\u00adskaper. <\/p>\n<p>    \u2190<\/p>\n<ul data-scroll-container=\"\" role=\"list\" aria-label=\"Bildegalleri\">\n<li><img alt=\"maleri av en syk kvinne i en seng med r\u00f8dt teppe\"  width=\"3840\" height=\"2841\" loading=\"lazy\"\/>\n<p>\u00abSyk\u00bb. En kvinne ligger syk i en seng. Det ser ut som om hun hutrer under det r\u00f8de ullpleddet. P\u00e5 nattbordet st\u00e5r det en medisin- eller vinflaske som kaster en faretruende, Munch-aktig skygge p\u00e5 veggen. Se hvordan han med raske, kyndige penselstr\u00f8k har modulert ansiktets form i forkortning. Litt mindre overbevisende er kroppen under teppet skildret, men hos Karsten er det uansett alltid fargene som b\u00e6rer helheten. <\/p>\n<p> Foto: Privat eie <\/li>\n<li><img alt=\"en kvinne ligger naken p\u00e5 en seng\"  width=\"3840\" height=\"2801\" loading=\"lazy\"\/>\n<p>\u00abHvilende akt\u00bb.  Dette er et av hans mest ber\u00f8mte arbeider. Her ser vi en naken kvinne som ligger med ryggen til.  Den slanke kroppen er malt med hastige, nerv\u00f8se penselstr\u00f8k. Fargene spennes intuitivt og kyndig opp mot hverandre, i den grad at vi over hode ikke bryr oss om noen ganske alvorlige anatomiske vanskeligheter. (Se ryggens merkverdige utbuling, og den uklare overgangen mellom de hvilende bena.) Her er det samspillet mellom den perlemoraktige hudfargen med alle sine skygger og nyanser, det sinoberfagerde sengeteppet, og den turkise veggen med islett av smaragd, som er det sentrale.<\/p>\n<p> Foto: \u00d8ystein Thorvaldsen <\/li>\n<li><img alt=\"et maleri av en gruppe mennesker som bader.\"  width=\"3840\" height=\"2985\" loading=\"lazy\"\/>\n<p>\u00abBadende gutter\u00bb.  Dette er en veldig fin stemningsskildring. Karsten omtales gjerne som Munchs eneste elev. I virkeligheten gikk han aldri formelt sett i l\u00e6re hos Munch, men skal ha tilbrakt noen somre med ham i \u00c5sg\u00e5rdstrand. Det er liten tvil om at han henter bred inspirasjon fra sin noe eldre kollega, men det er tydelig at han er en ganske mye svakere tegner. Verken kroppene eller steinene har den samme formkraften som hos Munch. Gutten til venstre har en fint tegnet overkropp, det er s\u00e6rlig i leggene og f\u00f8ttene at det skjer noe litt underlig. Vannet reiser seg i flaten, bortsett fra p\u00e5 h\u00f8yre side der det er en slags horisont, som hjelper oss \u00e5 se det som en dybdebeskrivelse.<\/p>\n<p> Foto: Privat eie \/ Munchmuseet <\/li>\n<li><img alt=\"maleri med bl\u00e5 farger\"  width=\"3840\" height=\"2962\" loading=\"lazy\"\/>\n<p>Jeg s\u00e5 Karstens \u00abDet bl\u00e5 kj\u00f8kken\u00bb i Nasjonalgalleriet tidlig i ten\u00e5rene og ble umiddelbart fascinert av hans oppl\u00f8ste formspr\u00e5k, stemningsfulle lys og mektige fargekraft. Og bestemte meg for at s\u00e5 fort jeg fikk meg et eget kj\u00f8kken, skulle jeg male det i skinnende bl\u00e5toner, og gjenskape stemningen. Det gikk et halvt liv f\u00f8r jeg faktisk gjorde det, men n\u00e5r jeg n\u00e5 st\u00e5r og brygger min morgen-te i mitt fantastiske bl\u00e5- og sj\u00f8gr\u00f8nne kj\u00f8kken sender jeg ofte Karsten en kj\u00e6rlig tanke.<\/p>\n<p> Foto: Munchmuseet <\/li>\n<\/ul>\n<p>\u2192<\/p>\n<p>Ikoniske bilder og ukjente mester\u00adverk<\/p>\n<p>Jeg blir s\u00e5 glad for gjen\u00adsynet med noen av hans aller mest ber\u00f8mte verk, som det ikoniske bl\u00e5 kj\u00f8kkenet som i mange \u00e5r var fast utstilt i det gamle Nasjonalgalleriet. <\/p>\n<p><img decoding=\"async\"   src=\"data:image\/gif;base64,R0lGODlhAQABAIAAAAAAAP\/\/\/yH5BAEAAAAALAAAAAABAAEAAAIBRAA7\" loading=\"eager\" alt=\"maleri med bl\u00e5 farger\" title=\"Foto: Munchmuseet\"\/><\/p>\n<p class=\"\">\u00abDet bl\u00e5 kj\u00f8kken\u00bb fra 1913.<\/p>\n<p>Foto: Munchmuseet<\/p>\n<p>Motivet er enkelt. Det st\u00e5r en te\u00adkopp og noen tallerkener p\u00e5 en benk foran et vindu, der et gr\u00f8nnlig lys str\u00f8mmer inn. <\/p>\n<p><strong>Men heller ikke her er det litteraturen i bildet som er det sentrale, men den skimrende \u00abpr\u00f8yserbl\u00e5fargen\u00bb stemt opp mot det gylne lyset. <\/strong><\/p>\n<p>De ulike gr\u00f8nne nyansene fra hagen utenfor danner en vakker kontrast til den brun\u00adr\u00f8de bord\u00adflaten. <\/p>\n<p>Men enda morsommere er det \u00e5 se bilder jeg aldri f\u00f8r har sett, som \u00abAkt, syk Pike\u00bb fra 1913. Et frontalt portrett av en naken, tynn ung\u00adjente.<\/p>\n<p><img decoding=\"async\"   src=\"data:image\/gif;base64,R0lGODlhAQABAIAAAAAAAP\/\/\/yH5BAEAAAAALAAAAAABAAEAAAIBRAA7\" loading=\"eager\" alt=\"Ludvig Karsten\" title=\"Foto: Richard Jeffries\"\/><\/p>\n<p class=\"\">\u00abAkt, syk Pike\u00bb fra 1913.<\/p>\n<p>Foto: Richard Jeffries<\/p>\n<p>Det er noe utrolig uttrykks\u00adfullt og gripende ved skildringen av den uferdige kroppen. Den lyse huden tegner seg vakkert mot den skrinne, rust\u00adr\u00f8de bak\u00adveggen og det blek\u00adbl\u00e5 gulvet. <\/p>\n<p>Bildet f\u00e5r meg til \u00e5 tenke p\u00e5 Munchs \u00abPubertet\u00bb. Her ser vi ogs\u00e5 den s\u00e5r\u00adbare ung\u00adpike\u00adkroppen i utvikling. <\/p>\n<p>Men der Munch maler \u00f8ynene hennes svarte av naken angst, skildrer Karsten det mer inn\u00adadvendte, um\u00f8blerte pubertets\u00adfjeset.<\/p>\n<p>Vill og risikovillig maler<\/p>\n<p><strong>Det er det ville, ukontrollerte og risikable ved Ludvig Karstens male<\/strong>\u00ad<strong>m\u00e5te som gj\u00f8r ham s\u00e5 utrolig god.<\/strong> <\/p>\n<p>Men n\u00e5r man jobber s\u00e5nn, sier det seg selv at ikke alt kan bli like bra hver eneste gang. <\/p>\n<p>Jeg har alltid tenkt p\u00e5 ham som briljant, men ujevn. Utstillingen p\u00e5 Munch-museet viser meg imidlertid at han faktisk er jevnt ganske mye bedre enn jeg trodde. <\/p>\n<p><img decoding=\"async\"   src=\"data:image\/gif;base64,R0lGODlhAQABAIAAAAAAAP\/\/\/yH5BAEAAAAALAAAAAABAAEAAAIBRAA7\" loading=\"eager\" alt=\"et rom med kunst p\u00e5 veggen\" title=\"Foto: Ove Kvavik \/ Munchmuseet \/ Ove Kvavik\"\/><\/p>\n<p class=\"\">OMFATTENDE: Bes\u00f8kende p\u00e5 Munchmuseet f\u00e5r valuta for pengene n\u00e5r de begir seg ut p\u00e5 en reise i Ludvig Karstens verden av malerier. <\/p>\n<p>Foto: Ove Kvavik \/ Munchmuseet \/ Ove Kvavik<\/p>\n<p>Riktig nok finnes det verk der komposisjonen kollapser, der anatomien blir s\u00e5 umulig at selv den flotteste koloritt ikke kan kompensere for det, eller der han legger seg s\u00e5 tett opp mot Munch rent motivisk at han er d\u00f8mt til \u00e5 falle igjennom ved sammen\u00adlikningen. <\/p>\n<p><strong>Som tegner kan han nemlig virkelig ikke m\u00e5le seg med Munch, men som kolorist er han faktisk i visse tilfeller enda litt bedre. <\/strong><\/p>\n<p>Utstillingen \u00abRastl\u00f8s\u00bb er en intens sanselig opplevelse som jeg unner alle \u00e5 f\u00e5 med seg! <\/p>\n<p><strong>Se flere malerier fra utstillingen her:<\/strong><\/p>\n<p>    \u2190<\/p>\n<ul data-scroll-container=\"\" role=\"list\" aria-label=\"Bildegalleri\">\n<li><img alt=\"en dame siter ved en seng i svarte kl\u00e6r.\"  width=\"3840\" height=\"3840\" loading=\"lazy\"\/>\n<p>\u00abVed sengen\u00bb. I dette maleriet ser vi spillet mellom de skrinne terpentinrike overflatene og de pastose nesten skulpturelle delene, der malingen er p\u00e5f\u00f8rt i tykke, oljerike str\u00f8k. Det skapes en fin balanse mellom den hvite gardinen til h\u00f8yre og fliken av senget\u00f8y i midten av bildet. Det hvite fatet til h\u00f8yre stjeler vel mye oppmerksomhet fra helheten. Hold fingeren over \u00e5 se hvor mye motivet da kommer til sin rett.<\/p>\n<p> Foto: Mona Pahle Bjerke \/ Munchmuseet <\/li>\n<li><img alt=\"to malerier p\u00e5 en vegg\"  width=\"3840\" height=\"4712\" loading=\"lazy\"\/>\n<p>\u00abT\u00e6ring\u00bb. Virkelig et uttrykksfullt portrett av en aldrende, fattig kvinne. Den litt krumme holdningen, og de arbeidsslitte hendene som hun knuger. Akkurat disse er litt underlig malt rent anatomisk, men de overbeviser likevel, og gir en f\u00f8lelse av uro og fortvilelse. Det vakre spillet mellom de r\u00f8de og de gr\u00f8nne val\u00f8rene i skj\u00f8rtet, og kontrastene mellom det bl\u00e5lilla og guloransje i bakgrunnen. Her trekker Karsten synlige veksler p\u00e5 Munchs kjente frontale portrett av s\u00f8steren Inger. Han t\u00e5ler ikke som tegner helt sammenlikningen med Munch, men t\u00e5ler det bedre enn mange andre. Litt forstyrrende er det kanskje med den todelte bakveggen. <\/p>\n<p> Foto: Ove Kvavik \/ Munchmuseet <\/li>\n<li><img alt=\"Et maleri av en naken kvinne\"  width=\"3840\" height=\"4009\" loading=\"lazy\"\/>\n<p>\u00abAkt\u00bb. Her maler han med b\u00f8lgelinjer og selv om anatomien kollapser litt, s\u00e5 er det en rytmeopplevelse i uttrykket. Og ikke minst en vakker fargeklang. <\/p>\n<p> Foto: Nasjonalmuseet <\/li>\n<li><img alt=\"Maleri av en kvinne i et kj\u00f8kken som st\u00e5r og jobber med noe\"  width=\"3840\" height=\"5492\" loading=\"lazy\"\/>\n<p>\u00abFra mitt bl\u00e5 kj\u00f8kken\u00bb. Her ser vi en kvinne st\u00e5 i meditativ arbeidsro i et bl\u00e5tt kj\u00f8kken, med det bleke dagslyset flommende inn gjennom vinduet. De vakre gylne klangene i det lyse porselenet i tallerkenrekkene p\u00e5 veggene stemmes opp mot bl\u00e5tonene i interi\u00f8ret.<\/p>\n<p> Foto: Canica kunstsamling <\/li>\n<li><img alt=\"en dame sitter i en stue med sollys p\u00e5 seg.\"  width=\"3840\" height=\"3840\" loading=\"lazy\"\/>\n<p>\u00abSol\u00bb. Det er nesten umulig \u00e5 gjengi fotografisk fargegl\u00f8den og lysopplevelsen hos Karsten. Bildene d\u00f8r i reproduksjon. Enda en grunn til at man absolutt m\u00e5 g\u00e5 og se disse bildene i original. Dette maleriet henger fint sammen koloristisk. Lyset omkring kvinnen danner en underlig boble. <\/p>\n<p> Foto: Mona Pahle Bjerke \/ Munchmuseet <\/li>\n<li><img alt=\"en mor i svart kjole sammen med sin datter i r\u00f8d kjole\"  width=\"3840\" height=\"3840\" loading=\"lazy\"\/>\n<p>\u00abBetty Kirkeby med datter\u00bb. Dette summarisk malte dobbeltportrettet har en nydelig kolorisme. Jeg liker hvordan han med raske penselstr\u00f8k klarer \u00e5 fremkalle b\u00e5de kroppsspr\u00e5k og sjelestemning. Brytningen i barnet mellom noe utadvendt og nysgjerrig, men ogs\u00e5 noe engstelig og beskjedent er s\u00e5 fint skildret. Rent formmessig er det imidlertid noen litt rare ting. Mens barnet st\u00e5r godt p\u00e5 bakken, ser kvinnen ut til \u00e5 sveve. Men bortsett fra det er bildet relativt enhetlig formgitt. B\u00e5de ansiktet og kroppene er utformet med samme stiliseringsgrad. Men det gylne tekstilet damen holder i hendene, danner et litt rart brudd.<\/p>\n<p> Foto: Mona Pahle Bjerke \/ Munchmuseet <\/li>\n<li><img alt=\"en dame sitter i et r\u00f8dt rom med r\u00f8d kjole\"  width=\"3840\" height=\"5111\" loading=\"lazy\"\/>\n<p>\u00abR\u00f8dt mot r\u00f8dt\u00bb.  Bare en tittel som dette viser oss at vi like godt kan se p\u00e5 bildene hans som om de var abstrakte. Det er ikke motivet som st\u00e5r i forgrunnen. Det er maleriets egen virkelighet og maleriets lovmessigheter det handler om. Her om samspillet mellom ulike r\u00f8dnyanser; sinober, skarlagen og burgunder spent opp mot det vakre sj\u00f8gr\u00f8nne gulvet. Uten overdreven bruk av farge. At kvinnen g\u00e5r i ett med omgivelsene er hele maleriets poeng. Det blir rett og slett mer som et sinnbilde, der det f\u00f8lelsesmessige st\u00e5r i fokus. Her er det konsekvens i utformingen av alle deler av skikkelsen. Et veldig sterkt bilde.  <\/p>\n<p> Foto: Lillehammer Kunstmuseum <\/li>\n<li><img alt=\"Et maleri av en fornem kvinne i stor frakk og med hatt\"  width=\"3840\" height=\"6532\" loading=\"lazy\"\/>\n<p>\u00abSt\u00e5ende kvinne\u00bb. Dette er ikke blant Karstens beste bilder. Det er noe av det ville og risikopregede i m\u00e5ten han jobber p\u00e5 som gj\u00f8r at han selvsagt ikke kan treffe hver gang. Det finnes absolutt verk i utstillingen som ikke helt holder m\u00e5l, men selv i slike verk som dette, der den noe svakere tegningen blir forstyrrende for helhetsopplevelsen, har maleriet likevel klare koloristiske kvaliteter.<\/p>\n<p> Foto: Munchmuseet <\/li>\n<li><img alt=\"bilde av en mann mot en gul vegg\"  width=\"3840\" height=\"5510\" loading=\"lazy\"\/>\n<p>\u00abPortrett av Rolf E. Stenersen\u00bb. Ikke blant Karstens sterkeste bilder. Hodet er fint malt, men kroppen er veldig d\u00e5rlig formforklart. Stenersen mangler fullstendig skuldre og det er vanskelig \u00e5 se hvor armen hans egentlig er. Det er synd at Karsten ikke har brydd seg litt mer for \u00e5 f\u00e5 en troverdig kropp ogs\u00e5. Man f\u00e5r absolutt f\u00f8lelsen av at det noen ganger gikk litt fort i svingene.<\/p>\n<p> Foto: Tor s. Ulstein \/ Kode <\/li>\n<li><img alt=\"Et maleri av en mann i vest og skjorte med kort h\u00e5r\"  width=\"3840\" height=\"2203\" loading=\"lazy\"\/>\n<p>\u00abSelvportrett\u00bb. Dette er stramt og fint. Her er b\u00e5de kropp og hode formgitt i samme grad. Han spiller lys mot m\u00f8rke, og det er en egen intensitet i uttrykket. Jeg liker hvordan vi liksom ikke helt f\u00e5r tak p\u00e5 blikket hans.  <\/p>\n<p> Foto: Nasjonalmuseet <\/li>\n<\/ul>\n<p>\u2192<\/p>\n<p>Om utstillingen<\/p>\n<p><strong>Tittel<\/strong>: \u00abRastl\u00f8s\u00bb<\/p>\n<p><strong>Kunstner<\/strong>: Ludvig Karsten<\/p>\n<p><strong>Tid<\/strong>: 17. oktober 2025 \u2013 15. mars 2026<\/p>\n<p><strong>Sted<\/strong>: Munchmuseet, Oslo<\/p>\n<p><strong>Kurator<\/strong>: Signe Endresen<\/p>\n<p><strong>Estimert tidsbruk<\/strong>: 60 &#8211; 90 minutter<\/p>\n<p>Publisert<\/p>\n<p>20.10.2025, kl. 15.56<\/p>\n","protected":false},"excerpt":{"rendered":"\u00abRastl\u00f8s\u00bb heter Munch\u00admuseets utstilling som presenterer den norske modernisten Ludvig Karsten. Tittelen henspiller b\u00e5de p\u00e5 Karstens karakter og&hellip;\n","protected":false},"author":2,"featured_media":66387,"comment_status":"","ping_status":"","sticky":false,"template":"","format":"standard","meta":{"footnotes":""},"categories":[58],"tags":[71,30,28,29,72],"class_list":{"0":"post-66386","1":"post","2":"type-post","3":"status-publish","4":"format-standard","5":"has-post-thumbnail","7":"category-underholdning","8":"tag-entertainment","9":"tag-no","10":"tag-norge","11":"tag-norway","12":"tag-underholdning"},"share_on_mastodon":{"url":"","error":""},"_links":{"self":[{"href":"https:\/\/www.europesays.com\/no\/wp-json\/wp\/v2\/posts\/66386","targetHints":{"allow":["GET"]}}],"collection":[{"href":"https:\/\/www.europesays.com\/no\/wp-json\/wp\/v2\/posts"}],"about":[{"href":"https:\/\/www.europesays.com\/no\/wp-json\/wp\/v2\/types\/post"}],"author":[{"embeddable":true,"href":"https:\/\/www.europesays.com\/no\/wp-json\/wp\/v2\/users\/2"}],"replies":[{"embeddable":true,"href":"https:\/\/www.europesays.com\/no\/wp-json\/wp\/v2\/comments?post=66386"}],"version-history":[{"count":0,"href":"https:\/\/www.europesays.com\/no\/wp-json\/wp\/v2\/posts\/66386\/revisions"}],"wp:featuredmedia":[{"embeddable":true,"href":"https:\/\/www.europesays.com\/no\/wp-json\/wp\/v2\/media\/66387"}],"wp:attachment":[{"href":"https:\/\/www.europesays.com\/no\/wp-json\/wp\/v2\/media?parent=66386"}],"wp:term":[{"taxonomy":"category","embeddable":true,"href":"https:\/\/www.europesays.com\/no\/wp-json\/wp\/v2\/categories?post=66386"},{"taxonomy":"post_tag","embeddable":true,"href":"https:\/\/www.europesays.com\/no\/wp-json\/wp\/v2\/tags?post=66386"}],"curies":[{"name":"wp","href":"https:\/\/api.w.org\/{rel}","templated":true}]}}