{"id":66392,"date":"2025-10-21T16:24:32","date_gmt":"2025-10-21T16:24:32","guid":{"rendered":"https:\/\/www.europesays.com\/no\/66392\/"},"modified":"2025-10-21T16:24:32","modified_gmt":"2025-10-21T16:24:32","slug":"kultur-os-kom-og-syng-med-oss-i-morgenroden","status":"publish","type":"post","link":"https:\/\/www.europesays.com\/no\/66392\/","title":{"rendered":"Kultur, Os | Kom og syng med oss i Morgenr\u00f8den!"},"content":{"rendered":"\n<p>Morgenr\u00f8den er stedet n\u00e5r Os damekor inviterer til Syng med oss onsdag 22. oktober.<\/p>\n<p>Vi byr p\u00e5 korsang, og du blir med og synger p\u00e5 kjente allsanger. Vi serverer kaffe og kaker og lover trivelig prat rundt bordet. Det er gratis inngang og \u00e5resalg.<\/p>\n<p>Os damekor er midt i h\u00f8stsesongen og byr p\u00e5 et variert program. Vi viser fram noe av det vi har \u00f8vd p\u00e5 i h\u00f8st og noe av det vi ellers har p\u00e5 repertoaret. Gode, gamle svisker fra Beatles og George Gerswin, friske Cornelis Vreeswijk-nummer og sanger med vakker tekst av Halldis Moren Vesaas og Lars Bremnes st\u00e5r p\u00e5 programmet.<\/p>\n<p>Damekoret teller nesten 40 sangere, og de helt ferske medlemmene f\u00e5r sin aller f\u00f8rste opptreden med koret denne onsdagskvelden.<\/p>\n<p>Koret stiller med egne solister: Ragnhild Ryen og Astrid Myklebust Ryen. Gro Kjelleberg Solli er fast dirigent.<\/p>\n","protected":false},"excerpt":{"rendered":"Morgenr\u00f8den er stedet n\u00e5r Os damekor inviterer til Syng med oss onsdag 22. oktober. Vi byr p\u00e5 korsang,&hellip;\n","protected":false},"author":2,"featured_media":66393,"comment_status":"","ping_status":"","sticky":false,"template":"","format":"standard","meta":{"footnotes":""},"categories":[58],"tags":[36,71,410,30,28,29,2932,6408,1510,72],"class_list":{"0":"post-66392","1":"post","2":"type-post","3":"status-publish","4":"format-standard","5":"has-post-thumbnail","7":"category-underholdning","8":"tag-art","9":"tag-entertainment","10":"tag-kultur","11":"tag-no","12":"tag-norge","13":"tag-norway","14":"tag-os","15":"tag-sang","16":"tag-story","17":"tag-underholdning"},"share_on_mastodon":{"url":"","error":""},"_links":{"self":[{"href":"https:\/\/www.europesays.com\/no\/wp-json\/wp\/v2\/posts\/66392","targetHints":{"allow":["GET"]}}],"collection":[{"href":"https:\/\/www.europesays.com\/no\/wp-json\/wp\/v2\/posts"}],"about":[{"href":"https:\/\/www.europesays.com\/no\/wp-json\/wp\/v2\/types\/post"}],"author":[{"embeddable":true,"href":"https:\/\/www.europesays.com\/no\/wp-json\/wp\/v2\/users\/2"}],"replies":[{"embeddable":true,"href":"https:\/\/www.europesays.com\/no\/wp-json\/wp\/v2\/comments?post=66392"}],"version-history":[{"count":0,"href":"https:\/\/www.europesays.com\/no\/wp-json\/wp\/v2\/posts\/66392\/revisions"}],"wp:featuredmedia":[{"embeddable":true,"href":"https:\/\/www.europesays.com\/no\/wp-json\/wp\/v2\/media\/66393"}],"wp:attachment":[{"href":"https:\/\/www.europesays.com\/no\/wp-json\/wp\/v2\/media?parent=66392"}],"wp:term":[{"taxonomy":"category","embeddable":true,"href":"https:\/\/www.europesays.com\/no\/wp-json\/wp\/v2\/categories?post=66392"},{"taxonomy":"post_tag","embeddable":true,"href":"https:\/\/www.europesays.com\/no\/wp-json\/wp\/v2\/tags?post=66392"}],"curies":[{"name":"wp","href":"https:\/\/api.w.org\/{rel}","templated":true}]}}