{"id":66407,"date":"2025-10-21T16:36:10","date_gmt":"2025-10-21T16:36:10","guid":{"rendered":"https:\/\/www.europesays.com\/no\/66407\/"},"modified":"2025-10-21T16:36:10","modified_gmt":"2025-10-21T16:36:10","slug":"kan-det-vaere-rekord-i-tidlig-trakket-lysloype-i-tromso","status":"publish","type":"post","link":"https:\/\/www.europesays.com\/no\/66407\/","title":{"rendered":"Kan det v\u00e6re rekord i tidlig tr\u00e5kket lysl\u00f8ype i Troms\u00f8?"},"content":{"rendered":"\n<p class=\"_lead_o9xde_2 _lead_xtcu6_50 layout-component text-serif-m layout-normal text-serif-l layout-component layout-wide layout-padded _wide_17hqh_1 layout-padded\">Kan det v\u00e6re rekord i tidlig tr\u00e5kket lysl\u00f8ype i Troms\u00f8?<\/p>\n<p><img alt=\"Det er ikke bare barn som blir glad for \u00e5rets f\u00f8rste sn\u00f8fall. Menn i skidrakter blir ogs\u00e5 glade. Ja, og Henrik Romsaas, som har testet den nytr\u00e5kkede skil\u00f8ypa p\u00e5 Troms\u00f8ya mandag. Foto: Troms\u00f8 skiklubb\" class=\"_image_qp4xg_65 layout-component layout-wide\" data-fullscreen- data-track-element-type=\"Article image fullscreen\" data-track-name=\"ImageFullscreen\" fetchpriority=\"high\" decoding=\"sync\" loading=\"eager\" height=\"1125\" itemprop=\"image\"  src=\"https:\/\/www.europesays.com\/no\/wp-content\/uploads\/2025\/10\/39873c67-1028-4c67-a700-dd161541628e\"  style=\"object-position:0% 0%\" width=\"1500\"\/>Det er ikke bare barn som blir glad for \u00e5rets f\u00f8rste sn\u00f8fall. Menn i skidrakter blir ogs\u00e5 glade. Ja, og Henrik Romsaas, som har testet den nytr\u00e5kkede skil\u00f8ypa p\u00e5 Troms\u00f8ya mandag. Foto: Troms\u00f8 skiklubb Oppdatert tirsdag 21. oktober kl. 17:17     <\/p>\n<p class=\"_paragraph_o9xde_4 _paragraph_xtcu6_10 layout-component text-serif-m layout-normal text-serif-m layout-padded\">\u2013 Det var god stemning, for \u00e5 si det mildt, sier <a href=\"https:\/\/www.vg.no\/tag\/henrik-romsaas?utm_source=vg-article&amp;utm_medium=auto-tagger&amp;utm_campaign=25R8Px\" class=\"_link_o9xde_39\" rel=\"nofollow noopener\" target=\"_blank\">Henrik Romsaas<\/a> til <a href=\"https:\/\/www.itromso.no\/\" class=\"_link_o9xde_39\" rel=\"nofollow noopener\" target=\"_blank\">iTroms\u00f8<\/a> mandag kveld mens han er ute p\u00e5 ski.<\/p>\n<p class=\"_paragraph_o9xde_4 _paragraph_xtcu6_10 layout-component text-serif-m layout-normal text-serif-m layout-padded\">Mandag la sn\u00f8en seg. Det er alltid noen som er ekstra glade for det. Henrik Romsaas er en av dem. <\/p>\n<p class=\"_paragraph_o9xde_4 _paragraph_xtcu6_10 layout-component text-serif-m layout-normal text-serif-m layout-padded\">Bare noen timer uti sesongens f\u00f8rste skidag har han allerede rukket \u00e5 g\u00e5 seks kilometer.<\/p>\n<p><img alt=\"Romsaas m\u00f8tte minst 25 andre ivrige skig\u00e5ere i l\u00f8ypa mandag ettermiddag.  Foto: Troms\u00f8 skiklubb\" class=\"_image_qp4xg_65 layout-component layout-normal\" data-fullscreen- data-track-element-type=\"Article image fullscreen\" data-track-name=\"ImageFullscreen\" decoding=\"async\" loading=\"lazy\" height=\"1125\" itemprop=\"image\"  src=\"https:\/\/www.europesays.com\/no\/wp-content\/uploads\/2025\/10\/a964a495-1bf3-43dd-83b6-275e9cb6a590\"  style=\"object-position:0% 0%\" width=\"1500\"\/>Romsaas m\u00f8tte minst 25 andre ivrige skig\u00e5ere i l\u00f8ypa mandag ettermiddag.  Foto: Troms\u00f8 skiklubb<\/p>\n<p class=\"_paragraph_o9xde_4 _paragraph_xtcu6_10 layout-component text-serif-m layout-normal text-serif-m layout-padded\">En annen forn\u00f8yd kar var Kristian Olsen i Troms\u00f8 skiklubb, som heiv seg rundt. <\/p>\n<p class=\"_paragraph_o9xde_4 _paragraph_xtcu6_10 layout-component text-serif-m layout-normal text-serif-m layout-padded\">Med skuter og trommel s\u00f8rget han for at det n\u00e5 er tr\u00e5kket i lysl\u00f8ypa mellom Prestvannet og skibrua. <\/p>\n<p class=\"_paragraph_o9xde_4 _paragraph_xtcu6_10 layout-component text-serif-m layout-normal text-serif-m layout-padded\">\u2013 Jeg tror noe av det tidligste vi har tr\u00e5kket lysl\u00f8ypa var i 24. oktober i 2020. Da l\u00e5 sn\u00f8en til i mai. I dag er det 20. oktober og jeg tror ikke vi har tr\u00e5kket l\u00f8ypa s\u00e5 tidlig f\u00f8r, sier Romsaas, som er frivillig i Troms\u00f8 skiklubb og har s\u00f8rget for \u00e5 dokumentere begivenheten.<\/p>\n<p class=\"_paragraph_o9xde_4 _paragraph_xtcu6_10 layout-component text-serif-m layout-normal text-serif-m layout-padded\">Det gjorde han selvf\u00f8lgelig mens han gikk p\u00e5 ski.<\/p>\n<p class=\"_paragraph_o9xde_4 _paragraph_xtcu6_10 layout-component text-serif-m layout-normal text-serif-m layout-padded\">\u2013 Jeg sto p\u00e5 ski ned Sinsenbakken og la ut bilder og video fra l\u00f8ypa. Ikke kom og si at menn ikke kan multitaske, sier han forn\u00f8yd.<\/p>\n<p><img alt=\"L\u00f8ypa er tr\u00e5kket mellom Prestvannet og skibrua og p\u00e5 vestsiden av skistadion ved Templarheimen.  Foto: Troms\u00f8 skiklubb\" class=\"_image_qp4xg_65 layout-component layout-normal\" data-fullscreen- data-track-element-type=\"Article image fullscreen\" data-track-name=\"ImageFullscreen\" decoding=\"async\" loading=\"lazy\" height=\"1125\" itemprop=\"image\"  src=\"https:\/\/www.europesays.com\/no\/wp-content\/uploads\/2025\/10\/23a1e39b-240c-44a5-92f8-8672db6eea5d\"  style=\"object-position:0% 0%\" width=\"1500\"\/>L\u00f8ypa er tr\u00e5kket mellom Prestvannet og skibrua og p\u00e5 vestsiden av skistadion ved Templarheimen.  Foto: Troms\u00f8 skiklubb<\/p>\n<p class=\"_paragraph_o9xde_4 _paragraph_xtcu6_10 layout-component text-serif-m layout-normal text-serif-m layout-padded\">Han beskriver forholdene i l\u00f8ypa som bra.<\/p>\n<p class=\"_paragraph_o9xde_4 _paragraph_xtcu6_10 layout-component text-serif-m layout-normal text-serif-m layout-padded\">\u2013 N\u00e5r det er s\u00e5 tidlig i sesongen s\u00e5 m\u00e5 man spenne p\u00e5 seg \u00abgrus-ski\u00bb, men underlaget er s\u00e5 bra at det ikke har v\u00e6rt antydning til at grusen kommer gjennom den tr\u00e5kka l\u00f8ypa, sier Romsaas.<\/p>\n<p class=\"_paragraph_o9xde_4 _paragraph_xtcu6_10 layout-component text-serif-m layout-normal text-serif-m layout-padded\">Han feirer sn\u00f8en med \u00e5 dele ut saft og boller til barna som deltar p\u00e5 klubbens skilek p\u00e5 Templarheimen.<\/p>\n<p class=\"_paragraph_o9xde_4 _paragraph_xtcu6_10 layout-component text-serif-m layout-normal text-serif-m layout-padded\">\u2013 Det er som julekvelden, bare to m\u00e5neder f\u00f8r tida.<\/p>\n<p><img alt=\"Kanskje tok de seg en sk\u00e5l for \u00e5 feire nysn\u00f8en. Barna i Troms\u00f8 skiklubb fikk hvert fall saft i glasset da de kom p\u00e5 trening.  Foto: Troms\u00f8 skiklubb\" class=\"_image_qp4xg_65 layout-component layout-normal\" data-fullscreen- data-track-element-type=\"Article image fullscreen\" data-track-name=\"ImageFullscreen\" decoding=\"async\" loading=\"lazy\" height=\"1500\" itemprop=\"image\"  src=\"https:\/\/www.europesays.com\/no\/wp-content\/uploads\/2025\/10\/9bb911b2-f3e2-4a73-a02c-2ea9305bf539\"  style=\"object-position:0% 0%\" width=\"1125\"\/>Kanskje tok de seg en sk\u00e5l for \u00e5 feire nysn\u00f8en. Barna i Troms\u00f8 skiklubb fikk hvert fall saft i glasset da de kom p\u00e5 trening.  Foto: Troms\u00f8 skiklubb<\/p>\n<p class=\"_paragraph_o9xde_4 _paragraph_xtcu6_10 layout-component text-serif-m layout-normal text-serif-m layout-padded\">Samtidig har han forst\u00e5else for at kanskje ikke alle er like begeistret for det f\u00f8rste sn\u00f8fallet.<\/p>\n<p class=\"_paragraph_o9xde_4 _paragraph_xtcu6_10 layout-component text-serif-m layout-normal text-serif-m layout-padded\">\u2013 Men Troms\u00f8 er jo en vinterby. N\u00e5 kan vi si at vi har skil\u00f8ype 20. oktober. Jeg innbiller meg at det er noen rundt om i landet som er litt misunnelige, sier Romsaas.<\/p>\n","protected":false},"excerpt":{"rendered":"Kan det v\u00e6re rekord i tidlig tr\u00e5kket lysl\u00f8ype i Troms\u00f8? Det er ikke bare barn som blir glad&hellip;\n","protected":false},"author":2,"featured_media":66408,"comment_status":"","ping_status":"","sticky":false,"template":"","format":"standard","meta":{"footnotes":""},"categories":[5],"tags":[20,21,24,25,15,9500,19,398,22,23,17,18,13,30,28,29,14,16,7569,26,27],"class_list":{"0":"post-66407","1":"post","2":"type-post","3":"status-publish","4":"format-standard","5":"has-post-thumbnail","7":"category-overskrifter","8":"tag-breaking-news","9":"tag-breakingnews","10":"tag-featured-news","11":"tag-featurednews","12":"tag-headlines","13":"tag-henrik-romsaas","14":"tag-hovedoppslag","15":"tag-langrenn","16":"tag-latest-news","17":"tag-latestnews","18":"tag-main-news","19":"tag-mainnews","20":"tag-news","21":"tag-no","22":"tag-norge","23":"tag-norway","24":"tag-nyheter","25":"tag-overskrifter","26":"tag-skiloype","27":"tag-top-stories","28":"tag-topstories"},"share_on_mastodon":{"url":"","error":""},"_links":{"self":[{"href":"https:\/\/www.europesays.com\/no\/wp-json\/wp\/v2\/posts\/66407","targetHints":{"allow":["GET"]}}],"collection":[{"href":"https:\/\/www.europesays.com\/no\/wp-json\/wp\/v2\/posts"}],"about":[{"href":"https:\/\/www.europesays.com\/no\/wp-json\/wp\/v2\/types\/post"}],"author":[{"embeddable":true,"href":"https:\/\/www.europesays.com\/no\/wp-json\/wp\/v2\/users\/2"}],"replies":[{"embeddable":true,"href":"https:\/\/www.europesays.com\/no\/wp-json\/wp\/v2\/comments?post=66407"}],"version-history":[{"count":0,"href":"https:\/\/www.europesays.com\/no\/wp-json\/wp\/v2\/posts\/66407\/revisions"}],"wp:featuredmedia":[{"embeddable":true,"href":"https:\/\/www.europesays.com\/no\/wp-json\/wp\/v2\/media\/66408"}],"wp:attachment":[{"href":"https:\/\/www.europesays.com\/no\/wp-json\/wp\/v2\/media?parent=66407"}],"wp:term":[{"taxonomy":"category","embeddable":true,"href":"https:\/\/www.europesays.com\/no\/wp-json\/wp\/v2\/categories?post=66407"},{"taxonomy":"post_tag","embeddable":true,"href":"https:\/\/www.europesays.com\/no\/wp-json\/wp\/v2\/tags?post=66407"}],"curies":[{"name":"wp","href":"https:\/\/api.w.org\/{rel}","templated":true}]}}