{"id":66434,"date":"2025-10-21T17:12:26","date_gmt":"2025-10-21T17:12:26","guid":{"rendered":"https:\/\/www.europesays.com\/no\/66434\/"},"modified":"2025-10-21T17:12:26","modified_gmt":"2025-10-21T17:12:26","slug":"kristine-graendsen-avslorer-jeg-er-singel-2","status":"publish","type":"post","link":"https:\/\/www.europesays.com\/no\/66434\/","title":{"rendered":"Kristine Gr\u00e6ndsen avsl\u00f8rer: &#8211; Jeg er singel"},"content":{"rendered":"<p class=\"kicker \" style=\"\">Kristine Gr\u00e6ndsen:\u00a0<\/p>\n<p>  Skuespilleren r\u00f8per nyheten under det popul\u00e6re radioprogrammet p\u00e5 NRK.\u00a0<\/p>\n<p>\n    R\u00d8PER: Kristine Gr\u00e6ndsen var blant r\u00e5dgiverne under \u00abL\u00f8rdagsr\u00e5det\u00bb forrige l\u00f8rdag. Foto: Andreas Fadum\/Se og H\u00f8r\n  <\/p>\n<p>I september 2022 giftet\u00a0skuespiller Kristine Gr\u00e6ndsen (32)\u00a0seg. Til <a href=\"https:\/\/www.minmote.no\/mote\/brud\/a\/69kWG0\/kristine-graendsen-giftet-seg-se-alle-bildene\" rel=\"nofollow noopener\" target=\"_blank\">MinMote<\/a> fortalte hun den gang at bryllupet fant sted p\u00e5 Det Andre Teatret ved Sagene i Oslo.<\/p>\n<p>    <a itemprop=\"url\" href=\"https:\/\/www.seher.no\/kjendis\/bekrefter-brudd\/83726546\" rel=\"nofollow noopener\" target=\"_blank\"><\/p>\n<p>      <img loading=\"lazy\" decoding=\"async\" src=\"https:\/\/www.europesays.com\/no\/wp-content\/uploads\/2025\/10\/83726658.webp\" width=\"147\" height=\"98\" title=\"Bekrefter brudd\" alt=\"\" class=\"lazyload\" style=\"--aspect-ratio-image: 1.50; \"\/><\/p>\n<p>        Bekrefter brudd<\/p>\n<p>    <\/a><\/p>\n<p>&#8211; Det er jo en klisj\u00e9, men det ble virkelig bedre enn vi kunne dr\u00f8mme om, sa hun til nettstedet.\u00a0<\/p>\n<p>N\u00e5 r\u00f8per Gr\u00e6ndsen at hun er singel. Det gj\u00f8r hun under det popul\u00e6re radioprogrammet <a href=\"https:\/\/radio.nrk.no\/podkast\/loerdagsraadet\/l_f7cd49ed-7000-4bd9-8d49-ed7000fbd91e\" rel=\"nofollow noopener\" target=\"_blank\">\u00abL\u00f8rdagsr\u00e5det\u00bb <\/a>p\u00e5 NRK P3.\u00a0<\/p>\n<p class=\"font-weight-bold m-font-weight-bold\" data-lab-font_weight=\"font-weight-bold\">&#8211; Jeg er singel, avsl\u00f8rer hun p\u00e5 sendingen l\u00f8rdag, under den \u00abtradisjonelle\u00bb bli kjent-runden med r\u00e5dgiverne.\u00a0<\/p>\n<p class=\"font-weight-bold m-font-weight-bold\" data-lab-font_weight=\"font-weight-bold\"> Mer enn dette r\u00f8per hun ikke i programmet, og g\u00e5r videre til sp\u00f8rsm\u00e5l om alder og om statsbudsjettet. <\/p>\n<p>        AKILLESH\u00c6L: \u00abHotellet\u00bb-deltakerene Emilie \u00abVoe\u00bb Nereng og ektemannen Mike Hansson forklarer hvorfor Emilies fjes er deres st\u00f8rste akillsh\u00e6l i programmet. Reportere: Thea Hope\/ Kine Falch. Video: TV 2\/ R\u00f8d L\u00f8per\/ Sanne Holt<\/p>\n<p class=\"italic m-italic\" data-lab-italic=\"italic\">Kristine Gr\u00e6ndsen har forel\u00f8pig ikke besvart Se og H\u00f8rs henvendelse.\u00a0<\/p>\n<p class=\"no_italic m-no_italic\" data-lab-italic=\"\">Gr\u00e6ndsen ble for mange et kjent fjes gjennom TV-serien \u00abBasic Bitch\u00bb, sammen med Emilie Skolmen (32), Karin Klouman (36) og Ada Eide (29).\u00a0<\/p>\n<p class=\"no_italic m-no_italic\" data-lab-italic=\"\">32-\u00e5ringen har ogs\u00e5 v\u00e6rt \u00e5 se i \u00abEvig Singel\u00bb,\u00a0\u00abKongen Befaler\u00bb og \u00abIkke lov \u00e5 le p\u00e5 hytta\u00bb <\/p>\n<p>I radioprogrammet\u00ab L\u00f8rdagsr\u00e5det\u00bb har flere kj\u00e6rlighets- og bruddnyheter blitt avsl\u00f8rt opp gjennom \u00e5ra. I mai kunne blant annet komiker\u00a0<a href=\"https:\/\/www.dagbladet.no\/studio\/kjendisstudio\/668?post=182346\" rel=\"nofollow noopener\" target=\"_blank\">Henrik Farley<\/a>\u00a0(33) avsl\u00f8re i programmet at han er\u00a0<a href=\"https:\/\/www.dagbladet.no\/studio\/kjendisstudio\/668?post=182346\" rel=\"nofollow noopener\" target=\"_blank\">forlovet<\/a>.\u00a0<\/p>\n","protected":false},"excerpt":{"rendered":"Kristine Gr\u00e6ndsen:\u00a0 Skuespilleren r\u00f8per nyheten under det popul\u00e6re radioprogrammet p\u00e5 NRK.\u00a0 R\u00d8PER: Kristine Gr\u00e6ndsen var blant r\u00e5dgiverne under&hellip;\n","protected":false},"author":2,"featured_media":66435,"comment_status":"","ping_status":"","sticky":false,"template":"","format":"standard","meta":{"footnotes":""},"categories":[10],"tags":[20,21,4085,24,25,15,479,2543,9412,22,23,13,30,28,29,14,16,26,27],"class_list":{"0":"post-66434","1":"post","2":"type-post","3":"status-publish","4":"format-standard","5":"has-post-thumbnail","7":"category-norge","8":"tag-breaking-news","9":"tag-breakingnews","10":"tag-brudd","11":"tag-featured-news","12":"tag-featurednews","13":"tag-headlines","14":"tag-kjendis","15":"tag-kjendisdesken","16":"tag-kristine-graendsen","17":"tag-latest-news","18":"tag-latestnews","19":"tag-news","20":"tag-no","21":"tag-norge","22":"tag-norway","23":"tag-nyheter","24":"tag-overskrifter","25":"tag-top-stories","26":"tag-topstories"},"share_on_mastodon":{"url":"","error":""},"_links":{"self":[{"href":"https:\/\/www.europesays.com\/no\/wp-json\/wp\/v2\/posts\/66434","targetHints":{"allow":["GET"]}}],"collection":[{"href":"https:\/\/www.europesays.com\/no\/wp-json\/wp\/v2\/posts"}],"about":[{"href":"https:\/\/www.europesays.com\/no\/wp-json\/wp\/v2\/types\/post"}],"author":[{"embeddable":true,"href":"https:\/\/www.europesays.com\/no\/wp-json\/wp\/v2\/users\/2"}],"replies":[{"embeddable":true,"href":"https:\/\/www.europesays.com\/no\/wp-json\/wp\/v2\/comments?post=66434"}],"version-history":[{"count":0,"href":"https:\/\/www.europesays.com\/no\/wp-json\/wp\/v2\/posts\/66434\/revisions"}],"wp:featuredmedia":[{"embeddable":true,"href":"https:\/\/www.europesays.com\/no\/wp-json\/wp\/v2\/media\/66435"}],"wp:attachment":[{"href":"https:\/\/www.europesays.com\/no\/wp-json\/wp\/v2\/media?parent=66434"}],"wp:term":[{"taxonomy":"category","embeddable":true,"href":"https:\/\/www.europesays.com\/no\/wp-json\/wp\/v2\/categories?post=66434"},{"taxonomy":"post_tag","embeddable":true,"href":"https:\/\/www.europesays.com\/no\/wp-json\/wp\/v2\/tags?post=66434"}],"curies":[{"name":"wp","href":"https:\/\/api.w.org\/{rel}","templated":true}]}}