{"id":66452,"date":"2025-10-21T17:28:13","date_gmt":"2025-10-21T17:28:13","guid":{"rendered":"https:\/\/www.europesays.com\/no\/66452\/"},"modified":"2025-10-21T17:28:13","modified_gmt":"2025-10-21T17:28:13","slug":"vil-ikke-nevne-navn","status":"publish","type":"post","link":"https:\/\/www.europesays.com\/no\/66452\/","title":{"rendered":"Vil ikke nevne navn"},"content":{"rendered":"<p class=\"kicker bg-black color_mobile_bg-black text-yellow color_mobile_text-yellow align-center mobile_text_align_align-center hasTextPadding mobile-hasTextPadding\" style=\"\">Bod\u00f8\/Glimt i Champions League<\/p>\n<p>  &#8211; Han m\u00e5 f\u00e5 styre minst mulig, sier Jens Petter Hauge dagen f\u00f8r heksegryta i Istanbul venter.\u00a0<\/p>\n<p>\n    HERJET: Jens Petter Hauge scoret to mot Tottenham i forrige runde. Foto: Bildbyr\u00e5n\n  <\/p>\n<ul>Galatasaray &#8211; Bod\u00f8\/Glimt onsdag klokka 18.45<\/ul>\n<p>ISTANBUL \/ OSLO (Dagbladet): Glimt st\u00e5r med to uavgjorte p\u00e5 sine to f\u00f8rste kamper. Galatasaray har p\u00e5 sin side ett tap og en seier. Seieren kom i forrige runde mot selveste Liverpool.<\/p>\n<p>Det tyrkiske storlaget har de siste \u00e5ra bygd opp en stjernespekket tropp.\u00a0<\/p>\n<p>    <a itemprop=\"url\" href=\"https:\/\/www.dagbladet.no\/sport\/velkommen-til-helvete\/83748278\" rel=\"nofollow noopener\" target=\"_blank\"><\/p>\n<p>      <img loading=\"lazy\" decoding=\"async\" src=\"https:\/\/www.europesays.com\/no\/wp-content\/uploads\/2025\/10\/83748730.webp\" width=\"980\" height=\"441\" title=\"- Velkommen til helvete\" alt=\"\" class=\"lazyload\" style=\"--aspect-ratio-image: 2.22; \"\/><\/p>\n<p>        &#8211; Velkommen til helvete<\/p>\n<p>    <\/a><\/p>\n<p>Tyskland-stjernene Ilkay G\u00fcndogan og Leroy San\u00e9 har enorme karrierer bak seg for Manchester City og i tysk fotball f\u00f8r de kom til Tyrkia i sommer. Victor Osimhen har v\u00e6rt en av Europas beste spisser i flere \u00e5r, mens argentinske Mauro Icardi har skapt overskrifter b\u00e5de p\u00e5 og utenfor banen.\u00a0<\/p>\n<p class=\"italic m-italic\" data-lab-italic=\"italic\">&#8211; Er det noen spesielle spillere dere har snakket om? sp\u00f8r Dagbladet Jens Petter Hauge p\u00e5 pressekonferansen tirsdag.<\/p>\n<p>&#8211; Ja, vi har snakket litt om det, uten at vi skal g\u00e5 inn p\u00e5 navn. De har veldig h\u00f8y kvalitet i enkelte posisjoner. Vi m\u00e5 v\u00e6re observante, svarer Hauge.\u00a0<\/p>\n<p>          <img loading=\"lazy\" decoding=\"async\" src=\"https:\/\/www.europesays.com\/no\/wp-content\/uploads\/2025\/10\/83752398.webp\" width=\"686\" height=\"488\" title=\"MIDTBANEDUO: Tidligere Arsenal-spiller Lucas Torreira og Ilkay G\u00fcndogan under Galatasarays seier over Arsenal. Foto: NTB\" alt=\"\" class=\"\" style=\"--aspect-ratio-image: 1.41; \"\/><\/p>\n<p>\n          MIDTBANEDUO: Tidligere Arsenal-spiller Lucas Torreira og Ilkay G\u00fcndogan under Galatasarays seier over Arsenal. Foto: NTB\n      <\/p>\n<p>Nevnte G\u00fcndogan var lagkamerat med Erling Braut Haaland i Manchester City. Der gjorde han stor suksess som playmaker og m\u00e5lscorer fra midtbanen.<\/p>\n<p class=\"italic m-italic\" data-lab-italic=\"italic\">&#8211; Hva med G\u00fcndogan? sp\u00f8r Dagbladet.<\/p>\n<p>&#8211; Ja, han er veldig god. Han m\u00e5 f\u00e5 styre minst mulig, svarer Glimt-profilen.<\/p>\n<p>        CHAMPIONS LEAGUE: Slavia Praha-fansen tok av da hjemmelaget gikk opp i ledelsen. <\/p>\n<p>Kjetil Knutsen var offensiv p\u00e5 eget lags vegne p\u00e5 pressekonferansen:<\/p>\n<p>&#8211; Vi snakker ikke s\u00e5 mye om motstanderen, men vet det er et veldig sterkt lag. Jeg har sett kampen mot Liverpool, og de var det beste laget. Vi tror vi er forberedt og konkurransedyktige, sa Knutsen.\u00a0<\/p>\n<p>          <img loading=\"lazy\" decoding=\"async\" src=\"https:\/\/www.europesays.com\/no\/wp-content\/uploads\/2025\/10\/83752405.webp\" width=\"686\" height=\"515\" title=\"DAGEN F\u00d8R DAGEN: Kjetil Knutsen og Jens Petter Hauge p\u00e5 pressekonferansen i Istanbul. Foto: Tore Ulrik Bratland \/ Dagbladet\" alt=\"\" class=\"\" style=\"--aspect-ratio-image: 1.33; \"\/><\/p>\n<p>\n          DAGEN F\u00d8R DAGEN: Kjetil Knutsen og Jens Petter Hauge p\u00e5 pressekonferansen i Istanbul. Foto: Tore Ulrik Bratland \/ Dagbladet\n      <\/p>\n<p> Jostein Gundersen, Ola Brynhildsen, Ulrik Saltnes, Ole Didrik Blomberg og Brede Moe er alle igjen i nord. <\/p>\n","protected":false},"excerpt":{"rendered":"Bod\u00f8\/Glimt i Champions League &#8211; Han m\u00e5 f\u00e5 styre minst mulig, sier Jens Petter Hauge dagen f\u00f8r heksegryta&hellip;\n","protected":false},"author":2,"featured_media":66453,"comment_status":"","ping_status":"","sticky":false,"template":"","format":"standard","meta":{"footnotes":""},"categories":[5],"tags":[517,20,21,4875,24,25,92,15,19,22,23,17,18,13,30,28,29,14,16,83,26,27],"class_list":{"0":"post-66452","1":"post","2":"type-post","3":"status-publish","4":"format-standard","5":"has-post-thumbnail","7":"category-overskrifter","8":"tag-bodo-glimt","9":"tag-breaking-news","10":"tag-breakingnews","11":"tag-champions_league","12":"tag-featured-news","13":"tag-featurednews","14":"tag-fotball","15":"tag-headlines","16":"tag-hovedoppslag","17":"tag-latest-news","18":"tag-latestnews","19":"tag-main-news","20":"tag-mainnews","21":"tag-news","22":"tag-no","23":"tag-norge","24":"tag-norway","25":"tag-nyheter","26":"tag-overskrifter","27":"tag-sport","28":"tag-top-stories","29":"tag-topstories"},"share_on_mastodon":{"url":"","error":""},"_links":{"self":[{"href":"https:\/\/www.europesays.com\/no\/wp-json\/wp\/v2\/posts\/66452","targetHints":{"allow":["GET"]}}],"collection":[{"href":"https:\/\/www.europesays.com\/no\/wp-json\/wp\/v2\/posts"}],"about":[{"href":"https:\/\/www.europesays.com\/no\/wp-json\/wp\/v2\/types\/post"}],"author":[{"embeddable":true,"href":"https:\/\/www.europesays.com\/no\/wp-json\/wp\/v2\/users\/2"}],"replies":[{"embeddable":true,"href":"https:\/\/www.europesays.com\/no\/wp-json\/wp\/v2\/comments?post=66452"}],"version-history":[{"count":0,"href":"https:\/\/www.europesays.com\/no\/wp-json\/wp\/v2\/posts\/66452\/revisions"}],"wp:featuredmedia":[{"embeddable":true,"href":"https:\/\/www.europesays.com\/no\/wp-json\/wp\/v2\/media\/66453"}],"wp:attachment":[{"href":"https:\/\/www.europesays.com\/no\/wp-json\/wp\/v2\/media?parent=66452"}],"wp:term":[{"taxonomy":"category","embeddable":true,"href":"https:\/\/www.europesays.com\/no\/wp-json\/wp\/v2\/categories?post=66452"},{"taxonomy":"post_tag","embeddable":true,"href":"https:\/\/www.europesays.com\/no\/wp-json\/wp\/v2\/tags?post=66452"}],"curies":[{"name":"wp","href":"https:\/\/api.w.org\/{rel}","templated":true}]}}