{"id":66456,"date":"2025-10-21T17:30:13","date_gmt":"2025-10-21T17:30:13","guid":{"rendered":"https:\/\/www.europesays.com\/no\/66456\/"},"modified":"2025-10-21T17:30:13","modified_gmt":"2025-10-21T17:30:13","slug":"vonbjort-vang-fra-faeroyene-far-nordisk-rads-litteraturpris-nrk-kultur-og-underholdning","status":"publish","type":"post","link":"https:\/\/www.europesays.com\/no\/66456\/","title":{"rendered":"V\u00f3nbj\u00f8rt Vang fra F\u00e6r\u00f8yene f\u00e5r Nordisk r\u00e5ds litteraturpris \u2013 NRK Kultur og underholdning"},"content":{"rendered":"<p>Etter 30 \u00e5r sluttar Frode \u00d8verli \u00e5 teikne Pondus-striper regelmessig, melder <a href=\"https:\/\/www.bt.no\/kultur\/i\/KMOdVG\/pondus-er-blitt-et-tegneserieeventyr-naa-gaar-forfatteren-nye-veier\" ec-id=\"https:\/\/www.bt.no\/kultur\/i\/KMOdVG\/pondus-er-blitt-et-tegneserieeventyr-naa-gaar-forfatteren-nye-veier\" ec-name=\"BT\" rel=\"nofollow noopener\" target=\"_blank\">BT<\/a>.<\/p>\n<p>Framover skal Pondus-teiknaren fokusere p\u00e5 barneb\u00f8ker, rett nok med ein karakter som Pondus-lesarane kjenner godt til, nemleg Frida, eller \u00abSneipen\u00bb.<\/p>\n<p>Pondus-bladet kjem til \u00e5 halde fram ei stund til, og teiknaren seier han har nok nytt materiale til \u00e5 fylle opp Pondus-bok nummer 25.<\/p>\n<p>\u2013 Men det kjem ikkje lenger noko nytt i blad eller aviser, seier han til avisa.<\/p>\n<p>Rett nok nektar han ikkje for at det kan kome nye Pondus-striper ein gong, men det blir eventuelt om og n\u00e5r han sj\u00f8lv vil.<\/p>\n","protected":false},"excerpt":{"rendered":"Etter 30 \u00e5r sluttar Frode \u00d8verli \u00e5 teikne Pondus-striper regelmessig, melder BT. Framover skal Pondus-teiknaren fokusere p\u00e5 barneb\u00f8ker,&hellip;\n","protected":false},"author":2,"featured_media":66457,"comment_status":"","ping_status":"","sticky":false,"template":"","format":"standard","meta":{"footnotes":""},"categories":[58],"tags":[71,30,28,29,72],"class_list":{"0":"post-66456","1":"post","2":"type-post","3":"status-publish","4":"format-standard","5":"has-post-thumbnail","7":"category-underholdning","8":"tag-entertainment","9":"tag-no","10":"tag-norge","11":"tag-norway","12":"tag-underholdning"},"share_on_mastodon":{"url":"","error":""},"_links":{"self":[{"href":"https:\/\/www.europesays.com\/no\/wp-json\/wp\/v2\/posts\/66456","targetHints":{"allow":["GET"]}}],"collection":[{"href":"https:\/\/www.europesays.com\/no\/wp-json\/wp\/v2\/posts"}],"about":[{"href":"https:\/\/www.europesays.com\/no\/wp-json\/wp\/v2\/types\/post"}],"author":[{"embeddable":true,"href":"https:\/\/www.europesays.com\/no\/wp-json\/wp\/v2\/users\/2"}],"replies":[{"embeddable":true,"href":"https:\/\/www.europesays.com\/no\/wp-json\/wp\/v2\/comments?post=66456"}],"version-history":[{"count":0,"href":"https:\/\/www.europesays.com\/no\/wp-json\/wp\/v2\/posts\/66456\/revisions"}],"wp:featuredmedia":[{"embeddable":true,"href":"https:\/\/www.europesays.com\/no\/wp-json\/wp\/v2\/media\/66457"}],"wp:attachment":[{"href":"https:\/\/www.europesays.com\/no\/wp-json\/wp\/v2\/media?parent=66456"}],"wp:term":[{"taxonomy":"category","embeddable":true,"href":"https:\/\/www.europesays.com\/no\/wp-json\/wp\/v2\/categories?post=66456"},{"taxonomy":"post_tag","embeddable":true,"href":"https:\/\/www.europesays.com\/no\/wp-json\/wp\/v2\/tags?post=66456"}],"curies":[{"name":"wp","href":"https:\/\/api.w.org\/{rel}","templated":true}]}}