{"id":66462,"date":"2025-10-21T17:36:39","date_gmt":"2025-10-21T17:36:39","guid":{"rendered":"https:\/\/www.europesays.com\/no\/66462\/"},"modified":"2025-10-21T17:36:39","modified_gmt":"2025-10-21T17:36:39","slug":"steile-fronter-for-ski-idrettens-russland-avgjorelse","status":"publish","type":"post","link":"https:\/\/www.europesays.com\/no\/66462\/","title":{"rendered":"Steile fronter f\u00f8r ski-idrettens Russland-avgj\u00f8relse"},"content":{"rendered":"\n<ul class=\"_list_o9xde_3 _list_64s2r_85 _unordered_o9xde_106 text-sans-m\">\n<li class=\"_item_o9xde_30\">En russisk OL-mester  er s\u00e5 provosert av finsk utspill foresl\u00e5r at han foresl\u00e5r \u00e5 atombombe Finland.<\/li>\n<li class=\"_item_o9xde_30\">FIS avgj\u00f8r tirsdag om russiske og belarussiske ut\u00f8vere skal delta igjen etter utestengelse siden 2022.<\/li>\n<li class=\"_item_o9xde_30\">Finland nekter russere innreise til verdenscup\u00e5pningen i november.<\/li>\n<li class=\"_item_o9xde_30\">Sveriges Linn Svahn vurderer OL-boikott hvis russere f\u00e5r delta.<\/li>\n<\/ul>\n<p>Vis mer <\/p>\n<p class=\"_paragraph_o9xde_4 _paragraph_xtcu6_10 layout-component text-serif-m layout-normal text-serif-m layout-padded\">I et digitalt styrem\u00f8te i Det internasjonale sn\u00f8brett- og skiforbundet (<a href=\"https:\/\/www.vg.no\/tag\/fis?utm_source=vg-article&amp;utm_medium=auto-tagger&amp;utm_campaign=4B6qmq\" class=\"_link_o9xde_39\" rel=\"nofollow noopener\" target=\"_blank\">FIS<\/a>) blir det bestemt om det skal \u00e5pnes for russisk og belarusisk deltagelse igjen den kommende vinteren. De har v\u00e6rt utestengt siden mars 2022, kort tid etter at Russland gikk til krig mot Ukraina. <\/p>\n<p class=\"_paragraph_o9xde_4 _paragraph_xtcu6_10 layout-component text-serif-m layout-normal text-serif-m layout-padded\"><strong class=\"_strong_o9xde_25\">\u2013 V\u00e5rt h\u00e5p er at et flertall sier nei, men ingen blir overrasket dersom det ikke skjer. Dette er en sak som splitter nasjonene, og flere land har et annet syn enn oss. For oss er det viktig at vi er tydelige og klare i v\u00e5rt standpunkt, ikke minst internasjonalt, sier skipresident Tove Moe Dyrhaug til VG. <\/strong><\/p>\n<p><img decoding=\"async\" alt=\"Bilde av Tove Moe Dyrhaug\" class=\"_image_ygndg_42\" height=\"27\" itemprop=\"image\" loading=\"lazy\"  src=\"https:\/\/www.europesays.com\/no\/wp-content\/uploads\/2025\/10\/bafdd628-7504-4711-8700-56ff4baf4f0f\"  width=\"40\"\/><strong class=\"_name_ygndg_51 title-serif-xs\">Tove Moe Dyrhaug<\/strong><\/p>\n<p class=\"_paragraph_o9xde_4 text-sans-m _description_ygndg_56\">President i Norges Skiforbund<\/p>\n<p class=\"_paragraph_o9xde_4 _paragraph_xtcu6_10 layout-component text-serif-m layout-normal text-serif-m layout-padded\">Den internasjonale olympiske komitee (IOC) bestemte i h\u00f8st at individuelle ut\u00f8vere fra Russland og Belarus kan delta som n\u00f8ytrale i vinter-OL i Milano\/Cortina i 2026, dersom de oppfyller strenge krav (se sp\u00f8rsm\u00e5l\/svar lenger ned). <\/p>\n<p class=\"_paragraph_o9xde_4 _paragraph_xtcu6_10 layout-component text-serif-m layout-normal text-serif-m layout-padded\">Det er samme standpunkt som gjaldt i sommer-OL i Paris i 2024. Der var det 32 ut\u00f8vere i ti ulike idretter fra Russland og Belarus. <\/p>\n<p><img alt=\"FIS-president Johan Eliasch med kronprins Haakon og kronprinsesse Mette-Marit under \u00e5pningsseremonien p\u00e5 ski-VM i Trondheim. Svensk-britiske Eliasch har i lang tid signalisert at han \u00f8nsker russerne tilbake i skisporten.   Foto: Lise \u00c5serud \/ NTB\" class=\"_image_qp4xg_65 layout-component layout-normal\" data-fullscreen- data-track-element-type=\"Article image fullscreen\" data-track-name=\"ImageFullscreen\" decoding=\"async\" loading=\"lazy\" height=\"3864\" itemprop=\"image\"  src=\"https:\/\/www.europesays.com\/no\/wp-content\/uploads\/2025\/10\/fc373e54-22ea-4b17-803b-0e675d797130\"  style=\"object-position:0% 0%\" width=\"5796\"\/>FIS-president Johan Eliasch med kronprins Haakon og kronprinsesse Mette-Marit under \u00e5pningsseremonien p\u00e5 ski-VM i Trondheim. Svensk-britiske Eliasch har i lang tid signalisert at han \u00f8nsker russerne tilbake i skisporten.   Foto: Lise \u00c5serud \/ NTB<\/p>\n<p class=\"_paragraph_o9xde_4 _paragraph_xtcu6_10 layout-component text-serif-m layout-normal text-serif-m layout-padded\">IOC har overlatt \u00e5 avgj\u00f8re sp\u00f8rsm\u00e5let om russisk deltagelse ut fra deres rammer til s\u00e6rforbundene i de ulike idrettene. Selv om et s\u00e6rforbund tillater en ut\u00f8ver \u00e5 kvalifisere seg, m\u00e5 IOC til slutt godkjenne deltagelsen i OL.<\/p>\n<p class=\"_paragraph_o9xde_4 _paragraph_xtcu6_10 layout-component text-serif-m layout-normal text-serif-m layout-padded\"><strong class=\"_strong_o9xde_25\">Det internasjonale sk\u00f8yteforbundet har \u00e5pnet for \u00e5 slippe til russere, mens de andre store vintersport-forbundene fortsetter med utestengelse. <\/strong><\/p>\n<p class=\"_paragraph_o9xde_4 _paragraph_xtcu6_10 layout-component text-serif-m layout-normal text-serif-m layout-padded\">Uansett hva FIS beslutter tirsdag, vil ikke Finland slippe til russere til verdenscup\u00e5pningen i hopp, langrenn og kombinert i Ruka siste helgen i november.<\/p>\n<p class=\"_paragraph_o9xde_4 _paragraph_xtcu6_10 layout-component text-serif-m layout-normal text-serif-m layout-padded\">\u2013 Russerne har ikke noe \u00e5 gj\u00f8re i Ruka, fordi innreiseforbudet er p\u00e5 plass, sier Sirpa Korkatti, styreleder i det finske skiforbundet, til avisen <a href=\"https:\/\/www.hs.fi\/urheilu\/art-2000011561585.html\" class=\"_link_o9xde_39\" rel=\"nofollow noopener\" target=\"_blank\">Helsingin Sanomat<\/a>.<\/p>\n<p class=\"_paragraph_o9xde_4 _paragraph_xtcu6_10 layout-component text-serif-m layout-normal text-serif-m layout-padded\">Finland har, som Norge, innreiseforbudinnreiseforbudDet krever strenge unntak for russere \u00e5 f\u00e5 visum i Norge og Finland: Som essensielle reiser, familiebes\u00f8k eller lignende.  for russere. <\/p>\n<p class=\"_paragraph_o9xde_4 _paragraph_xtcu6_10 layout-component text-serif-m layout-normal text-serif-m layout-padded\">I Russland har Korkattis ytring skapt groteske reaksjoner.<\/p>\n<p class=\"_paragraph_o9xde_4 _paragraph_xtcu6_10 layout-component text-serif-m layout-normal text-serif-m layout-padded\">\u2013 Jeg ville gjort forbannede Finland om til HiroshimaHiroshimaHiroshima er en by i det s\u00f8rvestlige Japan som ble verdens f\u00f8rste m\u00e5l for et atomangrep da USA slapp en atombombe der 6. august 1945, mot slutten av andre verdenskrig. Anslagsvis 70 000\u201380 000 mennesker ble drept umiddelbart, og innen utgangen av 1945 hadde totalt rundt 140 000 mistet livet som f\u00f8lge av skader, str\u00e5ling og ettervirkninger.. Det ville v\u00e6rt en l\u00e6repenge for andre land. Vi burde tenke p\u00e5 sport, ikke politikk, sier den sv\u00e6rt omstridtesv\u00e6rt omstridteHan var lenge visepresident i Det internasjonale skiskytterforbundet (IBU), men ble senere suspendert etter korrupsjonsanklager og konflikter med ledelsen. Han har ofte kommet med skarpe og ekstreme politiske uttalelser, blant annet til st\u00f8tte for Vladimir Putin og russisk nasjonalisme. Aleksandr Tikhonov, fire ganger OL-mester i skiskyting, i russiske SportExpress.<\/p>\n<p><img alt=\"Aleksandr Tikhonov, her fra 2009.  Foto: Magnar Kirknes \/ VG\" class=\"_image_qp4xg_65 layout-component layout-normal\" data-fullscreen- data-track-element-type=\"Article image fullscreen\" data-track-name=\"ImageFullscreen\" decoding=\"async\" loading=\"lazy\" height=\"1640\" itemprop=\"image\"  src=\"https:\/\/www.europesays.com\/no\/wp-content\/uploads\/2025\/10\/1e105302-8251-462f-8e9b-8eb7bac21508\"  style=\"object-position:0% 0%\" width=\"1607\"\/>Aleksandr Tikhonov, her fra 2009.  Foto: Magnar Kirknes \/ VG<\/p>\n<p class=\"_paragraph_o9xde_4 _paragraph_xtcu6_10 layout-component text-serif-m layout-normal text-serif-m layout-padded\">Sveriges langrennsprofil Linn Svahn sa nylig til <a href=\"https:\/\/www.expressen.se\/sport\/langdskidor\/linn-svahn-beredd-att-bojkotta-os-obehagligt-\/\" class=\"_link_o9xde_39\" rel=\"nofollow noopener\" target=\"_blank\">Expressen<\/a> at hun vil vurdere \u00e5 boikotte OL dersom russere f\u00e5r v\u00e6re med. <\/p>\n<p class=\"_paragraph_o9xde_4 _paragraph_xtcu6_10 layout-component text-serif-m layout-normal text-serif-m layout-padded\">\u2013 Dere er bare idioter som skyter dere selv, sa Veronika Stepanova om de nordiske holdningene. Hun var ankerkvinne p\u00e5 det russiske laget som vant OL-stafetten i langrenn i 2022. <\/p>\n<p class=\"_paragraph_o9xde_4 _paragraph_xtcu6_10 layout-component text-serif-m layout-normal text-serif-m layout-padded\">I flere mellomeuropeiske land er det mer \u00e5pent for russere enn i Norden. Det er blitt rapportert i russiske og finske medier at kjente skil\u00f8pere fra Russland er p\u00e5 treningsleir i italienske Livigno og \u00f8sterrikske Ramsau for tiden. <\/p>\n<p class=\"_paragraph_o9xde_4 _paragraph_xtcu6_10 layout-component text-serif-m layout-normal text-serif-m layout-padded\">Langrennsesset Aleksandr Bolsjunov er Russlands st\u00f8rste stjerne i skisporten og ble OL-konge i 2022 rett f\u00f8r president Vladimir Putin beordret i gang krigen mot Ukraina. Ved at Bolsjunov er kaptein i Putins nasjonalgarde, oppfyller han uansett ikke IOCs krav til n\u00f8ytral deltagelse, slik VG forst\u00e5r.<\/p>\n<p class=\"_paragraph_o9xde_4 _paragraph_xtcu6_10 layout-component text-serif-m layout-normal text-serif-m layout-padded\">Det gjelder de aller fleste russerne, ettersom det er normalt der at idrettsut\u00f8vere er ansatt i forsvaret. Ogs\u00e5 i mellom-europeiske land som Tyskland, Frankrike, \u00d8sterrike og Italia er det vanlig praksis at toppidrettsut\u00f8vere er ansatt i offentlige funksjoner innen forsvaret, politiet eller tollvesenet.<\/p>\n<p class=\"_paragraph_o9xde_4 _paragraph_xtcu6_10 layout-component text-serif-m layout-normal text-serif-m layout-padded\">Daniel Myrm\u00e6l Helgestad er arrang\u00f8rsjef for verdenscup-helgen i langrenn i Trondheim 5\u20137. desember. Han er spent p\u00e5 hva som kommer ut av m\u00f8tet tirsdag.<\/p>\n<p class=\"_paragraph_o9xde_4 _paragraph_xtcu6_10 layout-component text-serif-m layout-normal text-serif-m layout-padded\">\u2013 Vi forholder oss til FIS og Norges Skiforbund. Det er klart det blir et veldig annerledes arrangement om russere er med, sier Helgestad til VG.<\/p>\n<p><img decoding=\"async\" alt=\"Bilde av Daniel Myrm\u00e6l Helgestad \" class=\"_image_ygndg_42\" height=\"53\" itemprop=\"image\" loading=\"lazy\"  src=\"https:\/\/www.europesays.com\/no\/wp-content\/uploads\/2025\/10\/f975a1ee-2f4c-4273-9cb8-c11c38656029\"  width=\"40\"\/><strong class=\"_name_ygndg_51 title-serif-xs\">Daniel Myrm\u00e6l Helgestad <\/strong><\/p>\n<p class=\"_paragraph_o9xde_4 text-sans-m _description_ygndg_56\">Leder for verdenscupen i Trondheim.<\/p>\n<p class=\"_paragraph_o9xde_4 _paragraph_xtcu6_10 layout-component text-serif-m layout-normal text-serif-m layout-padded\">\u2013 Hva er dine forventninger til m\u00f8tet?<\/p>\n<p class=\"_paragraph_o9xde_4 _paragraph_xtcu6_10 layout-component text-serif-m layout-normal text-serif-m layout-padded\">\u2013 Jeg vet ikke hva jeg skal forvente. Vi m\u00e5 bare forholde oss til det som blir vedtatt og forberede oss p\u00e5 det som m\u00e5tte komme. Jeg vet rett og slett ikke. <\/p>\n<p class=\"_paragraph_o9xde_4 _paragraph_xtcu6_10 layout-component text-serif-m layout-normal text-serif-m layout-padded\">Skipresident Dyrhaug sier det er \u00abveldig vanskelig\u00bb \u00e5 se for seg russisk belarusisk deltagelse i Trondheim. <\/p>\n<p class=\"_paragraph_o9xde_4 _paragraph_xtcu6_10 layout-component text-serif-m layout-normal text-serif-m layout-padded\">\u2013 Vi h\u00e5per at det ikke blir en aktuell problemstilling etter m\u00f8tet i FIS tirsdag, men dersom det likevel skulle bli det, vil vi diskutere dette. F\u00f8r det vil vi vurdere situasjonen n\u00f8ye, og ha tett kontakt med andre medlemsland, sier Dyrhaug.<\/p>\n<p>   Sp\u00f8rsm\u00e5l og svar:  1 Hva har IOC bestemt?<\/p>\n<p class=\"_paragraph_o9xde_4 _paragraph_xtcu6_10 layout-component text-serif-m layout-normal text-serif-m layout-padded\">Den internasjonale olympiske komit\u00e9 (IOC) \u00e5pner for at individuelle n\u00f8ytrale ut\u00f8vere (AIN) med russisk eller belarusisk pass kan delta i vinter-OL i Milano\/Cortina 2026 \u2013 under de samme betingelsene som i sommer-OL i Paris 2024.<\/p>\n<p>  2 Hva betyr \u00abindividuell n\u00f8ytral ut\u00f8ver\u00bb? <\/p>\n<p class=\"_paragraph_o9xde_4 _paragraph_xtcu6_10 layout-component text-serif-m layout-normal text-serif-m layout-padded\">Ut\u00f8verne konkurrerer uten nasjonale symboler, flagg eller hymne. De representerer ikke Russland eller Belarus, men deltar under AIN-flagg og en n\u00f8ytral hymne uten tekst. Resultatene deres teller ikke i medaljeoversikten.<\/p>\n<p>  3 Hvilke krav m\u00e5 oppfylles? For \u00e5 bli godkjent m\u00e5 ut\u00f8verne:<\/p>\n<ul class=\"_list_o9xde_3 _list_xtcu6_9 _unordered_o9xde_106 layout-component text-serif-m layout-normal text-serif-m layout-padded\">\n<li class=\"_item_o9xde_30\">Kvalifisere seg gjennom ordin\u00e6re internasjonale kvalifiseringssystemer<\/li>\n<li class=\"_item_o9xde_30\">Ikke ha st\u00f8ttet krigen mot Ukraina<\/li>\n<li class=\"_item_o9xde_30\">Ikke v\u00e6re tilknyttet milit\u00e6re eller sikkerhetsstyrker<\/li>\n<li class=\"_item_o9xde_30\">Overholde alle antidopingregler og signere de olympiske deltagelsesvilk\u00e5rene<\/li>\n<\/ul>\n<p>  4 Hvem avgj\u00f8r hvem som f\u00e5r delta? <\/p>\n<p class=\"_paragraph_o9xde_4 _paragraph_xtcu6_10 layout-component text-serif-m layout-normal text-serif-m layout-padded\">Et eget AIN Eligibility Review Panel (AINERP) vurderer hver enkelt ut\u00f8ver og st\u00f8ttepersonell. Panelet ledes av IOC-medlem <strong class=\"_strong_o9xde_25\">Nicole Hoevertsz<\/strong>, med <strong class=\"_strong_o9xde_25\">Pau Gasol<\/strong> (ut\u00f8verrepresentant) og <strong class=\"_strong_o9xde_25\">Morinari Watanabe<\/strong> (representant for internasjonale s\u00e6rforbund). IOC\u2019s Chief Ethics and Compliance Officer fungerer som sekret\u00e6r.<\/p>\n<p>  5 Vil lag kunne delta? <\/p>\n<p class=\"_paragraph_o9xde_4 _paragraph_xtcu6_10 layout-component text-serif-m layout-normal text-serif-m layout-padded\">Nei. Kun individuelle ut\u00f8vere f\u00e5r delta. Lag med russiske eller hviterussiske ut\u00f8vere blir ikke vurdert eller invitert. Det vil si at de ikke kan delta i lagkonkurranser eller stafetter. <\/p>\n<p>  6 Hvordan blir det under seremoniene? <\/p>\n<p class=\"_paragraph_o9xde_4 _paragraph_xtcu6_10 layout-component text-serif-m layout-normal text-serif-m layout-padded\">AIN-ut\u00f8vere g\u00e5r ikke i innmarsjen under \u00e5pningsseremonien p\u00e5 San Siro i Milano, men f\u00e5r anledning til \u00e5 oppleve arrangementet. Under seiersseremonier spilles AIN-hymnen og AIN-flagget heises. Deltagelse i avslutningsseremonien skal avgj\u00f8res under lekene.<\/p>\n<p>Dette har s\u00e6rforbundene bestemt om russisk deltagelse f\u00f8r OL i Milano\/Cortina 2026:<\/p>\n<ul class=\"_list_o9xde_3 _list_xtcu6_9 _unordered_o9xde_106 layout-component text-serif-m layout-normal text-serif-m layout-padded\">\n<li class=\"_item_o9xde_30\"><strong class=\"_strong_o9xde_25\">Kunstl\u00f8p \/ Sk\u00f8yter (Det internasjonale sk\u00f8yteforbundet \u2013 kunstl\u00f8p, hurtigl\u00f8p og kortbane)<br \/><\/strong>ISU \u00e5pner for et begrenset antall individuelle n\u00f8ytrale ut\u00f8vere i kvalifiseringsarrangementer mot OL 2026, under strenge betingelser. Tidligere var det total utestengelse, men n\u00e5 er det en delvis \u00e5pning.<\/li>\n<li class=\"_item_o9xde_30\"><strong class=\"_strong_o9xde_25\">Ishockey (Det internasjonale ishockeyforbundet)<br \/><\/strong>Full utestengelse av Russland og Belarus gjelder minst til 2026-sesongen. De f\u00e5r ikke delta i OL. <\/li>\n<li class=\"_item_o9xde_30\"><strong class=\"_strong_o9xde_25\"> Langrenn \/ Hopp \/ Kombinert \/ Alpint \/ Snowboard (FIS)<\/strong><br \/>Ingen russiske\/hviterussiske ut\u00f8vere konkurrerer internasjonalt per n\u00e5. FIS-styret har m\u00f8te om sp\u00f8rsm\u00e5let tirsdag.<\/li>\n<li class=\"_item_o9xde_30\"><strong class=\"_strong_o9xde_25\">Aking (Det internasjonale akeforbundet)<br \/><\/strong>Ingen russiske deltagere i OL 2026, heller ikke som n\u00f8ytrale.<\/li>\n<li class=\"_item_o9xde_30\"><strong class=\"_strong_o9xde_25\">Bob og Skeleton (Det internasjonale bob- og skeletonforbundet) <br \/><\/strong>Ingen russiske deltagere i OL 2026, selv ikke som n\u00f8ytrale.<\/li>\n<li class=\"_item_o9xde_30\"><strong class=\"_strong_o9xde_25\">Skiskyting (Det internasjonale skiskytterforbundet)<\/strong><br \/>Har bekreftet at ingen russiske eller hviterussiske ut\u00f8vere f\u00e5r delta i OL 2026,<br \/>heller ikke under n\u00f8ytral status.<\/li>\n<\/ul>\n<p class=\"_paragraph_o9xde_4 _paragraph_xtcu6_10 layout-component text-serif-m layout-normal text-serif-m layout-padded\"><strong class=\"_strong_o9xde_25\">Kilder:<\/strong> IOC, ISU, IIHF, FIS, FIL, IBSF, IBU, Reuters, AP, ESPN, Olympics.com<\/p>\n","protected":false},"excerpt":{"rendered":"En russisk OL-mester er s\u00e5 provosert av finsk utspill foresl\u00e5r at han foresl\u00e5r \u00e5 atombombe Finland. FIS avgj\u00f8r&hellip;\n","protected":false},"author":2,"featured_media":66463,"comment_status":"","ping_status":"","sticky":false,"template":"","format":"standard","meta":{"footnotes":""},"categories":[5],"tags":[9502,20,21,9503,24,25,772,15,19,398,22,23,17,18,13,30,28,642,29,14,16,26,27,186],"class_list":{"0":"post-66462","1":"post","2":"type-post","3":"status-publish","4":"format-standard","5":"has-post-thumbnail","7":"category-overskrifter","8":"tag-aleksandr-bolsjunov","9":"tag-breaking-news","10":"tag-breakingnews","11":"tag-daniel-myrmael-helgestad","12":"tag-featured-news","13":"tag-featurednews","14":"tag-fis","15":"tag-headlines","16":"tag-hovedoppslag","17":"tag-langrenn","18":"tag-latest-news","19":"tag-latestnews","20":"tag-main-news","21":"tag-mainnews","22":"tag-news","23":"tag-no","24":"tag-norge","25":"tag-norges-skiforbund","26":"tag-norway","27":"tag-nyheter","28":"tag-overskrifter","29":"tag-top-stories","30":"tag-topstories","31":"tag-vladimir-putin"},"share_on_mastodon":{"url":"","error":""},"_links":{"self":[{"href":"https:\/\/www.europesays.com\/no\/wp-json\/wp\/v2\/posts\/66462","targetHints":{"allow":["GET"]}}],"collection":[{"href":"https:\/\/www.europesays.com\/no\/wp-json\/wp\/v2\/posts"}],"about":[{"href":"https:\/\/www.europesays.com\/no\/wp-json\/wp\/v2\/types\/post"}],"author":[{"embeddable":true,"href":"https:\/\/www.europesays.com\/no\/wp-json\/wp\/v2\/users\/2"}],"replies":[{"embeddable":true,"href":"https:\/\/www.europesays.com\/no\/wp-json\/wp\/v2\/comments?post=66462"}],"version-history":[{"count":0,"href":"https:\/\/www.europesays.com\/no\/wp-json\/wp\/v2\/posts\/66462\/revisions"}],"wp:featuredmedia":[{"embeddable":true,"href":"https:\/\/www.europesays.com\/no\/wp-json\/wp\/v2\/media\/66463"}],"wp:attachment":[{"href":"https:\/\/www.europesays.com\/no\/wp-json\/wp\/v2\/media?parent=66462"}],"wp:term":[{"taxonomy":"category","embeddable":true,"href":"https:\/\/www.europesays.com\/no\/wp-json\/wp\/v2\/categories?post=66462"},{"taxonomy":"post_tag","embeddable":true,"href":"https:\/\/www.europesays.com\/no\/wp-json\/wp\/v2\/tags?post=66462"}],"curies":[{"name":"wp","href":"https:\/\/api.w.org\/{rel}","templated":true}]}}