{"id":66482,"date":"2025-10-21T18:11:15","date_gmt":"2025-10-21T18:11:15","guid":{"rendered":"https:\/\/www.europesays.com\/no\/66482\/"},"modified":"2025-10-21T18:11:15","modified_gmt":"2025-10-21T18:11:15","slug":"aurora-gude-har-gjort-det-slutt-med-kjaeresten","status":"publish","type":"post","link":"https:\/\/www.europesays.com\/no\/66482\/","title":{"rendered":"Aurora Gude har gjort det slutt med kj\u00e6resten"},"content":{"rendered":"\n<p class=\"_lead_o9xde_2 _lead_xtcu6_50 layout-component text-serif-m layout-normal text-serif-l layout-component layout-wide layout-padded _wide_17hqh_1 layout-padded\">Influenseren sier at bruddet skjedde for bare to dager siden.<\/p>\n<p> <img class=\"_image_qp4xg_65 layout-component layout-wide\" data-fullscreen- data-track-element-type=\"Article image fullscreen\" data-track-name=\"ImageFullscreen\" fetchpriority=\"high\" decoding=\"sync\" loading=\"eager\" height=\"181\" itemprop=\"image\"  src=\"https:\/\/www.europesays.com\/no\/wp-content\/uploads\/2025\/10\/4571e099f2fed8c9350a5056d3e8fc3b.jpg\"  style=\"object-position:50% 50%;aspect-ratio:1.75;height:auto;object-fit:cover;width:100%\" width=\"102\"\/>  <\/p>\n<ul aria-hidden=\"true\" class=\"_images_18f0k_111\">\n<li><a class=\"_link_18f0k_116\" href=\"https:\/\/www.vg.no\/forfatter\/elise-roennevig-andersen\" style=\"z-index:2\" title=\"Elise R\u00f8nnevig Andersen\" rel=\"nofollow noopener\" target=\"_blank\"><img alt=\"Bilde av Elise R\u00f8nnevig Andersen\" class=\"_image_18f0k_93\" fetchpriority=\"low\" loading=\"lazy\" decoding=\"async\" itemprop=\"image\"  src=\"https:\/\/www.europesays.com\/no\/wp-content\/uploads\/2025\/10\/1761070275_136_d4a69b78-dc9a-4021-89fd-0783e681325f\"  width=\"480\"\/><\/a><\/li>\n<li><a class=\"_link_18f0k_116\" href=\"https:\/\/www.vg.no\/forfatter\/fredrik-ouren-jostad\" style=\"z-index:1\" title=\"Fredrik Ouren Jostad\" rel=\"nofollow noopener\" target=\"_blank\"><img alt=\"Bilde av Fredrik Ouren Jostad\" class=\"_image_18f0k_93\" fetchpriority=\"low\" loading=\"lazy\" decoding=\"async\" itemprop=\"image\"  src=\"https:\/\/www.europesays.com\/no\/wp-content\/uploads\/2025\/10\/1761070275_868_44a138e9-ee61-47be-8b25-b699b8f538d1\"  width=\"480\"\/><\/a><\/li>\n<\/ul>\n<p> Oppdatert tirsdag 21. oktober kl. 20:07     <\/p>\n<p class=\"_paragraph_o9xde_4 _paragraph_xtcu6_10 layout-component text-serif-m layout-normal text-serif-m layout-padded\"><a href=\"https:\/\/www.vg.no\/tag\/aurora-gude?utm_source=vg-article&amp;utm_medium=auto-tagger&amp;utm_campaign=B050mg\" class=\"_link_o9xde_39\" rel=\"nofollow noopener\" target=\"_blank\">Aurora Gude<\/a> bekrefter til VG p\u00e5 festpremieren til TV-serien \u00abNepobaby\u00bb at hun nylig har gjort det slutt med kj\u00e6resten sin. <\/p>\n<p class=\"_paragraph_o9xde_4 _paragraph_xtcu6_10 layout-component text-serif-m layout-normal text-serif-m layout-padded\">\u2013 Love is a battlefield, sier Gude n\u00e5r hun blir spurt om hvordan det g\u00e5r med kj\u00e6rligheten.<\/p>\n<p class=\"_paragraph_o9xde_4 _paragraph_xtcu6_10 layout-component text-serif-m layout-normal text-serif-m layout-padded\">Hun forteller at hun m\u00e5tte ta et vanskelig valg.<\/p>\n<p class=\"_paragraph_o9xde_4 _paragraph_xtcu6_10 layout-component text-serif-m layout-normal text-serif-m layout-padded\">\u2013 Jeg har ikke lyst til \u00e5 si for mye, for jeg har ikke lyst til \u00e5 si noe negativt om han, men til syvende og sist m\u00e5tte jeg velge Aurora, fordi Aurora er det viktigste i hele mitt liv. Og Aurora hadde det ikke helt bra. S\u00e5 f\u00e5r vi se hva tiden bringer.<\/p>\n<p><img alt=\"Aurora Gude p\u00e5 r\u00f8d l\u00f8per f\u00f8r festpremieren for TV-serien Nepobaby p\u00e5 Grand Hotel i Oslo tirsdag kveld.  Foto: Terje Bendiksby \/ NTB\" class=\"_image_qp4xg_65 layout-component layout-normal\" data-fullscreen- data-track-element-type=\"Article image fullscreen\" data-track-name=\"ImageFullscreen\" decoding=\"async\" loading=\"lazy\" height=\"7448\" itemprop=\"image\"  src=\"https:\/\/www.europesays.com\/no\/wp-content\/uploads\/2025\/10\/97ad65c8-35af-4094-a1b7-329ef436f1c3\"  style=\"object-position:55.025176233635456% 15.393394199785176%\" width=\"4965\"\/>Aurora Gude p\u00e5 r\u00f8d l\u00f8per f\u00f8r festpremieren for TV-serien Nepobaby p\u00e5 Grand Hotel i Oslo tirsdag kveld.  Foto: Terje Bendiksby \/ NTB<\/p>\n<p class=\"_paragraph_o9xde_4 _paragraph_xtcu6_10 layout-component text-serif-m layout-normal text-serif-m layout-padded\">Paret hadde v\u00e6rt sammen i ett og et halvt av de tre \u00e5rene de har kjent hverandre.<\/p>\n<p class=\"_paragraph_o9xde_4 _paragraph_xtcu6_10 layout-component text-serif-m layout-normal text-serif-m layout-padded\">Hun understreker at bruddet ikke skyldes dramatikk.<\/p>\n<p class=\"_paragraph_o9xde_4 _paragraph_xtcu6_10 layout-component text-serif-m layout-normal text-serif-m layout-padded\">\u2013 Det er ikke noen vonde f\u00f8lelser, det er ikke noen f\u00e6le greier, liksom. Det er bare at vi m\u00e5, i hvert fall jeg, da m\u00e5 passe p\u00e5 meg selv, for forhold er en fulltidsjobb, sier hun.<\/p>\n<p class=\"_paragraph_o9xde_4 _paragraph_xtcu6_10 layout-component text-serif-m layout-normal text-serif-m layout-padded\">Gude holdt kj\u00e6resten unna offentligheten for \u00e5 sk\u00e5ne ham.<\/p>\n<p class=\"_paragraph_o9xde_4 _paragraph_xtcu6_10 layout-component text-serif-m layout-normal text-serif-m layout-padded\">\u2013 Han er jo ikke offentlig, og han har en annen type jobb, han har en annen vennekrets, forklarer hun.<\/p>\n","protected":false},"excerpt":{"rendered":"Influenseren sier at bruddet skjedde for bare to dager siden. Oppdatert tirsdag 21. oktober kl. 20:07 Aurora Gude&hellip;\n","protected":false},"author":2,"featured_media":66483,"comment_status":"","ping_status":"","sticky":false,"template":"","format":"standard","meta":{"footnotes":""},"categories":[12],"tags":[6801,20,21,24,25,15,22,23,13,30,28,29,14,16,26,27,42,46,43,44,45],"class_list":{"0":"post-66482","1":"post","2":"type-post","3":"status-publish","4":"format-standard","5":"has-post-thumbnail","7":"category-verden","8":"tag-aurora-gude","9":"tag-breaking-news","10":"tag-breakingnews","11":"tag-featured-news","12":"tag-featurednews","13":"tag-headlines","14":"tag-latest-news","15":"tag-latestnews","16":"tag-news","17":"tag-no","18":"tag-norge","19":"tag-norway","20":"tag-nyheter","21":"tag-overskrifter","22":"tag-top-stories","23":"tag-topstories","24":"tag-verden","25":"tag-vgai","26":"tag-world","27":"tag-world-news","28":"tag-worldnews"},"share_on_mastodon":{"url":"","error":""},"_links":{"self":[{"href":"https:\/\/www.europesays.com\/no\/wp-json\/wp\/v2\/posts\/66482","targetHints":{"allow":["GET"]}}],"collection":[{"href":"https:\/\/www.europesays.com\/no\/wp-json\/wp\/v2\/posts"}],"about":[{"href":"https:\/\/www.europesays.com\/no\/wp-json\/wp\/v2\/types\/post"}],"author":[{"embeddable":true,"href":"https:\/\/www.europesays.com\/no\/wp-json\/wp\/v2\/users\/2"}],"replies":[{"embeddable":true,"href":"https:\/\/www.europesays.com\/no\/wp-json\/wp\/v2\/comments?post=66482"}],"version-history":[{"count":0,"href":"https:\/\/www.europesays.com\/no\/wp-json\/wp\/v2\/posts\/66482\/revisions"}],"wp:featuredmedia":[{"embeddable":true,"href":"https:\/\/www.europesays.com\/no\/wp-json\/wp\/v2\/media\/66483"}],"wp:attachment":[{"href":"https:\/\/www.europesays.com\/no\/wp-json\/wp\/v2\/media?parent=66482"}],"wp:term":[{"taxonomy":"category","embeddable":true,"href":"https:\/\/www.europesays.com\/no\/wp-json\/wp\/v2\/categories?post=66482"},{"taxonomy":"post_tag","embeddable":true,"href":"https:\/\/www.europesays.com\/no\/wp-json\/wp\/v2\/tags?post=66482"}],"curies":[{"name":"wp","href":"https:\/\/api.w.org\/{rel}","templated":true}]}}