{"id":66488,"date":"2025-10-21T18:13:39","date_gmt":"2025-10-21T18:13:39","guid":{"rendered":"https:\/\/www.europesays.com\/no\/66488\/"},"modified":"2025-10-21T18:13:39","modified_gmt":"2025-10-21T18:13:39","slug":"trump-og-putin-mote-droppes","status":"publish","type":"post","link":"https:\/\/www.europesays.com\/no\/66488\/","title":{"rendered":"Trump og Putin-m\u00f8te droppes"},"content":{"rendered":"<p>  Russiske ut\u00f8vere f\u00e5r ikke delta i OL. N\u00e5 hagler reaksjonene fra russisk hold, mens Johannes H\u00f8sflot Kl\u00e6bo sier: &#8211; FIS har gjort et fornuftig vedtak.<\/p>\n<p>\n    NEI TIL RUSSLAND: Russiske eller belarusiske ut\u00f8vere f\u00e5r ikke delta i OL. Det har FIS-styret bestemt. Foto: Bj\u00f8rn Langsem \/ Dagbladet\n  <\/p>\n<p>Det ble avgjort i et FIS-m\u00f8te tirsdag.\u00a0<\/p>\n<p> &#8211; Denne avgj\u00f8relsen videref\u00f8rer en diskriminerende politikk overfor v\u00e5re ut\u00f8vere, noe som strider mot det grunnleggende prinsippet om politisk n\u00f8ytralitet som er nedfelt i FIS\u2019 vedtekter. ALVSR fortsetter \u00e5 jobbe aktivt for lik og rettferdig behandling av v\u00e5re ut\u00f8vere, skriver det russiske skiforbundet i en pressemelding.\u00a0<\/p>\n<p>    <a itemprop=\"url\" href=\"https:\/\/www.dagbladet.no\/sport\/hjelper-putin\/83740579\" rel=\"nofollow noopener\" target=\"_blank\"><\/p>\n<p>      <img loading=\"lazy\" decoding=\"async\" src=\"https:\/\/www.europesays.com\/no\/wp-content\/uploads\/2025\/10\/83741584.webp\" width=\"980\" height=\"441\" title=\"Hjelper Putin\" alt=\"\" class=\"lazyload\" style=\"--aspect-ratio-image: 2.22; \"\/><\/p>\n<p>        Hjelper Putin<\/p>\n<p>    <\/a><\/p>\n<p class=\"font-weight-normal m-font-weight-normal\" data-lab-font_weight=\"font-weight-normal\">Tidligere verdensmester i langrenn, Veronika Stepanova, har rykket ut p\u00e5 Instagram:<\/p>\n<p> &#8211; I det minste kan FIS kunsten \u00e5 skape drama ut av ingenting, skriver hun.\u00a0<\/p>\n<p>I en melding til SVT fyrer hun enda mer l\u00f8s.<\/p>\n<p>&#8211; Det er veldig enkelt: Vladimir Putin er min president, og landet mitt har alltid rett. Hvis det er grunnen til at noen tvilsomme, navnl\u00f8se personer ikke lar meg konkurrere internasjonalt&#8230; vel, da er det en pris jeg er villig til \u00e5 betale. Dere stopper meg og lagkameratene mine utelukkende p\u00e5 grunn av politiske overbevisninger. Deretter b\u00f8r dere begynne \u00e5 stenge ute israelere og de amerikanerne som st\u00f8tter Trump. For det er det systemet deres er bygget p\u00e5: \u00c5 stoppe folk som tenker annerledes\u00bb, skriver hun i en melding til den svenske kanalen.\u00a0<\/p>\n<p>          <img loading=\"lazy\" decoding=\"async\" src=\"https:\/\/www.europesays.com\/no\/wp-content\/uploads\/2025\/10\/83752875.webp\" width=\"686\" height=\"426\" title=\"AVBILDET SAMMEN: Veronika Stepanova og Vladimir Putin sammen i 2022. Foto: Vladimir Astapkovich \/ AP \/ NTB\" alt=\"\" class=\"\" style=\"--aspect-ratio-image: 1.61; \"\/><\/p>\n<p>\n          AVBILDET SAMMEN: Veronika Stepanova og Vladimir Putin sammen i 2022. Foto: Vladimir Astapkovich \/ AP \/ NTB\n      <\/p>\n<p class=\"font-weight-bold m-font-weight-bold\" data-lab-font_weight=\"font-weight-bold\"> Johannes H\u00f8sflot Kl\u00e6bo sier i en uttalelse til Dagbladet at han st\u00f8tter avgj\u00f8relsen til Det internasjonale Skiforbundet:<\/p>\n<p>&#8211; Ja, dette er en beslutning som jeg st\u00f8tter. S\u00e5 lenge krigen vedvarer, s\u00e5 er det riktig \u00e5 holde ut\u00f8verne fra Russland utenfor. Dette er ogs\u00e5 i tr\u00e5d med hva jeg har ment om saken tidligere. FIS har gjort et fornuftig vedtak, sier Kl\u00e6bo i en uttalelse sendt til Dagbladet.\u00a0<\/p>\n<p>          <img loading=\"lazy\" decoding=\"async\" src=\"https:\/\/www.europesays.com\/no\/wp-content\/uploads\/2025\/10\/83752845.webp\" width=\"980\" height=\"559\" title=\"ST\u00d8TTER AVGJ\u00d8RELSEN: Johannes H\u00f8sflot Kl\u00e6bo sier at FIS har gjort et fornuftig vedtak. Foto: Bj\u00f8rn Langsem \/ Dagbladet\" alt=\"\" class=\"\" style=\"--aspect-ratio-image: 1.75; \"\/><\/p>\n<p>\n          ST\u00d8TTER AVGJ\u00d8RELSEN: Johannes H\u00f8sflot Kl\u00e6bo sier at FIS har gjort et fornuftig vedtak. Foto: Bj\u00f8rn Langsem \/ Dagbladet\n      <\/p>\n<p>&#8211; Dette er faktisk en gedigen overraskelse. Slik utviklingen har v\u00e6rt de siste ukene, var b\u00e5de jeg og flere med meg ganske s\u00e5 sikre p\u00e5 at Fis-styret kom til \u00e5 snu. FIS-president Eliasch har lagt mye makt, list og prestisje i \u00e5 vende flertallet, men har ikke lyktes, selv etter \u00e5 ha g\u00e5tt bak ryggen p\u00e5 sitt eget styre med brevet til medlemsnasjonene i forrige uke, sier NRK-kommentator Jan Petter Saltvedt til egen kanal.\u00a0<\/p>\n<p>        Sergej Ustjugov og Aleksandr Bolsjunov havnet i klammeri under det russiske mesterskapet. Video: L\u00f8k\u00e5s\/Haarstad<\/p>\n<p class=\"font-weight-bold m-font-weight-bold\" data-lab-font_weight=\"font-weight-bold\">Skipresident Tove Moe Dyrhaug var i forkant av m\u00f8te krystallklar om at Norges Skiforbund ikke var for en russisk deltakelse.\u00a0<\/p>\n<p>&#8211; Vi er lettet og glade for at flertallet i den internasjonale skifamilien fortsatt \u00f8nsker utestengelse av ut\u00f8vere fra Russland og Belarus. Skiforbundet har helt siden krigen startet v\u00e6rt tydelig i sin holdning, og dagens beslutning er en seier for alle som tar avstand fra Russlands handlinger, sier skipresidenten etter avgj\u00f8relsen.<\/p>\n","protected":false},"excerpt":{"rendered":"Russiske ut\u00f8vere f\u00e5r ikke delta i OL. N\u00e5 hagler reaksjonene fra russisk hold, mens Johannes H\u00f8sflot Kl\u00e6bo sier:&hellip;\n","protected":false},"author":2,"featured_media":66489,"comment_status":"","ping_status":"","sticky":false,"template":"","format":"standard","meta":{"footnotes":""},"categories":[5],"tags":[20,21,55,24,25,15,19,22,23,17,18,13,30,28,29,14,16,26,27,2393,412,186],"class_list":{"0":"post-66488","1":"post","2":"type-post","3":"status-publish","4":"format-standard","5":"has-post-thumbnail","7":"category-overskrifter","8":"tag-breaking-news","9":"tag-breakingnews","10":"tag-donald-trump","11":"tag-featured-news","12":"tag-featurednews","13":"tag-headlines","14":"tag-hovedoppslag","15":"tag-latest-news","16":"tag-latestnews","17":"tag-main-news","18":"tag-mainnews","19":"tag-news","20":"tag-no","21":"tag-norge","22":"tag-norway","23":"tag-nyheter","24":"tag-overskrifter","25":"tag-top-stories","26":"tag-topstories","27":"tag-ungarn","28":"tag-utenriks","29":"tag-vladimir-putin"},"share_on_mastodon":{"url":"","error":""},"_links":{"self":[{"href":"https:\/\/www.europesays.com\/no\/wp-json\/wp\/v2\/posts\/66488","targetHints":{"allow":["GET"]}}],"collection":[{"href":"https:\/\/www.europesays.com\/no\/wp-json\/wp\/v2\/posts"}],"about":[{"href":"https:\/\/www.europesays.com\/no\/wp-json\/wp\/v2\/types\/post"}],"author":[{"embeddable":true,"href":"https:\/\/www.europesays.com\/no\/wp-json\/wp\/v2\/users\/2"}],"replies":[{"embeddable":true,"href":"https:\/\/www.europesays.com\/no\/wp-json\/wp\/v2\/comments?post=66488"}],"version-history":[{"count":0,"href":"https:\/\/www.europesays.com\/no\/wp-json\/wp\/v2\/posts\/66488\/revisions"}],"wp:featuredmedia":[{"embeddable":true,"href":"https:\/\/www.europesays.com\/no\/wp-json\/wp\/v2\/media\/66489"}],"wp:attachment":[{"href":"https:\/\/www.europesays.com\/no\/wp-json\/wp\/v2\/media?parent=66488"}],"wp:term":[{"taxonomy":"category","embeddable":true,"href":"https:\/\/www.europesays.com\/no\/wp-json\/wp\/v2\/categories?post=66488"},{"taxonomy":"post_tag","embeddable":true,"href":"https:\/\/www.europesays.com\/no\/wp-json\/wp\/v2\/tags?post=66488"}],"curies":[{"name":"wp","href":"https:\/\/api.w.org\/{rel}","templated":true}]}}