{"id":66496,"date":"2025-10-21T18:22:13","date_gmt":"2025-10-21T18:22:13","guid":{"rendered":"https:\/\/www.europesays.com\/no\/66496\/"},"modified":"2025-10-21T18:22:13","modified_gmt":"2025-10-21T18:22:13","slug":"vaer-sa-snill","status":"publish","type":"post","link":"https:\/\/www.europesays.com\/no\/66496\/","title":{"rendered":"&#8211; V\u00e6r s\u00e5 snill"},"content":{"rendered":"<p>  Flere landslagsspillere reagerer p\u00e5 kravet om hvite shortser i mesterskap. N\u00e5 ber de skandinaviske h\u00e5ndballforbundene IHF endre reglene.<\/p>\n<p>\n    HATER: Veronica Kristiansen hater hvite shortser. Her avbildet under h\u00e5ndball-EM i 2014. Foto: AFP \/ NTB\n  <\/p>\n<p>&#8211; Vekk med de hvite shortsene, v\u00e6r s\u00e5 snill, sier Veronica Kristiansen (35) til <a href=\"https:\/\/www.nrk.no\/sport\/handballforbundet-krev-regelendring-mot-kvite-shorts-1.17611638\" rel=\"nofollow noopener\" target=\"_blank\">NRK<\/a>.<\/p>\n<p>Hvite shortser for kvinnelige h\u00e5ndballspillere har v\u00e6rt et tema i mange \u00e5r. N\u00e5 krever Norge, Sverige og Danmark at det internasjonale h\u00e5ndballforbundet (IHF) fjerner regelen om lyse shortser, if\u00f8lge <a href=\"https:\/\/www.dr.dk\/sporten\/nordiske-forbund-i-faelles-front-vil-have-aendret-reglen-om-hvide-shorts-nu\" rel=\"nofollow noopener\" target=\"_blank\">DR<\/a>.<\/p>\n<p>    <a itemprop=\"url\" href=\"https:\/\/www.dagbladet.no\/sport\/savner-deg\/83735055\" rel=\"nofollow noopener\" target=\"_blank\"><\/p>\n<p>      <img loading=\"lazy\" decoding=\"async\" src=\"https:\/\/www.europesays.com\/no\/wp-content\/uploads\/2025\/10\/83735516.webp\" width=\"980\" height=\"441\" title=\"- Savner deg\" alt=\"\" class=\"lazyload\" style=\"--aspect-ratio-image: 2.22; \"\/><\/p>\n<p>        &#8211; Savner deg<\/p>\n<p>    <\/a><\/p>\n<p class=\"font-weight-bold m-font-weight-bold\" data-lab-font_weight=\"font-weight-bold\">De tre landene har sendt et felles brev til IHF der de ber om at regelen endres av hensyn til spillernes menstruasjonssyklus.\u00a0<\/p>\n<p>&#8211; Vi sendte brevet og spurte om regelverket kunne endres slik at kvinnene kan f\u00f8le seg tryggere n\u00e5r de g\u00e5r p\u00e5 banen, sier Mette Vestergaard, nestleder i Dansk H\u00e5ndballforbund.<\/p>\n<p>VM i h\u00e5ndball for kvinner g\u00e5r fra 26. november til 14. desember i Tyskland og Nederland. Norge er i pulje med Angola, Kasakhstan og S\u00f8r-Korea.\u00a0<\/p>\n<p>        HEMMELIG: De norske h\u00e5ndballjentene avsl\u00f8rer noe de gj\u00f8r f\u00f8r kamp. Video: Skingen\/Myhrvold Simensen<\/p>\n<p>Til tross for en lang kamp om \u00e5 fjerne de hvite shortsene, er de fortsatt \u00e5 finne i baggene til de skandinaviske spillerne.<\/p>\n<p>I IHFs regelbok st\u00e5r det nemlig at alle lag skal ha med seg et sett med m\u00f8rk shorts og ett med lys shorts.\u00a0<\/p>\n<p class=\"font-weight-bold m-font-weight-bold\" data-lab-font_weight=\"font-weight-bold\">Den norske landslagsspilleren Veronica Kristiansen er tydelig p\u00e5 hvorfor dette betyr mye for spillerne.\u00a0<\/p>\n<p>&#8211; For meg personlig er det flaut og pinlig. Menstruasjonssyklusen er ikke noe man kan styre, sier bakspilleren.\u00a0<\/p>\n<p>          <img loading=\"lazy\" decoding=\"async\" src=\"https:\/\/www.europesays.com\/no\/wp-content\/uploads\/2025\/10\/83750768.webp\" width=\"686\" height=\"392\" title=\"FLAUT: Veronica Kristiansen spiller til daglig for den ungarske klubben Gy\u00f6r. Ogs\u00e5 her m\u00e5 bakspilleren spille i hvite shortser. Her fra 2019. Foto: Vidar Ruud \/ NTB\" alt=\"\" class=\"\" style=\"--aspect-ratio-image: 1.75; \"\/><\/p>\n<p>\n          FLAUT: Veronica Kristiansen spiller til daglig for den ungarske klubben Gy\u00f6r. Ogs\u00e5 her m\u00e5 bakspilleren spille i hvite shortser. Her fra 2019. Foto: Vidar Ruud \/ NTB\n      <\/p>\n<p>Vestergaard forteller at den europeiske spillerforeningen har v\u00e6rt involvert i arbeidet.<\/p>\n<p>&#8211; Dette er en sak som har p\u00e5g\u00e5tt i mange \u00e5r, og vi har blitt enige om at tiden er inne for \u00e5 endre dette.\u00a0<\/p>\n<p>Positiv tilbakemelding\t<\/p>\n<p>Det har g\u00e5tt over to \u00e5r siden problemstillingen f\u00f8rst ble presentert for IHF &#8211; uten at det har f\u00f8rt til endringer i regelverket.\u00a0<\/p>\n<p>Heller ikke f\u00f8r VM vil det v\u00e6re mulig \u00e5 endre regelene, til tross for \u00f8nsket fra de tre nordiske forbundene.\u00a0<\/p>\n<p>    <a itemprop=\"url\" href=\"https:\/\/www.dagbladet.no\/sport\/sendes-hjem\/83725003\" rel=\"nofollow noopener\" target=\"_blank\"><\/p>\n<p>      <img loading=\"lazy\" decoding=\"async\" src=\"https:\/\/www.europesays.com\/no\/wp-content\/uploads\/2025\/10\/1761070932_969_83725098.webp\" width=\"980\" height=\"441\" title=\"Sendes hjem\" alt=\"\" class=\"lazyload\" style=\"--aspect-ratio-image: 2.22; \"\/><\/p>\n<p>        Sendes hjem<\/p>\n<p>    <\/a><\/p>\n<p>IHF opplyser at de vil gj\u00f8re sitt beste for \u00e5 im\u00f8tekomme \u00f8nskene, men at seks uker f\u00f8r mesterskapsstart er for kort tid til \u00e5 endre regelverket.\u00a0<\/p>\n<p>&#8211; Vi skal gj\u00f8re det vi kan for at alle lag f\u00e5r spille i m\u00f8rke shorts dersom kampprogrammet og forholdene tillater det, sier IHF-presseansvarlig Andrian Costeiu.\u00a0<\/p>\n<p>          <img loading=\"lazy\" decoding=\"async\" src=\"https:\/\/www.europesays.com\/no\/wp-content\/uploads\/2025\/10\/83750818.webp\" width=\"686\" height=\"392\" title=\"ENDRING: De danske h\u00e5ndballjentene i hvit shorts under OL 2024. Her i kamp mot Norge og Nora M\u00f8rk. Foto: Beate Oma Dahle \/ NTB\" alt=\"\" class=\"\" style=\"--aspect-ratio-image: 1.75; \"\/><\/p>\n<p>\n          ENDRING: De danske h\u00e5ndballjentene i hvit shorts under OL 2024. Her i kamp mot Norge og Nora M\u00f8rk. Foto: Beate Oma Dahle \/ NTB\n      <\/p>\n<p>De skandinaviske h\u00e5ndballjentene hadde h\u00e5pet, men ikke forventet at brevet ville f\u00f8re til en umiddelbar regelendring.<\/p>\n<p>&#8211; Jeg tror ikke IHF forst\u00e5r problemet, men n\u00e5 har vi gjort dem oppmerksomme p\u00e5 det, og det er flott at de reagerer s\u00e5 raskt, sier Vestergaard.\u00a0<\/p>\n","protected":false},"excerpt":{"rendered":"Flere landslagsspillere reagerer p\u00e5 kravet om hvite shortser i mesterskap. N\u00e5 ber de skandinaviske h\u00e5ndballforbundene IHF endre reglene.&hellip;\n","protected":false},"author":2,"featured_media":66497,"comment_status":"","ping_status":"","sticky":false,"template":"","format":"standard","meta":{"footnotes":""},"categories":[59],"tags":[105,30,28,29,83,82],"class_list":{"0":"post-66496","1":"post","2":"type-post","3":"status-publish","4":"format-standard","5":"has-post-thumbnail","7":"category-sport","8":"tag-handball","9":"tag-no","10":"tag-norge","11":"tag-norway","12":"tag-sport","13":"tag-sports"},"share_on_mastodon":{"url":"","error":""},"_links":{"self":[{"href":"https:\/\/www.europesays.com\/no\/wp-json\/wp\/v2\/posts\/66496","targetHints":{"allow":["GET"]}}],"collection":[{"href":"https:\/\/www.europesays.com\/no\/wp-json\/wp\/v2\/posts"}],"about":[{"href":"https:\/\/www.europesays.com\/no\/wp-json\/wp\/v2\/types\/post"}],"author":[{"embeddable":true,"href":"https:\/\/www.europesays.com\/no\/wp-json\/wp\/v2\/users\/2"}],"replies":[{"embeddable":true,"href":"https:\/\/www.europesays.com\/no\/wp-json\/wp\/v2\/comments?post=66496"}],"version-history":[{"count":0,"href":"https:\/\/www.europesays.com\/no\/wp-json\/wp\/v2\/posts\/66496\/revisions"}],"wp:featuredmedia":[{"embeddable":true,"href":"https:\/\/www.europesays.com\/no\/wp-json\/wp\/v2\/media\/66497"}],"wp:attachment":[{"href":"https:\/\/www.europesays.com\/no\/wp-json\/wp\/v2\/media?parent=66496"}],"wp:term":[{"taxonomy":"category","embeddable":true,"href":"https:\/\/www.europesays.com\/no\/wp-json\/wp\/v2\/categories?post=66496"},{"taxonomy":"post_tag","embeddable":true,"href":"https:\/\/www.europesays.com\/no\/wp-json\/wp\/v2\/tags?post=66496"}],"curies":[{"name":"wp","href":"https:\/\/api.w.org\/{rel}","templated":true}]}}