{"id":66498,"date":"2025-10-21T18:24:09","date_gmt":"2025-10-21T18:24:09","guid":{"rendered":"https:\/\/www.europesays.com\/no\/66498\/"},"modified":"2025-10-21T18:24:09","modified_gmt":"2025-10-21T18:24:09","slug":"marvel-avslorer-omslaget-til-den-forste-utgaven-av-ultimate-endgame","status":"publish","type":"post","link":"https:\/\/www.europesays.com\/no\/66498\/","title":{"rendered":"Marvel avsl\u00f8rer omslaget til den f\u00f8rste utgaven av Ultimate Endgame &#8211;"},"content":{"rendered":"<p>Nylig kunngjorde Marvel Comics at Ultimate-universet snart <a href=\"https:\/\/www.gamereactor.no\/marvels-ultimate-universe-avsluttes-i-2026-1887123\/\" target=\"_blank\" title=\"Marvels Ultimate Universe avsluttes i 2026\" rel=\"nofollow noopener\">vil g\u00e5 mot slutten<\/a>. I 2026 vil den overordnede historien n\u00e5 sin slutt n\u00e5r Ultimate Endgame avslutter sitt femte og siste nummer. Datoen for det siste nummeret er ikke bekreftet enn\u00e5, men vi vet at det f\u00f8rste nummeret kommer 31. desember.<\/p>\n<p>N\u00e5r dette er sagt, har Marvel n\u00e5 avsl\u00f8rt omslaget til denne f\u00f8rste utgaven, der Ultimate Spider-Man, Ultimate Iron Man, Ultimate Black Panther og Ultimate America Chavez sl\u00e5r seg sammen.<\/p>\n<p>Skrevet av Ultimates forfatter Deniz Camp med kunst fra Jonas Scharf og Terry Dodson, dette l\u00f8p &laquo;samler Ultimate Universe-serien for det etterlengtede oppgj\u00f8ret med Skaperen, arkitekten bak dette forvridde universet.&raquo;<\/p>\n<p>Den f\u00f8rste utgaven vil ogs\u00e5 by p\u00e5 et Blind Bag -initiativ der du kan sikre deg et eksemplar av tegneserien med en av en rekke forskjellige forsider. Du kan g\u00e5 inn <a href=\"https:\/\/www.marvel.com\/articles\/comics\/ultimate-endgame-1-final-blind-bag-variant-covers-ultimate-universe-final-chapter\" target=\"_blank\" rel=\"nofollow noopener\">her<\/a> for \u00e5 se de ulike alternativene, inkludert en fra Peach Momoko, som <a href=\"https:\/\/www.gamereactor.no\/ultimate-x-men-tegneren-peach-momoko-om-sin-karakteristiske-stil-vestlige-fans-ser-manga-og-anime-der-japanere-ser-realisme-1892693\/\" target=\"_blank\" title=\"Ultimate X-Men-tegneren Peach Momoko om sin karakteristiske stil: Vestlige fans ser manga og anime der japanere ser realisme\" rel=\"nofollow noopener\">vi nylig snakket med p\u00e5 San Diego Comic Con Malaga<\/a>.<\/p>\n<p>Dette er en annonse:<\/p>\n<p><img loading=\"lazy\" decoding=\"async\" id=\"img-1894233-4707113\" data-fullsize=\"\/media\/71\/marvelrevealscovers_4707113b.jpg\" data-lazy=\"\" src=\"https:\/\/www.gamereactor.nohttps:\/\/www.gamereactor.no\/media\/71\/marvelrevealscovers_4707113_650x.jpg\" width=\"650\" onclick=\"if (!window.__cfRLUnblockHandlers) return false; gallery_openmodal('1894233','4707113',false,'98bcd1ce2147c44ef14e23197e441efe');\" height=\"987\" alt=\"Marvel avsl\u00f8rer omslaget til den f\u00f8rste utgaven av Ultimate Endgame\" class=\"rwd_col_content lazy\" data-cf-modified-5ff32964bd4c9a99897466f8-=\"\"\/><\/p>\n","protected":false},"excerpt":{"rendered":"Nylig kunngjorde Marvel Comics at Ultimate-universet snart vil g\u00e5 mot slutten. I 2026 vil den overordnede historien n\u00e5&hellip;\n","protected":false},"author":2,"featured_media":66499,"comment_status":"","ping_status":"","sticky":false,"template":"","format":"standard","meta":{"footnotes":""},"categories":[57],"tags":[30,28,29,65,63,64,66,70,69,67,68],"class_list":{"0":"post-66498","1":"post","2":"type-post","3":"status-publish","4":"format-standard","5":"has-post-thumbnail","7":"category-vitenskap-og-teknologi","8":"tag-no","9":"tag-norge","10":"tag-norway","11":"tag-science","12":"tag-science-and-technology","13":"tag-scienceandtechnology","14":"tag-technology","15":"tag-teknologi","16":"tag-vitenskap","17":"tag-vitenskap-og-teknologi","18":"tag-vitenskapteknologi"},"share_on_mastodon":{"url":"","error":""},"_links":{"self":[{"href":"https:\/\/www.europesays.com\/no\/wp-json\/wp\/v2\/posts\/66498","targetHints":{"allow":["GET"]}}],"collection":[{"href":"https:\/\/www.europesays.com\/no\/wp-json\/wp\/v2\/posts"}],"about":[{"href":"https:\/\/www.europesays.com\/no\/wp-json\/wp\/v2\/types\/post"}],"author":[{"embeddable":true,"href":"https:\/\/www.europesays.com\/no\/wp-json\/wp\/v2\/users\/2"}],"replies":[{"embeddable":true,"href":"https:\/\/www.europesays.com\/no\/wp-json\/wp\/v2\/comments?post=66498"}],"version-history":[{"count":0,"href":"https:\/\/www.europesays.com\/no\/wp-json\/wp\/v2\/posts\/66498\/revisions"}],"wp:featuredmedia":[{"embeddable":true,"href":"https:\/\/www.europesays.com\/no\/wp-json\/wp\/v2\/media\/66499"}],"wp:attachment":[{"href":"https:\/\/www.europesays.com\/no\/wp-json\/wp\/v2\/media?parent=66498"}],"wp:term":[{"taxonomy":"category","embeddable":true,"href":"https:\/\/www.europesays.com\/no\/wp-json\/wp\/v2\/categories?post=66498"},{"taxonomy":"post_tag","embeddable":true,"href":"https:\/\/www.europesays.com\/no\/wp-json\/wp\/v2\/tags?post=66498"}],"curies":[{"name":"wp","href":"https:\/\/api.w.org\/{rel}","templated":true}]}}