{"id":66502,"date":"2025-10-21T18:26:08","date_gmt":"2025-10-21T18:26:08","guid":{"rendered":"https:\/\/www.europesays.com\/no\/66502\/"},"modified":"2025-10-21T18:26:08","modified_gmt":"2025-10-21T18:26:08","slug":"stor-overraskelse-starter","status":"publish","type":"post","link":"https:\/\/www.europesays.com\/no\/66502\/","title":{"rendered":"Stor overraskelse: Starter"},"content":{"rendered":"<p>L\u00d8RENSKOG (Dagbladet): &#8211; Jeg var \u00abshaky\u00bb, erkjenner profilen overfor Dagbladet.\u00a0<\/p>\n<p>I sommer avsl\u00f8rte stjerneparet Birk Ruud og Tonje Frigstad at de var forlovet. Etter en halvtr\u00f8blete sesong rundet Ruud av med VM-gull i slopestyle og VM-bronse i Big Air tidligere i \u00e5r.\u00a0<\/p>\n<p>I sommer ble det alts\u00e5 nytt edelt metall. Den gangen rundt fingeren p\u00e5 forloveden.\u00a0<\/p>\n<p class=\"font-weight-normal m-font-weight-normal\" data-lab-font_weight=\"font-weight-normal\">&#8211; Det var veldig koselig. Det var noe jeg hadde tenkt p\u00e5 i ett \u00e5rs tid. N\u00e5r sommeren kom og tiden var riktig, s\u00e5 hadde jeg planlagt og visste godt hvor det skulle v\u00e6re, og hvilken ring jeg skulle ha. Det var en veldig stor glede \u00e5 f\u00e5 det gjort, sier freeskikj\u00f8reren til Dagbladet n\u00e5.\u00a0<\/p>\n<p>          <img loading=\"lazy\" decoding=\"async\" src=\"https:\/\/www.europesays.com\/no\/wp-content\/uploads\/2025\/10\/83752327.webp\" width=\"980\" height=\"559\" title=\"KLAR FOR NY SEONG: Dagbladet m\u00f8ter freeskikj\u00f8rer Birk Ruud p\u00e5 Sn\u00f8 i L\u00f8renskog. Foto: John T. Pedersen \/ Dagbladet\" alt=\"\" class=\"\" style=\"--aspect-ratio-image: 1.75; \"\/><\/p>\n<p>\n          KLAR FOR NY SEONG: Dagbladet m\u00f8ter freeskikj\u00f8rer Birk Ruud p\u00e5 Sn\u00f8 i L\u00f8renskog. Foto: John T. Pedersen \/ Dagbladet\n      <\/p>\n<p class=\"no_italic m-no_italic\" data-lab-italic=\"\">Ruud er Norges mest profilerte freeskikj\u00f8rer.\u00a0I 2022 vant han OL-gull i Big Air. B\u00e6ringen har ogs\u00e5 to gull, ett s\u00f8lv og \u00e9n bronse i VM-sammenheng, i tillegg til en dr\u00f8ss av andre meritter fra blant annet X-games.\u00a0<\/p>\n<p class=\"no_italic m-no_italic\" data-lab-italic=\"\">I sommer m\u00e5tte han prestere p\u00e5 nytt &#8211; med frieri.\u00a0<\/p>\n<p class=\"font-weight-bold m-font-weight-bold\" data-lab-font_weight=\"font-weight-bold\">&#8211; Jeg var nerv\u00f8s, ja. Det var som at jeg skulle holde en presentasjon for en stor forsamling og ikke var s\u00e5 godt forberedt.\u00a0\u00a0<\/p>\n<p class=\"italic m-italic\" data-lab-italic=\"italic\">&#8211; Var du ikke godt forberedt da?\u00a0<\/p>\n<p>&#8211; Jo, men ikke akkurat p\u00e5 hvordan jeg skulle si det. Jeg pr\u00f8vde \u00e5 si det flere ganger i hodet og s\u00e5nt. Jeg var shaky, men fikk det fram. Det kuleste var at hun var overrasket og ikke hadde sett den komme. Hun ble veldig glad. Det var en veldig fin opplevelse, svarer Ruud.\u00a0<\/p>\n<p>    Birk Ruud<\/p>\n<p>Dette er freeskiut\u00f8ver Birk Ruud:<\/p>\n<p>Alder: 25 \u00e5r (f\u00f8dt 2. april 2000)<\/p>\n<p>Klubb: B\u00e6rums Skiklub<\/p>\n<p>OL: 1 (big air 2022)<\/p>\n<p>Junior-OL: 1 (slopestyle 2016)<\/p>\n<p>VM: 2 gull (slopestyle 2023, 2025), 1 s\u00f8lv (slopestyle 2019) og 2 bronse (Big Air 2023. 2025).<\/p>\n<p>X-Games: 3 gull, 2 s\u00f8lv og 1 bronse<\/p>\n<p>Verdenscupen: 12 enkeltseirer.<\/p>\n<p>      Vis mer<br \/>\n      Vis mindre<\/p>\n<p class=\"italic m-italic\" data-lab-italic=\"italic\">&#8211; Hvordan reagerte du?<\/p>\n<p>&#8211; Jeg vet ikke hva jeg hadde forventet. Det gikk ganske fort. For Tonje var det litt uvirkelig, og det var det for min del ogs\u00e5 egentlig &#8211; og jeg visste jo at jeg skulle gj\u00f8re det her i ett \u00e5r, legger han til og smiler.\u00a0<\/p>\n<p>        VONDT: NRK-programmet \u00abHelt Ramme Sporter\u00bb og ordet \u00abskader\u00bb g\u00e5r h\u00e5nd i h\u00e5nd. I alle fall n\u00e5r Birk Ruud og Nicolay Ramm skal teste sjakkboksing!<br \/>\nVideo: NRK \/\/ Reporter: H\u00e5vard Bj\u00f8rnerem<\/p>\n<p>Frigstad, som er influencer og TV-profil, er fra Kristiansand. Frieriet skulle derfor finne sted p\u00e5 hennes favorittsted p\u00e5\u00a0Flekker\u00f8y, hadde Ruud planlagt.\u00a0<\/p>\n<p class=\"italic m-italic\" data-lab-italic=\"italic\">&#8211; Hva er planen for giftem\u00e5l og bryllup?<\/p>\n<p>&#8211; Vi tenkte vi skulle gi oss selv tre \u00e5r. S\u00e5 har vi god tid til \u00e5 ha fokus p\u00e5 alt mulig vi har lyst til. Det tar ofte tid \u00e5 planlegge, og det \u00e5 ha tid er alltid fint.\u00a0<\/p>\n<p>          <img loading=\"lazy\" decoding=\"async\" src=\"https:\/\/www.europesays.com\/no\/wp-content\/uploads\/2025\/10\/83752336.webp\" width=\"980\" height=\"559\" title=\"FRA FRIERIET: Paret delte flere bilder fra da det store sp\u00f8rsm\u00e5let ble stilt. Foto: Instagram \/ @tonjefrig og @birk_ruud\" alt=\"\" class=\"\" style=\"--aspect-ratio-image: 1.75; \"\/><\/p>\n<p>\n          FRA FRIERIET: Paret delte flere bilder fra da det store sp\u00f8rsm\u00e5let ble stilt. Foto: Instagram \/ @tonjefrig og @birk_ruud\n      <\/p>\n<p class=\"italic m-italic\" data-lab-italic=\"italic\">&#8211; M\u00e5 du ha lagt opp for \u00e5 gj\u00f8re det?<\/p>\n<p>&#8211; Neinei. Det er derfor at vi har satt av s\u00e5 god tid, s\u00e5nn at vi kan planlegge litt og litt, og finne ut av ting underveis. Jeg tenker jeg skal holde p\u00e5 til jeg er typ 34 \u00e5r. Jeg vil ha familie mens jeg holder p\u00e5, tenker jeg. Vi f\u00e5r se &#8211; det kan hende at det blir 30 ogs\u00e5.\u00a0<\/p>\n<p class=\"italic m-italic\" data-lab-italic=\"italic\">&#8211; Hva er dr\u00f8mmebryllupet?<\/p>\n<p class=\"font-weight-bold m-font-weight-bold\" data-lab-font_weight=\"font-weight-bold\">&#8211; Det er et eventyr fra morgen til kveld. Jeg tror vi skal v\u00e6re i Norge, ser jeg for meg. N\u00e5 kan det v\u00e6re at jeg f\u00e5r kjeft av Tonje for alt jeg sier her, men jeg tenker g\u00e5rd, sv\u00e6r gressplen med s\u00e5nn r\u00f8d l\u00f8per med blomsterkrans. Kanskje du ser ned ved en fjord, s\u00e5nn det er i Geiranger&#8230;<\/p>\n<p>Dagbladets fotograf skyter raskt inn at han var plass under prinsesse\u00a0M\u00e4rtha-Louise og\u00a0Durek\u00a0Verrett bryllup, og lurer p\u00e5 om det skal v\u00e6re i den stilen.\u00a0<\/p>\n<p>&#8211; Litt s\u00e5nn, men det var mye show da, svarer Ruud og fortsetter p\u00e5 resonnementet:\u00a0<\/p>\n<p>&#8211; Veldig bra bryllupsdans og mange finne venner, familie og god stemning. Det viktigste for Tonje er at det blir en veldig bra bryllupsdans.\u00a0<\/p>\n<p>          <img loading=\"lazy\" decoding=\"async\" src=\"https:\/\/www.europesays.com\/no\/wp-content\/uploads\/2025\/10\/83752333.webp\" width=\"980\" height=\"559\" title=\"PROFIL: Birk Ruud vant OL-gull i Big Air i 2022. I tilegg har han to gull, ett s\u00f8lv og \u00e9n bronse i VM-sammenheng og en dr\u00f8ss av andre meritter fra blant annet X-games. Foto: John T. Pedersen \/ Dagbladet\" alt=\"\" class=\"\" style=\"--aspect-ratio-image: 1.75; \"\/><\/p>\n<p>\n          PROFIL: Birk Ruud vant OL-gull i Big Air i 2022. I tilegg har han to gull, ett s\u00f8lv og \u00e9n bronse i VM-sammenheng og en dr\u00f8ss av andre meritter fra blant annet X-games. Foto: John T. Pedersen \/ Dagbladet\n      <\/p>\n<p class=\"italic m-italic\" data-lab-italic=\"italic\">&#8211; M\u00e5 \u00f8ve da?<\/p>\n<p>&#8211; Ja, da m\u00e5 jeg nok \u00f8ve. F\u00e5r nok ikke lov til \u00e5 ikke \u00f8ve, svarer skistjerna og ler.\u00a0<\/p>\n<p class=\"font-weight-bold m-font-weight-bold\" data-lab-font_weight=\"font-weight-bold\">Paret bor n\u00e5 sammen i Oslo, men planen er skaffe seg noe litt st\u00f8rre. N\u00e6rmere bestemt en g\u00e5rd med god plass, mulighet for en stor familie og trygge rammer, beskriver Ruud.\u00a0<\/p>\n<p>&#8211; Jeg og Tonje har sett p\u00e5 g\u00e5rd f\u00f8r, men vi er fortsatt ikke helt der. Vi m\u00e5 nok komme oss opp i 30-\u00e5ra f\u00f8r vi skaffer oss g\u00e5rd. Jeg titter litt rundt p\u00e5 Finn etter sm\u00e5bruk og forskjellige tomter, s\u00e5nn at jeg kan<br \/>\nbygge mitt eget treningsopplegg.\u00a0<\/p>\n<p>        Birk Ruuds forteller at \u00abinnvollene fikk seg en tr\u00f8kk\u00bb etter dette elleville hoppet. Video: @sebastianschjerve @birkruud<\/p>\n<p class=\"italic m-italic\" data-lab-italic=\"italic\">&#8211; Plass til en stor familie. Planen er \u00e5 ha en flokk der?<\/p>\n<p class=\"font-weight-bold m-font-weight-bold\" data-lab-font_weight=\"font-weight-bold\">&#8211; Ikke en stor flokk, men jeg kunne tenkt meg hvert fall tre barn. S\u00e5 en liten flokk da. Det hadde v\u00e6rt koselig.\u00a0<\/p>\n<p>&#8211; Dere er samstemte der?\u00a0<\/p>\n<p>&#8211; Det vil jeg tro. Det er ikke jeg som bestemmer der, men tipper vi er p\u00e5 samme b\u00f8lgelengde. Det er hyggelig, svarer 25-\u00e5ringen.\u00a0<\/p>\n","protected":false},"excerpt":{"rendered":"L\u00d8RENSKOG (Dagbladet): &#8211; Jeg var \u00abshaky\u00bb, erkjenner profilen overfor Dagbladet.\u00a0 I sommer avsl\u00f8rte stjerneparet Birk Ruud og Tonje&hellip;\n","protected":false},"author":2,"featured_media":66503,"comment_status":"","ping_status":"","sticky":false,"template":"","format":"standard","meta":{"footnotes":""},"categories":[12],"tags":[20,21,24,25,92,15,22,23,13,30,28,29,14,16,83,26,27,42,43,44,45],"class_list":{"0":"post-66502","1":"post","2":"type-post","3":"status-publish","4":"format-standard","5":"has-post-thumbnail","7":"category-verden","8":"tag-breaking-news","9":"tag-breakingnews","10":"tag-featured-news","11":"tag-featurednews","12":"tag-fotball","13":"tag-headlines","14":"tag-latest-news","15":"tag-latestnews","16":"tag-news","17":"tag-no","18":"tag-norge","19":"tag-norway","20":"tag-nyheter","21":"tag-overskrifter","22":"tag-sport","23":"tag-top-stories","24":"tag-topstories","25":"tag-verden","26":"tag-world","27":"tag-world-news","28":"tag-worldnews"},"share_on_mastodon":{"url":"","error":""},"_links":{"self":[{"href":"https:\/\/www.europesays.com\/no\/wp-json\/wp\/v2\/posts\/66502","targetHints":{"allow":["GET"]}}],"collection":[{"href":"https:\/\/www.europesays.com\/no\/wp-json\/wp\/v2\/posts"}],"about":[{"href":"https:\/\/www.europesays.com\/no\/wp-json\/wp\/v2\/types\/post"}],"author":[{"embeddable":true,"href":"https:\/\/www.europesays.com\/no\/wp-json\/wp\/v2\/users\/2"}],"replies":[{"embeddable":true,"href":"https:\/\/www.europesays.com\/no\/wp-json\/wp\/v2\/comments?post=66502"}],"version-history":[{"count":0,"href":"https:\/\/www.europesays.com\/no\/wp-json\/wp\/v2\/posts\/66502\/revisions"}],"wp:featuredmedia":[{"embeddable":true,"href":"https:\/\/www.europesays.com\/no\/wp-json\/wp\/v2\/media\/66503"}],"wp:attachment":[{"href":"https:\/\/www.europesays.com\/no\/wp-json\/wp\/v2\/media?parent=66502"}],"wp:term":[{"taxonomy":"category","embeddable":true,"href":"https:\/\/www.europesays.com\/no\/wp-json\/wp\/v2\/categories?post=66502"},{"taxonomy":"post_tag","embeddable":true,"href":"https:\/\/www.europesays.com\/no\/wp-json\/wp\/v2\/tags?post=66502"}],"curies":[{"name":"wp","href":"https:\/\/api.w.org\/{rel}","templated":true}]}}