{"id":66512,"date":"2025-10-21T18:37:10","date_gmt":"2025-10-21T18:37:10","guid":{"rendered":"https:\/\/www.europesays.com\/no\/66512\/"},"modified":"2025-10-21T18:37:10","modified_gmt":"2025-10-21T18:37:10","slug":"vivild-falk-berg-bryter-tausheten-etter-bruddet","status":"publish","type":"post","link":"https:\/\/www.europesays.com\/no\/66512\/","title":{"rendered":"Vivild Falk Berg bryter tausheten etter bruddet"},"content":{"rendered":"<p class=\"kicker \" style=\"\">Vivild Falk Berg<\/p>\n<p>  Skuespiller Vivild Falk Berg er klar for premierefest. Der tar hun bladet fra munnen etter bruddet.\u00a0<\/p>\n<p>\n    KLAR FOR NY ROLLE: Vivild Falk Berg har en av hovedrollene i serien \u00abNepobaby\u00bb. Foto: Andreas Fadum\/ Se og H\u00f8r\n  <\/p>\n<p> Grand Hotel (Se og H\u00f8r): Tirsdag er den r\u00f8de l\u00f8peren rullet ut p\u00e5 Grand Hotel i Oslo, og en rekke kjente profiler str\u00f8mmer til premierefesten av TV 2 -serien \u00abNepobaby\u00bb.\u00a0<\/p>\n<p>    <a itemprop=\"url\" href=\"https:\/\/www.seher.no\/kjendis\/kjendisene-strommer-til\/83751912\" rel=\"nofollow noopener\" target=\"_blank\"><\/p>\n<p>      <img loading=\"lazy\" decoding=\"async\" src=\"https:\/\/www.europesays.com\/no\/wp-content\/uploads\/2025\/10\/83752784.webp\" width=\"147\" height=\"106\" title=\"Kjendisene str\u00f8mmer til\" alt=\"\" class=\"lazyload\" style=\"--aspect-ratio-image: 1.39; \"\/><\/p>\n<p>        Kjendisene str\u00f8mmer til<\/p>\n<p>    <\/a><\/p>\n<p>En av de fremm\u00f8tte er skuespiller Vivild Falk Berg (27) som spiller \u00abEmma\u00bb i serien &#8211; en ung kvinne som plutselig f\u00e5r vite at hun er arving etter en av landets rikeste menn.\u00a0<\/p>\n<p>        HEMMELIG: Kronprinsessens lungerehabilitering skal ha hatt en ensom start, n\u00e5r kronprinsen ikke kunne v\u00e6re til stede. Foto: NTB \/ Det kongelige hoff \/ Se og H\u00f8r \/\/ Reporter: H\u00e5vard Bj\u00f8rnerem<\/p>\n<p class=\"font-weight-bold m-font-weight-bold\" data-lab-font_weight=\"font-weight-bold\">P\u00e5 privaten ble Vivild nylig singel etter \u00e5 ha g\u00e5tt<a href=\"https:\/\/www.seher.no\/kjendis\/har-skilt-veier\/83705151\" rel=\"nofollow noopener\" target=\"_blank\"> gjennom etter brudd med artist Chris Holsten (32).\u00a0<\/a><\/p>\n<p>&#8211; Jeg kan bekrefte at de har g\u00e5tt hver til sitt. Vivild og Chris skilles som gode venner. Utover det har de ingen kommentar, sa \u00abP\u00f8rni\u00bb-stjernens agent Glenn Huth M\u00e6land til <a href=\"https:\/\/www.tv2.no\/underholdning\/brudd-for-chris-holsten-og-vivild-falk-berg\/18179871\/\" rel=\"nofollow noopener\" target=\"_blank\">TV 2<\/a>\u00a0tidligere denne m\u00e5neden.\u00a0<\/p>\n<p>          <img loading=\"lazy\" decoding=\"async\" src=\"https:\/\/www.europesays.com\/no\/wp-content\/uploads\/2025\/10\/83753043.webp\" width=\"686\" height=\"995\" title=\"LYKKEN BRAST: Artist Chris Holsten og skuespiller Vivild Falk Berg bekreftet brudd i starten av oktober. Foto: Andreas Fadum \/ Se og H\u00f8r\" alt=\"\" class=\"\" style=\"--aspect-ratio-image: 0.69; \"\/><\/p>\n<p>\n          LYKKEN BRAST: Artist Chris Holsten og skuespiller Vivild Falk Berg bekreftet brudd i starten av oktober. Foto: Andreas Fadum \/ Se og H\u00f8r\n      <\/p>\n<p data-lab-font_weight=\"\">N\u00e5r Se og H\u00f8r sp\u00f8r Vivild p\u00e5 premierefesten til \u00abNepobaby\u00bb om hvordan det g\u00e5r med henne etter bruddet, svarer 27-\u00e5ringen:\u00a0<\/p>\n<p class=\"font-weight-bold m-font-weight-bold\" data-lab-font_weight=\"font-weight-bold\">&#8211; Det g\u00e5r fint. I kveld er jeg her for \u00e5 feire, s\u00e5 jeg har en veldig fin kveld n\u00e5.\u00a0<\/p>\n<p>    <a itemprop=\"url\" href=\"https:\/\/www.seher.no\/kjendis\/bekrefter-brudd\/83752800\" rel=\"nofollow noopener\" target=\"_blank\"><\/p>\n<p>      <img loading=\"lazy\" decoding=\"async\" src=\"https:\/\/www.europesays.com\/no\/wp-content\/uploads\/2025\/10\/83752808.webp\" width=\"147\" height=\"98\" title=\"Bekrefter brudd\" alt=\"\" class=\"lazyload\" style=\"--aspect-ratio-image: 1.50; \"\/><\/p>\n<p>        Bekrefter brudd<\/p>\n<p>    <\/a><\/p>\n<p class=\"font-weight-light m-font-weight-light\" data-lab-font_weight=\"font-weight-light\"> Det\u00a0<a href=\"https:\/\/www.seher.no\/kjendis\/ny-lykke-etter-bruddet\/80754897\" rel=\"nofollow noopener\" target=\"_blank\">svirret lenge romanserykter rundt\u00a0<\/a>Chris og Vivild, og etter at f\u00f8rstnevnte hadde delt flere hint i sosiale medier, kunne manageren hans omsider bekrefte forholdet overfor TV 2.\u00a0<\/p>\n<p>        AKILLESH\u00c6L: \u00abHotellet\u00bb-deltakerene Emilie \u00abVoe\u00bb Nereng og ektemannen Mike Hansson forklarer hvorfor Emilies fjes er deres st\u00f8rste akillsh\u00e6l i programmet. Reportere: Thea Hope\/ Kine Falch. Video: TV 2\/ R\u00f8d L\u00f8per\/ Sanne Holt<\/p>\n<p class=\"font-weight-light m-font-weight-light\" data-lab-font_weight=\"font-weight-light\">Da Chris gjestet podkasten\u00a0<a href=\"https:\/\/podme.com\/no\/ida-med-hjertet-i-handen\/1824877\" rel=\"nofollow noopener\" target=\"_blank\">\u00abIda med hjertet i h\u00e5nden\u00bb<\/a>\u00a0i april i fjor, avsl\u00f8rte artisten at han m\u00f8tte Vivild for f\u00f8rste gang p\u00e5 sin egen bursdagsfeiring i 2023.\u00a0<\/p>\n<p class=\"font-weight-light m-font-weight-light\" data-lab-font_weight=\"font-weight-light\">Etter \u00e5 ha blitt sjarmert av \u00abP\u00f8rni\u00bb-stjernen, inviterte han henne p\u00e5 en date. Det skulle derimot v\u00e6re vanskeligere enn han trodde.\u00a0<\/p>\n<p>          <img loading=\"lazy\" decoding=\"async\" src=\"https:\/\/www.europesays.com\/no\/wp-content\/uploads\/2025\/10\/83753101.webp\" width=\"686\" height=\"995\" title=\"M\u00c5TTE JOBBE HARDT: Chris har tidligere avsl\u00f8rt at det ikke var bare-bare \u00e5 f\u00e5 Vivild med p\u00e5 en date. Foto: Andreas Fadum \/ Se og H\u00f8r\" alt=\"\" class=\"\" style=\"--aspect-ratio-image: 0.69; \"\/><\/p>\n<p>\n          M\u00c5TTE JOBBE HARDT: Chris har tidligere avsl\u00f8rt at det ikke var bare-bare \u00e5 f\u00e5 Vivild med p\u00e5 en date. Foto: Andreas Fadum \/ Se og H\u00f8r\n      <\/p>\n<p class=\"font-weight-bold m-font-weight-bold\" data-lab-font_weight=\"font-weight-bold\">&#8211; Den daten m\u00e5tte jeg jobbe helt sinnssykt mye for. Jeg tror hun syntes det var kjempekoselig, men hun var litt mer reservert enn det jeg var. Og det respekterte jeg. Men jeg fikk litt lunkne svar, avsl\u00f8rte han i podkasten.<\/p>\n<p>Etter \u00e5 ha blitt avvist rett f\u00f8r en planlagt date, begynte Chris \u00e5 miste h\u00e5pet om et potensielt forhold.<\/p>\n<p>        TATT P\u00c5 FERSKEN: Etter realitydeltakeren nekter for \u00e5 ha v\u00e6rt utro mot kj\u00e6resten, tar programlederen grep. Video: ITVX\/ \u00abBad Boyfriends\u00bb\/ R\u00f8d L\u00f8per<\/p>\n<p>&#8211; Jeg husker at jeg sto opp midt p\u00e5 natten, og sto p\u00e5 kj\u00f8kkenbenken og s\u00e5 ned i gulvet og f\u00f8lte meg litt knust. Jeg husker at jeg sa h\u00f8yt: \u00abDet er faen meg henne\u00bb. Jeg f\u00f8lte det s\u00e5 sterkt bare p\u00e5 det ene m\u00f8tet vi hadde.<\/p>\n<p>En kort tid etter bestemte Vivild seg for \u00e5 satse p\u00e5 artisten og de ble etter hvert et par. Men n\u00e5 har de alts\u00e5 g\u00e5tt hver til sitt.\u00a0<\/p>\n<p>    <a itemprop=\"url\" href=\"https:\/\/www.seher.no\/kjendis\/foles-sa-bortkastet\/83749410\" rel=\"nofollow noopener\" target=\"_blank\"><\/p>\n<p>      <img loading=\"lazy\" decoding=\"async\" src=\"https:\/\/www.europesays.com\/no\/wp-content\/uploads\/2025\/10\/83750189.webp\" width=\"147\" height=\"98\" title=\"- F\u00f8les s\u00e5 bortkastet\" alt=\"\" class=\"lazyload\" style=\"--aspect-ratio-image: 1.50; \"\/><\/p>\n<p>        &#8211; F\u00f8les s\u00e5 bortkastet<\/p>\n<p>    <\/a><\/p>\n<p>Chris Holsten er kjent for hitl\u00e5ter som \u00abSl\u00e5 hjerte, sl\u00e5\u00bb og \u00abSmilet i ditt eget speil\u00bb, mens Vivild Falk Berg er kjent for sin rolle som Hanna i TV-serien \u00abP\u00f8rni\u00bb, og er n\u00e5 aktuell med hovedrollen i den nye TV 2-serien \u00abNepobaby\u00bb.\u00a0<\/p>\n","protected":false},"excerpt":{"rendered":"Vivild Falk Berg Skuespiller Vivild Falk Berg er klar for premierefest. Der tar hun bladet fra munnen etter&hellip;\n","protected":false},"author":2,"featured_media":66513,"comment_status":"","ping_status":"","sticky":false,"template":"","format":"standard","meta":{"footnotes":""},"categories":[10],"tags":[20,21,8262,24,25,15,479,2543,22,23,9508,13,30,28,29,14,16,9513,26,27,8113],"class_list":{"0":"post-66512","1":"post","2":"type-post","3":"status-publish","4":"format-standard","5":"has-post-thumbnail","7":"category-norge","8":"tag-breaking-news","9":"tag-breakingnews","10":"tag-chris-holsten","11":"tag-featured-news","12":"tag-featurednews","13":"tag-headlines","14":"tag-kjendis","15":"tag-kjendisdesken","16":"tag-latest-news","17":"tag-latestnews","18":"tag-nepobaby","19":"tag-news","20":"tag-no","21":"tag-norge","22":"tag-norway","23":"tag-nyheter","24":"tag-overskrifter","25":"tag-porni","26":"tag-top-stories","27":"tag-topstories","28":"tag-vivild-falk-berg"},"share_on_mastodon":{"url":"","error":""},"_links":{"self":[{"href":"https:\/\/www.europesays.com\/no\/wp-json\/wp\/v2\/posts\/66512","targetHints":{"allow":["GET"]}}],"collection":[{"href":"https:\/\/www.europesays.com\/no\/wp-json\/wp\/v2\/posts"}],"about":[{"href":"https:\/\/www.europesays.com\/no\/wp-json\/wp\/v2\/types\/post"}],"author":[{"embeddable":true,"href":"https:\/\/www.europesays.com\/no\/wp-json\/wp\/v2\/users\/2"}],"replies":[{"embeddable":true,"href":"https:\/\/www.europesays.com\/no\/wp-json\/wp\/v2\/comments?post=66512"}],"version-history":[{"count":0,"href":"https:\/\/www.europesays.com\/no\/wp-json\/wp\/v2\/posts\/66512\/revisions"}],"wp:featuredmedia":[{"embeddable":true,"href":"https:\/\/www.europesays.com\/no\/wp-json\/wp\/v2\/media\/66513"}],"wp:attachment":[{"href":"https:\/\/www.europesays.com\/no\/wp-json\/wp\/v2\/media?parent=66512"}],"wp:term":[{"taxonomy":"category","embeddable":true,"href":"https:\/\/www.europesays.com\/no\/wp-json\/wp\/v2\/categories?post=66512"},{"taxonomy":"post_tag","embeddable":true,"href":"https:\/\/www.europesays.com\/no\/wp-json\/wp\/v2\/tags?post=66512"}],"curies":[{"name":"wp","href":"https:\/\/api.w.org\/{rel}","templated":true}]}}