{"id":66551,"date":"2025-10-21T19:19:10","date_gmt":"2025-10-21T19:19:10","guid":{"rendered":"https:\/\/www.europesays.com\/no\/66551\/"},"modified":"2025-10-21T19:19:10","modified_gmt":"2025-10-21T19:19:10","slug":"alver-brann-kraftig-boligbrann-i-alver-byggene-er-tapt","status":"publish","type":"post","link":"https:\/\/www.europesays.com\/no\/66551\/","title":{"rendered":"Alver, Brann | Kraftig boligbrann i Alver: \u2013 Byggene er tapt"},"content":{"rendered":"\n<p>Det brenner i en enebolig og en tilh\u00f8rende garasje p\u00e5 Seim i Alver kommune. Brannvesenet begynte \u00e5 slukke klokken 2010, men det er lite igjen \u00e5 redde.<\/p>\n<p><b>\u2013 Byggene er tapt. Det har brent s\u00e5 lenge og v\u00e6rt overtent, sier vaktleder Frode Eide ved 110 Vest.<\/b><\/p>\n<p>Brannvesenet fors\u00f8ker n\u00e5 \u00e5 slukke flammene raskest mulig og kj\u00f8le ned branntomten.<\/p>\n<p>Ingen skadde<\/p>\n<p>If\u00f8lge 110 Vest var det fire personer som evakuerte seg ut av boligen i forbindelse med brannen. Alle beboerne i huset skal v\u00e6re gjort rede for, og ingen skal ha f\u00e5tt i seg r\u00f8yk. De f\u00e5r tilsyn av helse.<\/p>\n<p>En av beboerne ringte selv til brannvesenet.<\/p>\n<p>\u2013 Det begynte med brann p\u00e5 et rom, men litt ut i samtalen utviklet brannen seg veldig, opplyser Eide.<\/p>\n<p>   <img decoding=\"async\" width=\"4128\" height=\"2752\" fetchpriority=\"low\"  loading=\"lazy\"  src=\"https:\/\/www.europesays.com\/no\/wp-content\/uploads\/2025\/10\/EH8_1963.jpg\" alt=\"\" class=\"brick-c-cFOWSL\" style=\"--brick-image-ratio: 4128 \/ 2752;\"\/><\/p>\n<p>    N\u00f8detatene kom til stedet litt over klokken 20.<br \/>\n    Foto: EIRIK HAGES\u00c6TER\n  <\/p>\n<p>  Lang kj\u00f8revei<\/p>\n<p>Klokken 2010, over en halvtime etter at det ble sl\u00e5tt alarm klokken 1937, var brannvesenet fremme p\u00e5 adressen og gikk i gang med slukking.<\/p>\n<p>Brannen spredte seg alts\u00e5 til en n\u00e6rliggende garasje, men det er ellers ikke noe spredningsfare til andre bygg.<\/p>\n<p><b>Politiet vet forel\u00f8pig ikke hvorfor det har begynt \u00e5 brenne i huset. De vil sette i gang en etterforskning for \u00e5 f\u00e5 mer klarhet i hva som har skjedd.<\/b><\/p>\n<p>\n          Stopp video<br \/>\n          Sl\u00e5 p\u00e5 lyd<br \/>\n          <video data-standalone=\"false\" preload=\"none\" muted=\"\" loop=\"\" playsinline=\"\" autoplay=\"\"><\/p>\n<p>          <\/video>\n        <\/p>\n","protected":false},"excerpt":{"rendered":"Det brenner i en enebolig og en tilh\u00f8rende garasje p\u00e5 Seim i Alver kommune. Brannvesenet begynte \u00e5 slukke&hellip;\n","protected":false},"author":2,"featured_media":66552,"comment_status":"","ping_status":"","sticky":false,"template":"","format":"standard","meta":{"footnotes":""},"categories":[10],"tags":[1751,36,367,20,21,24,25,15,22,23,13,30,28,29,14,16,254,1510,26,27],"class_list":{"0":"post-66551","1":"post","2":"type-post","3":"status-publish","4":"format-standard","5":"has-post-thumbnail","7":"category-norge","8":"tag-alver","9":"tag-art","10":"tag-brann","11":"tag-breaking-news","12":"tag-breakingnews","13":"tag-featured-news","14":"tag-featurednews","15":"tag-headlines","16":"tag-latest-news","17":"tag-latestnews","18":"tag-news","19":"tag-no","20":"tag-norge","21":"tag-norway","22":"tag-nyheter","23":"tag-overskrifter","24":"tag-politi","25":"tag-story","26":"tag-top-stories","27":"tag-topstories"},"share_on_mastodon":{"url":"","error":""},"_links":{"self":[{"href":"https:\/\/www.europesays.com\/no\/wp-json\/wp\/v2\/posts\/66551","targetHints":{"allow":["GET"]}}],"collection":[{"href":"https:\/\/www.europesays.com\/no\/wp-json\/wp\/v2\/posts"}],"about":[{"href":"https:\/\/www.europesays.com\/no\/wp-json\/wp\/v2\/types\/post"}],"author":[{"embeddable":true,"href":"https:\/\/www.europesays.com\/no\/wp-json\/wp\/v2\/users\/2"}],"replies":[{"embeddable":true,"href":"https:\/\/www.europesays.com\/no\/wp-json\/wp\/v2\/comments?post=66551"}],"version-history":[{"count":0,"href":"https:\/\/www.europesays.com\/no\/wp-json\/wp\/v2\/posts\/66551\/revisions"}],"wp:featuredmedia":[{"embeddable":true,"href":"https:\/\/www.europesays.com\/no\/wp-json\/wp\/v2\/media\/66552"}],"wp:attachment":[{"href":"https:\/\/www.europesays.com\/no\/wp-json\/wp\/v2\/media?parent=66551"}],"wp:term":[{"taxonomy":"category","embeddable":true,"href":"https:\/\/www.europesays.com\/no\/wp-json\/wp\/v2\/categories?post=66551"},{"taxonomy":"post_tag","embeddable":true,"href":"https:\/\/www.europesays.com\/no\/wp-json\/wp\/v2\/tags?post=66551"}],"curies":[{"name":"wp","href":"https:\/\/api.w.org\/{rel}","templated":true}]}}