{"id":66555,"date":"2025-10-21T19:22:19","date_gmt":"2025-10-21T19:22:19","guid":{"rendered":"https:\/\/www.europesays.com\/no\/66555\/"},"modified":"2025-10-21T19:22:19","modified_gmt":"2025-10-21T19:22:19","slug":"sport-sporten-la-pa-seg-to-kilo-under-vasaloppet","status":"publish","type":"post","link":"https:\/\/www.europesays.com\/no\/66555\/","title":{"rendered":"Sport, Sporten | La p\u00e5 seg to kilo under Vasaloppet"},"content":{"rendered":"\n<p>Sist grep handlet jo om det \u00e5 v\u00e6re f\u00f8rst til noe. F\u00f8ler at jeg m\u00e5 ha en oppf\u00f8lger i samme spor, som ikke bare er i fotballens tegn. Som skil\u00f8peren, amerikaneren Bill Koch, som man lenge trodde var f\u00f8rstemann som sk\u00f8ytet med en fot. Visstnok var det finnen Pauli Siitonen, som var Bill Koch sin l\u00e6remester.<\/p>\n<p>Kan jo nevne at skihistorien muligens m\u00e5 skrives om, fordi jeg under et kretslangrenn p\u00e5 Grorud i Siljan i 1973 opplevde at min klubbkompis i Herkules, Fred Rosland, kom sk\u00f8ytende forbi meg med kraftfulle sk\u00f8ytetak.<\/p>\n<p>Siste verdensmester p\u00e5 treski var jo Magne Myrmo i &#8217;74, men litt mindre kjent var det vel at Storms talentfulle 15-\u00e5ring, Roar \u00abRoten\u00bb Haraldsen, var Nord-Europas siste kretsmester p\u00e5 ski i 1975, sies det.<\/p>\n<p>Helt sikker er jeg i alle fall p\u00e5 at min gode venn, \u00d8ystein Jonsjord, som jeg sikkert tidligere har nevnt, er den eneste som har lagt p\u00e5 seg (to kilo) under den ni mil lange marsjen i Vasaloppet.<\/p>\n<p>Matstasjonene inneholdt rett og slett for mye god mat. I tillegg tok Jonsjord seg ogs\u00e5 tid til \u00e5 bli med p\u00e5 en visning p\u00e5 en svensk sommerstuga underveis.<\/p>\n<p>I samme \u00e5ndedrag, og ogs\u00e5 i Vasaloppet, s\u00e5 er det verdt \u00e5 nevne at Treungens Arne Roar Rygh, vel m\u00e5 v\u00e6re en av de f\u00e5 som har gjort i buksa under l\u00f8pet.<\/p>\n<p>At han gikk de siste syv milene uten \u00e5 bry seg om det i buksa, er vel verdt spalteplass&#8230;<\/p>\n<p>Vi t\u00e5ler vel en til, som den gang i Holmenkollen, eller Husebyrennet som det het den gang. M\u00e5 vel v\u00e6re den eneste som har \u00abhatt seg\u00bb under en femmil, karen som tok seg tid til en Pit-stop p\u00e5 en seter underveis.<\/p>\n<p>Han kom litt etter skjema til m\u00e5l, for \u00e5 si det s\u00e5nn.<\/p>\n<p>If\u00f8lge budeia p\u00e5 setra, tok han aldri av seg skia under akten, og navnet visste hun ikke, men han hadde startnummer 34&#8230;<\/p>\n<p>Vi hopper over til skibakken og noe som i alle fall er fakta. Vi nordmenn har jo ikke akkurat oppfunnet kruttet, n\u00e5r det gjelder nyskapende stilarter i skiidretten.<\/p>\n<p>   <img decoding=\"async\" width=\"3231\" height=\"4867\" fetchpriority=\"low\"  loading=\"lazy\"  src=\"https:\/\/www.europesays.com\/no\/wp-content\/uploads\/2025\/10\/NTB_UB86JwoQKUs.jpg\" alt=\"LILLESTR\u00d8M 19870816: Den svenske skihopperen Jan Bokl\u00f8v, Sverige som innf\u00f8rte \" v-stilen=\"\" fotografert=\"\" i=\"\" plastbakken=\"\" marikollen.=\"\" foto:=\"\" bj=\"\" sigurds=\"\" ntb=\"\" class=\"brick-c-cFOWSL\" style=\"--brick-image-ratio: 3231 \/ 4867;\"\/><\/p>\n<p>    PIONER: Jan Bokl\u00f6v gikk foran, men ble ikke akseptert f\u00f8r alle andre kunne Bokl\u00f6v-stilen, eller V-stilen, bedre enn oppfinneren.<br \/>\n    Foto: Bj\u00f8rn Sigurds\u00f8n\n  <\/p>\n<p>Hopp- og fotballguru, Arne Scheie, synes i alle fall det var tiln\u00e6rmet skandale n\u00e5r svenske Jan Bokl\u00f6v hoppet som en kr\u00e5ke med spredte ski, p\u00e5 slutten av \u00e5ttitallet.<\/p>\n<p>Bokl\u00f6v skaffet rett og slett hoppsporten vinger, og V-stilen ble anerkjent.<\/p>\n<p>\u00abJag bare hoppar, dom for d\u00f8ma\u00bb, svarte han diplomatisk, etter et hopp som i dag ville gitt 20 i stil, men den gang ga 16 stilpoeng.<\/p>\n<p>Kan vel nevne at Bokl\u00f6v faktisk vant verdenscupen i 1988\/89, men aldri var i n\u00e6rheten av \u00e5 vinne noe, etter at de andre hopperne ogs\u00e5 l\u00e6rte seg V-stilen.<\/p>\n<p>Mens vi er i bakken, kan jeg jo ta en liten tur opp i ovarrennet og en noe mer ukjent oppfinnelse; \u00d8sttyskeren Falko Weisspflog var nemlig den f\u00f8rste som satt med armene bakover i till\u00f8pet, midt p\u00e5 80-tallet.<\/p>\n<p>Mer kjent er vel telemarknedslaget, som Morgedal og Sondre Norheim \u00abfant opp\u00bb.<\/p>\n<p>Er vel bare Edison og gl\u00f8delampa som er mer kjent i verdenshistorien, vil jeg anta&#8230;<\/p>\n<p>Er forresten diskusjon i dagens hoppverden om man skal kutte ut nedslag p\u00e5 grunn av mye skader, spesielt p\u00e5 damesiden.<\/p>\n<p>Tenk at vi i Telemark ogs\u00e5 har en egen idrettsgren i telemarkskj\u00f8ring. Det i sin tid har jo generert telemarkssvingen. S\u00e5 om vi i v\u00e5rt langstrakte fylke ikke har dominert seierspallen, har vi mye stolt og god historie, og navnet da, Telemark!<\/p>\n<p>   <img decoding=\"async\" width=\"1614\" height=\"2340\" fetchpriority=\"low\"  loading=\"lazy\"  src=\"https:\/\/www.europesays.com\/no\/wp-content\/uploads\/2025\/10\/NTB_U0RVEevACsI.jpg\" alt=\"Sondre Norheim (1825-1897)&#10;ukjent dato. ca 1880&#10;Foto: NTB \" class=\"brick-c-cFOWSL\" style=\"--brick-image-ratio: 1614 \/ 2340;\"\/><\/p>\n<p>    HAN ER \u00abK\u00c5NS\u00bb: Sondre Norheim fra Morgedal.<br \/>\n    Foto: NTB\n  <\/p>\n","protected":false},"excerpt":{"rendered":"Sist grep handlet jo om det \u00e5 v\u00e6re f\u00f8rst til noe. F\u00f8ler at jeg m\u00e5 ha en oppf\u00f8lger&hellip;\n","protected":false},"author":2,"featured_media":66556,"comment_status":"","ping_status":"","sticky":false,"template":"","format":"standard","meta":{"footnotes":""},"categories":[59],"tags":[36,9516,30,28,29,1533,83,1273,82,992],"class_list":{"0":"post-66555","1":"post","2":"type-post","3":"status-publish","4":"format-standard","5":"has-post-thumbnail","7":"category-sport","8":"tag-art","9":"tag-groas-grep","10":"tag-no","11":"tag-norge","12":"tag-norway","13":"tag-opinion","14":"tag-sport","15":"tag-sporten","16":"tag-sports","17":"tag-telemark"},"share_on_mastodon":{"url":"","error":""},"_links":{"self":[{"href":"https:\/\/www.europesays.com\/no\/wp-json\/wp\/v2\/posts\/66555","targetHints":{"allow":["GET"]}}],"collection":[{"href":"https:\/\/www.europesays.com\/no\/wp-json\/wp\/v2\/posts"}],"about":[{"href":"https:\/\/www.europesays.com\/no\/wp-json\/wp\/v2\/types\/post"}],"author":[{"embeddable":true,"href":"https:\/\/www.europesays.com\/no\/wp-json\/wp\/v2\/users\/2"}],"replies":[{"embeddable":true,"href":"https:\/\/www.europesays.com\/no\/wp-json\/wp\/v2\/comments?post=66555"}],"version-history":[{"count":0,"href":"https:\/\/www.europesays.com\/no\/wp-json\/wp\/v2\/posts\/66555\/revisions"}],"wp:featuredmedia":[{"embeddable":true,"href":"https:\/\/www.europesays.com\/no\/wp-json\/wp\/v2\/media\/66556"}],"wp:attachment":[{"href":"https:\/\/www.europesays.com\/no\/wp-json\/wp\/v2\/media?parent=66555"}],"wp:term":[{"taxonomy":"category","embeddable":true,"href":"https:\/\/www.europesays.com\/no\/wp-json\/wp\/v2\/categories?post=66555"},{"taxonomy":"post_tag","embeddable":true,"href":"https:\/\/www.europesays.com\/no\/wp-json\/wp\/v2\/tags?post=66555"}],"curies":[{"name":"wp","href":"https:\/\/api.w.org\/{rel}","templated":true}]}}