{"id":66557,"date":"2025-10-21T19:23:14","date_gmt":"2025-10-21T19:23:14","guid":{"rendered":"https:\/\/www.europesays.com\/no\/66557\/"},"modified":"2025-10-21T19:23:14","modified_gmt":"2025-10-21T19:23:14","slug":"kjendisene-strommer-til-grand-hotel-for-nepobaby-premiere","status":"publish","type":"post","link":"https:\/\/www.europesays.com\/no\/66557\/","title":{"rendered":"Kjendisene str\u00f8mmer til Grand Hotel for \u00abNepobaby\u00bb-premiere"},"content":{"rendered":"<p class=\"kicker \" style=\"\">Premierefest:\u00a0<\/p>\n<p>  En rekke kjente fjes ankommer Grand Hotel for premierefest.\u00a0<\/p>\n<p>\n    DUKKET OPP: Hovedrolleinnhaver Henriette Steenstrup har med seg ektemannen Rune Assmann. Foto: Andreas Fadum\/ Se og H\u00f8r\n  <\/p>\n<p> Grand Hotel (Se og H\u00f8r): Tirsdag er den r\u00f8de l\u00f8peren rullet ut p\u00e5 \u00e6rverdige Grand Hotel i Oslo. Denne uken har TV-serien \u00abNepobaby\u00bb premiere p\u00e5 TV 2, og i den anledning str\u00f8mmer kjendisene til premierefesten.\u00a0<\/p>\n<p>        NORGE: Den norske skuespilleren Gitte Witt m\u00e5tte endre utseendet i Netflix-thrilleren hvor superstjerna Keira Knightley har hovedrolle. Video: Netflix\/ Thea Hope\/ R\u00f8d L\u00f8per<\/p>\n<p>P\u00e5 rollelisten til serien finner man navn som Henriette Steenstrup (51), Vivild Falk Berg (27) og Nicolai Cleve Broch (49).\u00a0<\/p>\n<p>    <a itemprop=\"url\" href=\"https:\/\/www.seher.no\/kjendis\/bekrefter-brudd\/83752800\" rel=\"nofollow noopener\" target=\"_blank\"><\/p>\n<p>      <img loading=\"lazy\" decoding=\"async\" src=\"https:\/\/www.europesays.com\/no\/wp-content\/uploads\/2025\/10\/1761074589_288_83752808.webp\" width=\"147\" height=\"98\" title=\"Bekrefter brudd\" alt=\"\" class=\"lazyload\" style=\"--aspect-ratio-image: 1.50; \"\/><\/p>\n<p>        Bekrefter brudd<\/p>\n<p>    <\/a><\/p>\n<p> \u00abNepobaby\u00bb har vunnet priser i Cannes, og allerede blitt solgt til utlandet.\u00a0<\/p>\n<p>    <a itemprop=\"url\" href=\"https:\/\/www.seher.no\/kjendis\/bryter-tausheten-etter-bruddet\/83752877\" rel=\"nofollow noopener\" target=\"_blank\"><\/p>\n<p>      <img loading=\"lazy\" decoding=\"async\" src=\"https:\/\/www.europesays.com\/no\/wp-content\/uploads\/2025\/10\/83753108.webp\" width=\"980\" height=\"441\" title=\"Bryter tausheten etter bruddet\" alt=\"\" class=\"lazyload\" style=\"--aspect-ratio-image: 2.22; \"\/><\/p>\n<p>        Bryter tausheten etter bruddet<\/p>\n<p>    <\/a><\/p>\n<p class=\"font-weight-bold m-font-weight-bold\" data-lab-font_weight=\"font-weight-bold\">Se bilder fra den r\u00f8de l\u00f8peren her:\u00a0<\/p>\n<p>          <img loading=\"lazy\" decoding=\"async\" src=\"https:\/\/www.europesays.com\/no\/wp-content\/uploads\/2025\/10\/83753169.webp\" width=\"686\" height=\"1029\" title=\"DUKKET OPP: Vivild Falk Berg str\u00e5lte i en gr\u00f8nn kjole. Foto: Andreas Fadum\/ Se og H\u00f8r\" alt=\"\" class=\"\" style=\"--aspect-ratio-image: 0.67; \"\/><\/p>\n<p>\n          DUKKET OPP: Vivild Falk Berg str\u00e5lte i en gr\u00f8nn kjole. Foto: Andreas Fadum\/ Se og H\u00f8r\n      <\/p>\n<p>          <img loading=\"lazy\" decoding=\"async\" src=\"https:\/\/www.europesays.com\/no\/wp-content\/uploads\/2025\/10\/83753167.webp\" width=\"686\" height=\"1029\" title=\"Solveig Kloppen. Foto: Andreas Fadum\" alt=\"\" class=\"\" style=\"--aspect-ratio-image: 0.67; \"\/><\/p>\n<p>\n          Solveig Kloppen. Foto: Andreas Fadum\n      <\/p>\n<p>          <img loading=\"lazy\" decoding=\"async\" src=\"https:\/\/www.europesays.com\/no\/wp-content\/uploads\/2025\/10\/83753084.webp\" width=\"686\" height=\"1029\" title=\"Harald Eia. Foto: Andreas Fadum\" alt=\"\" class=\"\" style=\"--aspect-ratio-image: 0.67; \"\/><\/p>\n<p>\n          Harald Eia. Foto: Andreas Fadum\n      <\/p>\n<p>          <img loading=\"lazy\" decoding=\"async\" src=\"https:\/\/www.europesays.com\/no\/wp-content\/uploads\/2025\/10\/83753044.webp\" width=\"686\" height=\"1029\" title=\"Lubna Jaffery. Foto: Andreas Fadum\" alt=\"\" class=\"\" style=\"--aspect-ratio-image: 0.67; \"\/><\/p>\n<p>\n          Lubna Jaffery. Foto: Andreas Fadum\n      <\/p>\n<p>          <img loading=\"lazy\" decoding=\"async\" src=\"https:\/\/www.europesays.com\/no\/wp-content\/uploads\/2025\/10\/83753025.webp\" width=\"686\" height=\"1029\" title=\"Rune Assmann og Henriette Steenstrup. Foto: Andreas Fadum\" alt=\"\" class=\"\" style=\"--aspect-ratio-image: 0.67; \"\/><\/p>\n<p>\n          Rune Assmann og Henriette Steenstrup. Foto: Andreas Fadum\n      <\/p>\n<p>          <img loading=\"lazy\" decoding=\"async\" src=\"https:\/\/www.europesays.com\/no\/wp-content\/uploads\/2025\/10\/83753017.webp\" width=\"686\" height=\"1029\" title=\"Else K\u00e5ss Furuseth. Foto: Andreas Fadum\" alt=\"\" class=\"\" style=\"--aspect-ratio-image: 0.67; \"\/><\/p>\n<p>\n          Else K\u00e5ss Furuseth. Foto: Andreas Fadum\n      <\/p>\n<p>          <img loading=\"lazy\" decoding=\"async\" src=\"https:\/\/www.europesays.com\/no\/wp-content\/uploads\/2025\/10\/83752987.webp\" width=\"686\" height=\"1029\" title=\"Odd-Magnus Williamson og Tinashe Wiliamson. Foto: Andreas Fadum\" alt=\"\" class=\"\" style=\"--aspect-ratio-image: 0.67; \"\/><\/p>\n<p>\n          Odd-Magnus Williamson og Tinashe Wiliamson. Foto: Andreas Fadum\n      <\/p>\n<p>          <img loading=\"lazy\" decoding=\"async\" src=\"https:\/\/www.europesays.com\/no\/wp-content\/uploads\/2025\/10\/83752982.webp\" width=\"686\" height=\"1029\" title=\"Bertine Zetlitz og Siri Avlesen-\u00d8stli. Foto: Andreas Fadum\" alt=\"\" class=\"\" style=\"--aspect-ratio-image: 0.67; \"\/><\/p>\n<p>\n          Bertine Zetlitz og Siri Avlesen-\u00d8stli. Foto: Andreas Fadum\n      <\/p>\n<p>          <img loading=\"lazy\" decoding=\"async\" src=\"https:\/\/www.europesays.com\/no\/wp-content\/uploads\/2025\/10\/83752970.webp\" width=\"686\" height=\"1029\" title=\"Henriette Steenstrup og Vivild Falk Berg. Foto: Andreas Fadum\" alt=\"\" class=\"\" style=\"--aspect-ratio-image: 0.67; \"\/><\/p>\n<p>\n          Henriette Steenstrup og Vivild Falk Berg. Foto: Andreas Fadum\n      <\/p>\n<p>          <img loading=\"lazy\" decoding=\"async\" src=\"https:\/\/www.europesays.com\/no\/wp-content\/uploads\/2025\/10\/83752968.webp\" width=\"686\" height=\"1029\" title=\"Nicolai Cleve Broch og kona Heidi Gjermundsen Broch. Foto: Andreas Fadum\" alt=\"\" class=\"\" style=\"--aspect-ratio-image: 0.67; \"\/><\/p>\n<p>\n          Nicolai Cleve Broch og kona Heidi Gjermundsen Broch. Foto: Andreas Fadum\n      <\/p>\n<p>          <img loading=\"lazy\" decoding=\"async\" src=\"https:\/\/www.europesays.com\/no\/wp-content\/uploads\/2025\/10\/83752804.webp\" width=\"686\" height=\"1029\" title=\"Espen PA Lervaag. Foto: Andreas Fadum\" alt=\"\" class=\"\" style=\"--aspect-ratio-image: 0.67; \"\/><\/p>\n<p>\n          Espen PA Lervaag. Foto: Andreas Fadum\n      <\/p>\n<p>          <img loading=\"lazy\" decoding=\"async\" src=\"https:\/\/www.europesays.com\/no\/wp-content\/uploads\/2025\/10\/83752798.webp\" width=\"686\" height=\"1029\" title=\"Tobias Becks og forloveden Helga. Foto: Andreas Fadum\" alt=\"\" class=\"\" style=\"--aspect-ratio-image: 0.67; \"\/><\/p>\n<p>\n          Tobias Becks og forloveden Helga. Foto: Andreas Fadum\n      <\/p>\n<p>          <img loading=\"lazy\" decoding=\"async\" src=\"https:\/\/www.europesays.com\/no\/wp-content\/uploads\/2025\/10\/83752796.webp\" width=\"686\" height=\"1029\" title=\"Kristin Grue. Foto: Andreas Fadum\" alt=\"\" class=\"\" style=\"--aspect-ratio-image: 0.67; \"\/><\/p>\n<p>\n          Kristin Grue. Foto: Andreas Fadum\n      <\/p>\n<p>          <img loading=\"lazy\" decoding=\"async\" src=\"https:\/\/www.europesays.com\/no\/wp-content\/uploads\/2025\/10\/1761074593_991_83752784.webp\" width=\"686\" height=\"1029\" title=\"Henriette Steenstrup, Kristin Grue, Nicolai Cleve Broch, Vivild Flak Berg og Helle Ryg Eia. Foto: Andreas Fadum\" alt=\"\" class=\"\" style=\"--aspect-ratio-image: 0.67; \"\/><\/p>\n<p>\n          Henriette Steenstrup, Kristin Grue, Nicolai Cleve Broch, Vivild Flak Berg og Helle Ryg Eia. Foto: Andreas Fadum\n      <\/p>\n<p>          <img loading=\"lazy\" decoding=\"async\" src=\"https:\/\/www.europesays.com\/no\/wp-content\/uploads\/2025\/10\/83752732.webp\" width=\"686\" height=\"1029\" title=\"Foto: Andreas Fadum\" alt=\"\" class=\"\" style=\"--aspect-ratio-image: 0.67; \"\/><\/p>\n<p>\n          Foto: Andreas Fadum\n      <\/p>\n<p>          <img loading=\"lazy\" decoding=\"async\" src=\"https:\/\/www.europesays.com\/no\/wp-content\/uploads\/2025\/10\/83752719.webp\" width=\"686\" height=\"1029\" title=\"Foto: Andreas Fadum\" alt=\"\" class=\"\" style=\"--aspect-ratio-image: 0.67; \"\/><\/p>\n<p>\n          Foto: Andreas Fadum\n      <\/p>\n<p>          <img loading=\"lazy\" decoding=\"async\" src=\"https:\/\/www.europesays.com\/no\/wp-content\/uploads\/2025\/10\/83752712.webp\" width=\"686\" height=\"1029\" title=\"S\u00f8lje Bergman. Foto: Andreas Fadum\" alt=\"\" class=\"\" style=\"--aspect-ratio-image: 0.67; \"\/><\/p>\n<p>\n          S\u00f8lje Bergman. Foto: Andreas Fadum\n      <\/p>\n<p>          <img loading=\"lazy\" decoding=\"async\" src=\"https:\/\/www.europesays.com\/no\/wp-content\/uploads\/2025\/10\/83752674.webp\" width=\"686\" height=\"1029\" title=\"Aurora Gude. Foto: Andreas Fadum\/ Se og H\u00f8r\" alt=\"\" class=\"\" style=\"--aspect-ratio-image: 0.67; \"\/><\/p>\n<p>\n          Aurora Gude. Foto: Andreas Fadum\/ Se og H\u00f8r\n      <\/p>\n","protected":false},"excerpt":{"rendered":"Premierefest:\u00a0 En rekke kjente fjes ankommer Grand Hotel for premierefest.\u00a0 DUKKET OPP: Hovedrolleinnhaver Henriette Steenstrup har med seg&hellip;\n","protected":false},"author":2,"featured_media":66558,"comment_status":"","ping_status":"","sticky":false,"template":"","format":"standard","meta":{"footnotes":""},"categories":[58],"tags":[71,479,2543,9508,30,28,29,9517,72],"class_list":{"0":"post-66557","1":"post","2":"type-post","3":"status-publish","4":"format-standard","5":"has-post-thumbnail","7":"category-underholdning","8":"tag-entertainment","9":"tag-kjendis","10":"tag-kjendisdesken","11":"tag-nepobaby","12":"tag-no","13":"tag-norge","14":"tag-norway","15":"tag-premierefest","16":"tag-underholdning"},"share_on_mastodon":{"url":"","error":""},"_links":{"self":[{"href":"https:\/\/www.europesays.com\/no\/wp-json\/wp\/v2\/posts\/66557","targetHints":{"allow":["GET"]}}],"collection":[{"href":"https:\/\/www.europesays.com\/no\/wp-json\/wp\/v2\/posts"}],"about":[{"href":"https:\/\/www.europesays.com\/no\/wp-json\/wp\/v2\/types\/post"}],"author":[{"embeddable":true,"href":"https:\/\/www.europesays.com\/no\/wp-json\/wp\/v2\/users\/2"}],"replies":[{"embeddable":true,"href":"https:\/\/www.europesays.com\/no\/wp-json\/wp\/v2\/comments?post=66557"}],"version-history":[{"count":0,"href":"https:\/\/www.europesays.com\/no\/wp-json\/wp\/v2\/posts\/66557\/revisions"}],"wp:featuredmedia":[{"embeddable":true,"href":"https:\/\/www.europesays.com\/no\/wp-json\/wp\/v2\/media\/66558"}],"wp:attachment":[{"href":"https:\/\/www.europesays.com\/no\/wp-json\/wp\/v2\/media?parent=66557"}],"wp:term":[{"taxonomy":"category","embeddable":true,"href":"https:\/\/www.europesays.com\/no\/wp-json\/wp\/v2\/categories?post=66557"},{"taxonomy":"post_tag","embeddable":true,"href":"https:\/\/www.europesays.com\/no\/wp-json\/wp\/v2\/tags?post=66557"}],"curies":[{"name":"wp","href":"https:\/\/api.w.org\/{rel}","templated":true}]}}