{"id":66579,"date":"2025-10-21T19:58:06","date_gmt":"2025-10-21T19:58:06","guid":{"rendered":"https:\/\/www.europesays.com\/no\/66579\/"},"modified":"2025-10-21T19:58:06","modified_gmt":"2025-10-21T19:58:06","slug":"apples-sammenleggbare-iphone-kan-bli-utsatt-til-2027","status":"publish","type":"post","link":"https:\/\/www.europesays.com\/no\/66579\/","title":{"rendered":"Apples sammenleggbare iPhone kan bli utsatt til 2027"},"content":{"rendered":"<p>Apples f\u00f8rste sammenleggbare iPhone lar trolig vente p\u00e5 seg. If\u00f8lge en rapport fra Mizuho Securities, omtalt av The Elec, kan lanseringen bli utsatt helt til 2027. Opprinnelig var planen \u00e5 slippe modellen h\u00f8sten 2026 sammen med iPhone 18-serien, men tekniske utfordringer har tvunget selskapet til \u00e5 revurdere tidsplanen.<\/p>\n<p>Hoved\u00e5rsaken til forsinkelsen er at Apple fortsatt jobber med \u00e5 utvikle en skjerm uten synlige bretter, en l\u00f8sning som hittil har vist seg sv\u00e6rt krevende. I tillegg m\u00e5 selskapets ingeni\u00f8rer finjustere hengselsystemet for \u00e5 sikre b\u00e5de holdbarhet og eleganse, noe som tar mer tid enn forventet.<\/p>\n<p>Produksjonsvansker og leverand\u00f8rproblemer<\/p>\n<p>Apple skal fortsatt ha problemer med \u00e5 produsere nok foldbare paneler til \u00e5 m\u00f8te ettersp\u00f8rselen. If\u00f8lge The Elec vil skjermene leveres eksklusivt av Samsung Display, men produksjonskapasiteten er forel\u00f8pig begrenset.<\/p>\n<p>Analytikere ansl\u00e5r at Apple kun vil kunne produsere mellom 500 000 og 700 000 enheter i det f\u00f8rste \u00e5ret, langt under de opprinnelig planlagte 1,3 millioner. I tillegg ventes prisen p\u00e5 den f\u00f8rste modellen \u00e5 passere 2 000 dollar, noe som ytterligere begrenser volumet.<\/p>\n<p>Endringer i lanseringsstrategien<\/p>\n<p>De vedvarende forsinkelsene kan ogs\u00e5 p\u00e5virke Apples \u00f8vrige produktlanseringer. If\u00f8lge MacRumors vurderer selskapet \u00e5 utsette lanseringen av iPhone 18 til v\u00e5ren 2027, sammen med en ny \u201ciPhone 18e\u201d-modell. De dyrere modellene \u2013 iPhone Air 2, iPhone 18 Pro og iPhone 18 Pro Max \u2013 er fortsatt planlagt for h\u00f8sten 2026, men mye tyder p\u00e5 at Apple kan endre strategien for \u00e5 lette presset p\u00e5 forsyningskjeden.<\/p>\n<p>Apple planlegger stort jubileum for iPhone 19<\/p>\n<p>Mens den sammenleggbare iPhonen dr\u00f8yer, arbeider Apple videre med flere st\u00f8rre prosjekter. If\u00f8lge lekkasjer planlegges iPhone 19 som en jubileumsutgave i 2037, i anledning 20-\u00e5rsjubileet for den f\u00f8rste iPhonen.<\/p>\n<p>Selskapet utvikler ogs\u00e5 en sammenleggbar MacBook p\u00e5 18,9 tommer, som tidligst kan komme mellom 2028 og 2029. I mellomtiden ser det ut til at Apple velger kvalitet fremfor hastverk \u2013 og heller venter med \u00e5 lansere den f\u00f8rste foldbare iPhonen til teknologien lever opp til selskapets krav om perfeksjon.<\/p>\n","protected":false},"excerpt":{"rendered":"Apples f\u00f8rste sammenleggbare iPhone lar trolig vente p\u00e5 seg. If\u00f8lge en rapport fra Mizuho Securities, omtalt av The&hellip;\n","protected":false},"author":2,"featured_media":66580,"comment_status":"","ping_status":"","sticky":false,"template":"","format":"standard","meta":{"footnotes":""},"categories":[57],"tags":[30,28,29,65,63,64,66,70,69,67,68],"class_list":{"0":"post-66579","1":"post","2":"type-post","3":"status-publish","4":"format-standard","5":"has-post-thumbnail","7":"category-vitenskap-og-teknologi","8":"tag-no","9":"tag-norge","10":"tag-norway","11":"tag-science","12":"tag-science-and-technology","13":"tag-scienceandtechnology","14":"tag-technology","15":"tag-teknologi","16":"tag-vitenskap","17":"tag-vitenskap-og-teknologi","18":"tag-vitenskapteknologi"},"share_on_mastodon":{"url":"","error":""},"_links":{"self":[{"href":"https:\/\/www.europesays.com\/no\/wp-json\/wp\/v2\/posts\/66579","targetHints":{"allow":["GET"]}}],"collection":[{"href":"https:\/\/www.europesays.com\/no\/wp-json\/wp\/v2\/posts"}],"about":[{"href":"https:\/\/www.europesays.com\/no\/wp-json\/wp\/v2\/types\/post"}],"author":[{"embeddable":true,"href":"https:\/\/www.europesays.com\/no\/wp-json\/wp\/v2\/users\/2"}],"replies":[{"embeddable":true,"href":"https:\/\/www.europesays.com\/no\/wp-json\/wp\/v2\/comments?post=66579"}],"version-history":[{"count":0,"href":"https:\/\/www.europesays.com\/no\/wp-json\/wp\/v2\/posts\/66579\/revisions"}],"wp:featuredmedia":[{"embeddable":true,"href":"https:\/\/www.europesays.com\/no\/wp-json\/wp\/v2\/media\/66580"}],"wp:attachment":[{"href":"https:\/\/www.europesays.com\/no\/wp-json\/wp\/v2\/media?parent=66579"}],"wp:term":[{"taxonomy":"category","embeddable":true,"href":"https:\/\/www.europesays.com\/no\/wp-json\/wp\/v2\/categories?post=66579"},{"taxonomy":"post_tag","embeddable":true,"href":"https:\/\/www.europesays.com\/no\/wp-json\/wp\/v2\/tags?post=66579"}],"curies":[{"name":"wp","href":"https:\/\/api.w.org\/{rel}","templated":true}]}}