{"id":6661,"date":"2025-08-13T08:25:08","date_gmt":"2025-08-13T08:25:08","guid":{"rendered":"https:\/\/www.europesays.com\/no\/6661\/"},"modified":"2025-08-13T08:25:08","modified_gmt":"2025-08-13T08:25:08","slug":"alvaro-morata-rasende-mot-galatasaray-etter-kontroversiell-avslutning","status":"publish","type":"post","link":"https:\/\/www.europesays.com\/no\/6661\/","title":{"rendered":"Alvaro Morata rasende mot Galatasaray etter kontroversiell avslutning"},"content":{"rendered":"\n<p class=\"_lead_1bvmi_2 _lead_xtcu6_50 layout-component text-serif-m layout-normal text-serif-l layout-component layout-wide layout-padded _wide_17hqh_1 layout-padded\">Fotballstjernen Alvaro Morata raser mot Galatasaray og hevder \u00abgrunnleggende verdier ikke ble respektert\u00bb f\u00f8r l\u00e5neperioden hans tok en br\u00e5 slutt.<\/p>\n<p><img alt=\"Alvaro Morata raser mot Galatasaray.  Foto: Luca Bruno \/ AP \/ NTB\" class=\"_image_qp4xg_65 layout-component layout-wide\" data-fullscreen- data-track-element-type=\"Article image fullscreen\" data-track-name=\"ImageFullscreen\" fetchpriority=\"high\" decoding=\"sync\" loading=\"eager\" height=\"2184\" itemprop=\"image\"  src=\"https:\/\/www.europesays.com\/no\/wp-content\/uploads\/2025\/08\/7085bf16-b601-4b64-b9aa-ef8452705062\"  style=\"object-position:0% 0%\" width=\"3276\"\/>Alvaro Morata raser mot Galatasaray.  Foto: Luca Bruno \/ AP \/ NTB<\/p>\n<ul aria-hidden=\"true\" class=\"_images_1y6fe_106\">\n<li><a class=\"_link_1y6fe_111\" href=\"https:\/\/www.vg.no\/forfatter\/ntb\" style=\"z-index:1\" title=\"NTB\" rel=\"nofollow noopener\" target=\"_blank\"><img alt=\"Bilde av NTB\" class=\"_image_1y6fe_88\" fetchpriority=\"low\" loading=\"lazy\" decoding=\"async\" itemprop=\"image\"  src=\"https:\/\/www.europesays.com\/no\/wp-content\/uploads\/2025\/08\/1755073508_681_c33980b0-5d07-4027-84a1-813f90a7c8d6\"  width=\"480\"\/><\/a><\/li>\n<\/ul>\n<p> Oppdatert onsdag 13. august kl. 09:56    <\/p>\n<ul class=\"_list_1bvmi_3 _list_1flq1_85 _unordered_1bvmi_99 text-sans-m\">\n<li class=\"_item_1bvmi_30\">Alvaro Morata raser mot Galatasaray for manglende respekt for \u00abgrunnleggende verdier\u00bb.<\/li>\n<li class=\"_item_1bvmi_30\">Spanjolen returnerte til Milan etter en kontroversiell avslutning i Tyrkia.<\/li>\n<li class=\"_item_1bvmi_30\">Morata hevder han ble tvunget til \u00e5 gi avkall p\u00e5 l\u00f8nn og kontraktsrettigheter.<\/li>\n<\/ul>\n<p>Vis mer <\/p>\n<p class=\"_paragraph_1bvmi_4 _paragraph_xtcu6_10 layout-component text-serif-m layout-normal text-serif-m layout-padded\">Spanjolen returnerte til Milan mandag etter at oppholdet hans i Tyrkia endte i uenighet og kontrovers. Morata ble tvunget til \u00e5 gi avkall p\u00e5 deler av l\u00f8nnen sin.<\/p>\n<p class=\"_paragraph_1bvmi_4 _paragraph_xtcu6_10 layout-component text-serif-m layout-normal text-serif-m layout-padded\">Spissen er n\u00e5 klar for den italienske klubben Como. <\/p>\n<p class=\"_paragraph_1bvmi_4 _paragraph_xtcu6_10 layout-component text-serif-m layout-normal text-serif-m layout-padded\"><strong class=\"_strong_1bvmi_25\">I et innlegg p\u00e5 Instagram fyrer Morata n\u00e5 l\u00f8s mot m\u00e5ten han ble behandlet p\u00e5 av <a href=\"https:\/\/www.vg.no\/tag\/galatasaray?utm_source=vg-article&amp;utm_medium=auto-tagger&amp;utm_campaign=zAmX1v\" class=\"_link_1bvmi_39\" rel=\"nofollow noopener\" target=\"_blank\">Galatasaray<\/a>.<\/strong><\/p>\n<p class=\"_paragraph_1bvmi_4 _paragraph_xtcu6_10 layout-component text-serif-m layout-normal text-serif-m layout-padded\">\u2013 Det var \u00f8yeblikk da ord og respekten for grunnleggende verdier ikke ble overholdt, heter det der.<\/p>\n<p class=\"_paragraph_1bvmi_4 _paragraph_xtcu6_10 layout-component text-serif-m layout-normal text-serif-m layout-padded\">Morata hevder han til slutt ikke hadde noe annet valg enn \u00e5 gi avkall p\u00e5 deler av l\u00f8nnen og andre kontraktsmessige rettigheter han hadde krav p\u00e5. Spanjolen skriver at tallene som i den forbindelse har havnet i offentligheten er gale.<\/p>\n<p><img alt=\"Alvaro Morata er ikke forn\u00f8yd med hvordan han ble behandlet i Tyrkia.  Foto: OLAF KRAAK \/ EPA \/ NTB\" class=\"_image_qp4xg_65 layout-component layout-normal\" data-fullscreen- data-track-element-type=\"Article image fullscreen\" data-track-name=\"ImageFullscreen\" decoding=\"async\" loading=\"lazy\" height=\"4409\" itemprop=\"image\"  src=\"https:\/\/www.europesays.com\/no\/wp-content\/uploads\/2025\/08\/dbae5278-b30b-478f-8447-c81ae7549fbb\"  style=\"object-position:0% 0%\" width=\"6613\"\/>Alvaro Morata er ikke forn\u00f8yd med hvordan han ble behandlet i Tyrkia.  Foto: OLAF KRAAK \/ EPA \/ NTB<\/p>\n<p class=\"_paragraph_1bvmi_4 _paragraph_xtcu6_10 layout-component text-serif-m layout-normal text-serif-m layout-padded\">\u2013 For meg, i livet og i jobbhverdagen, finnes det prinsipper som aldri skal brytes, s\u00e5nn som respekt for enkeltpersoners rettigheter. \u00c5 ikke anerkjenne og kompensere for det som er opptjent, er for meg uakseptabelt og i strid med verdiene knyttet til rettferdighet og profesjonalitet, heter det fra Morata.<\/p>\n<p class=\"_paragraph_1bvmi_4 _paragraph_xtcu6_10 layout-component text-serif-m layout-normal text-serif-m layout-padded\">Han forst\u00e5r at det kan oppleves kontroversielt at han uttaler seg i offentligheten. Samtidig henvender han seg direkte til Galatasaray-supporterne.<\/p>\n<p class=\"_paragraph_1bvmi_4 _paragraph_xtcu6_10 layout-component text-serif-m layout-normal text-serif-m layout-padded\">\u2013 Jeg vet at disse temaaene ofte ikke snakkes \u00e5pent om, men jeg mener det er riktig \u00e5 gi fansen den virkelige forklaringen p\u00e5 hva som skjedde. Dere og byen Istanbul vil alltid forbli i mitt hjerte, og jeg \u00f8nsker dere alt godt, i dag og i fremtiden, skriver mannen som i flere \u00e5r var spansk landslagskaptein.<\/p>\n","protected":false},"excerpt":{"rendered":"Fotballstjernen Alvaro Morata raser mot Galatasaray og hevder \u00abgrunnleggende verdier ikke ble respektert\u00bb f\u00f8r l\u00e5neperioden hans tok en&hellip;\n","protected":false},"author":2,"featured_media":6662,"comment_status":"","ping_status":"","sticky":false,"template":"","format":"standard","meta":{"footnotes":""},"categories":[59],"tags":[1503,1502,30,28,29,83,82],"class_list":{"0":"post-6661","1":"post","2":"type-post","3":"status-publish","4":"format-standard","5":"has-post-thumbnail","7":"category-sport","8":"tag-como-calcio","9":"tag-galatasaray","10":"tag-no","11":"tag-norge","12":"tag-norway","13":"tag-sport","14":"tag-sports"},"share_on_mastodon":{"url":"","error":""},"_links":{"self":[{"href":"https:\/\/www.europesays.com\/no\/wp-json\/wp\/v2\/posts\/6661","targetHints":{"allow":["GET"]}}],"collection":[{"href":"https:\/\/www.europesays.com\/no\/wp-json\/wp\/v2\/posts"}],"about":[{"href":"https:\/\/www.europesays.com\/no\/wp-json\/wp\/v2\/types\/post"}],"author":[{"embeddable":true,"href":"https:\/\/www.europesays.com\/no\/wp-json\/wp\/v2\/users\/2"}],"replies":[{"embeddable":true,"href":"https:\/\/www.europesays.com\/no\/wp-json\/wp\/v2\/comments?post=6661"}],"version-history":[{"count":0,"href":"https:\/\/www.europesays.com\/no\/wp-json\/wp\/v2\/posts\/6661\/revisions"}],"wp:featuredmedia":[{"embeddable":true,"href":"https:\/\/www.europesays.com\/no\/wp-json\/wp\/v2\/media\/6662"}],"wp:attachment":[{"href":"https:\/\/www.europesays.com\/no\/wp-json\/wp\/v2\/media?parent=6661"}],"wp:term":[{"taxonomy":"category","embeddable":true,"href":"https:\/\/www.europesays.com\/no\/wp-json\/wp\/v2\/categories?post=6661"},{"taxonomy":"post_tag","embeddable":true,"href":"https:\/\/www.europesays.com\/no\/wp-json\/wp\/v2\/tags?post=6661"}],"curies":[{"name":"wp","href":"https:\/\/api.w.org\/{rel}","templated":true}]}}