{"id":66617,"date":"2025-10-21T21:09:12","date_gmt":"2025-10-21T21:09:12","guid":{"rendered":"https:\/\/www.europesays.com\/no\/66617\/"},"modified":"2025-10-21T21:09:12","modified_gmt":"2025-10-21T21:09:12","slug":"haaland-scoret-i-tolvte-kamp-pa-rad-da-manchester-city-komfortabelt-slo-villarreal","status":"publish","type":"post","link":"https:\/\/www.europesays.com\/no\/66617\/","title":{"rendered":"Haaland scoret i tolvte kamp p\u00e5 rad da Manchester City komfortabelt slo Villarreal"},"content":{"rendered":"\n<p class=\"_lead_o9xde_2 _lead_xtcu6_50 layout-component text-serif-m layout-normal text-serif-l layout-component layout-wide layout-padded _wide_17hqh_1 layout-padded\">En fantastisk fotballh\u00f8st fortsetter og fortsetter for Erling Braut Haaland.<\/p>\n<p><img alt=\"Erling Braut Haaland klarer ikke slutte \u00e5 score. Foto: JAVIER SORIANO \/ AFP \/ NTB\" class=\"_image_qp4xg_65 layout-component layout-wide\" data-fullscreen- data-track-element-type=\"Article image fullscreen\" data-track-name=\"ImageFullscreen\" fetchpriority=\"high\" decoding=\"sync\" loading=\"eager\" height=\"2557\" itemprop=\"image\"  src=\"https:\/\/www.europesays.com\/no\/wp-content\/uploads\/2025\/10\/fa992930-b55c-4628-b661-3e3d3f3c1d6a\"  style=\"object-position:0% 0%\" width=\"3836\"\/>Erling Braut Haaland klarer ikke slutte \u00e5 score. Foto: JAVIER SORIANO \/ AFP \/ NTB<\/p>\n<ul aria-hidden=\"true\" class=\"_images_18f0k_111\">\n<li><a class=\"_link_18f0k_116\" href=\"https:\/\/www.vg.no\/forfatter\/eirik-soerenmo-paasche\" style=\"z-index:1\" title=\"Eirik S\u00f8renmo P\u00e5sche\" rel=\"nofollow noopener\" target=\"_blank\"><img alt=\"Bilde av Eirik S\u00f8renmo P\u00e5sche\" class=\"_image_18f0k_93\" fetchpriority=\"low\" loading=\"lazy\" decoding=\"async\" itemprop=\"image\"  src=\"https:\/\/www.europesays.com\/no\/wp-content\/uploads\/2025\/10\/1761080948_880_cfda420f-d23e-4c6c-b420-faa95e9679ed\"  width=\"480\"\/><\/a><\/li>\n<\/ul>\n<p> Oppdatert tirsdag 21. oktober kl. 23:01    <\/p>\n<ul class=\"_list_o9xde_3 _list_64s2r_85 _unordered_o9xde_106 text-sans-m\">\n<li class=\"_item_o9xde_30\">Erling Braut Haaland scoret igjen da Manchester City slo Villarreal 2\u20130 i Champions League.<\/li>\n<li class=\"_item_o9xde_30\">Haaland har n\u00e5 scoret i tolv strake kamper og st\u00e5r med 53 Champions League-m\u00e5l p\u00e5 51 kamper, bare tre bak Ruud van Nistelrooy.<\/li>\n<li class=\"_item_o9xde_30\">Bernardo Silva scoret ogs\u00e5 for Manchester City.<\/li>\n<\/ul>\n<p>Vis mer <\/p>\n<p class=\"_paragraph_o9xde_4 _paragraph_xtcu6_10 layout-component text-serif-m layout-normal text-serif-m layout-padded\">Etter \u00e5 ha bommet p\u00e5 en god mulighet tidligere i kampen, sendte Haaland de lysebl\u00e5 i ledelsen mot Villarreal.<\/p>\n<p class=\"_paragraph_o9xde_4 _paragraph_xtcu6_10 layout-component text-serif-m layout-normal text-serif-m layout-padded\">Dermed har Haaland scoret i tolv kamper p\u00e5 rad for klubb- og landslag.<\/p>\n<p class=\"_paragraph_o9xde_4 _paragraph_xtcu6_10 layout-component text-serif-m layout-normal text-serif-m layout-padded\">\u2013 Tallene er forbl\u00f8ffende. De er svimlende, sa TV 2s kommentator Espen Ween etter m\u00e5let.<\/p>\n<p><img alt=\"Nicolas Pepe og Villarreal fikk lite til \u00e5 stemme mot Pep Guardiolas menn.  Foto: Pablo Morano \/ Reuters \/ NTB\" class=\"_image_qp4xg_65 layout-component layout-normal\" data-fullscreen- data-track-element-type=\"Article image fullscreen\" data-track-name=\"ImageFullscreen\" decoding=\"async\" loading=\"lazy\" height=\"2366\" itemprop=\"image\"  src=\"https:\/\/www.europesays.com\/no\/wp-content\/uploads\/2025\/10\/580a6046-02b7-477f-9dbd-9954c8fd4f50\"  style=\"object-position:0% 0%\" width=\"3550\"\/>Nicolas Pepe og Villarreal fikk lite til \u00e5 stemme mot Pep Guardiolas menn.  Foto: Pablo Morano \/ Reuters \/ NTB<\/p>\n<p class=\"_paragraph_o9xde_4 _paragraph_xtcu6_10 layout-component text-serif-m layout-normal text-serif-m layout-padded\">J\u00e6rbuen satte ogs\u00e5 sitt <a href=\"https:\/\/www.vg.no\/tag\/champions-league?utm_source=vg-article&amp;utm_medium=auto-tagger&amp;utm_campaign=kw4w1j\" class=\"_link_o9xde_39\" rel=\"nofollow noopener\" target=\"_blank\">Champions League<\/a>-m\u00e5l nummer 53 p\u00e5 51 kamper da Manchester City komfortabelt vant i Spania.<\/p>\n<p class=\"_paragraph_o9xde_4 _paragraph_xtcu6_10 layout-component text-serif-m layout-normal text-serif-m layout-padded\">Med det er han tre m\u00e5l bak Ruud van Nistelrooy p\u00e5 \u00e5ttendeplass blant tidenes m\u00e5lscorere i den gjeve turneringen.<\/p>\n<p class=\"_paragraph_o9xde_4 _paragraph_xtcu6_10 layout-component text-serif-m layout-normal text-serif-m layout-padded\">City vant til slutt 2\u20130. Bernardo Silva scoret det andre for de lysebl\u00e5.<\/p>\n<p><img alt=\"City er i rute med tanke p\u00e5 avansement i Champions League.  Foto: Nicola Mastronardi\/IPA Sport \/ ipa-agency.net \/ Pa Photos \/ NTB\" class=\"_image_qp4xg_65 layout-component layout-normal\" data-fullscreen- data-track-element-type=\"Article image fullscreen\" data-track-name=\"ImageFullscreen\" decoding=\"async\" loading=\"lazy\" height=\"2731\" itemprop=\"image\"  src=\"https:\/\/www.europesays.com\/no\/wp-content\/uploads\/2025\/10\/75bf61d9-7bc5-4236-bcdc-d834fa0e38d3\"  style=\"object-position:0% 0%\" width=\"4096\"\/>City er i rute med tanke p\u00e5 avansement i Champions League.  Foto: Nicola Mastronardi\/IPA Sport \/ ipa-agency.net \/ Pa Photos \/ NTB<\/p>\n<p class=\"_paragraph_o9xde_4 _paragraph_xtcu6_10 layout-component text-serif-m layout-normal text-serif-m layout-padded\">Haaland har hatt en eventyrlig start p\u00e5 sesongen.<\/p>\n<p class=\"_paragraph_o9xde_4 _paragraph_xtcu6_10 layout-component text-serif-m layout-normal text-serif-m layout-padded\">Han har allerede notert seg for 24 m\u00e5l p\u00e5 14 kamper, <a href=\"https:\/\/www.vg.no\/sport\/i\/Ey30q5\/premier-league-erling-braut-haaland-sin-beste-hoest\" data-track-element-type=\"Link\" data-track-id=\"link:Ey30q5\" class=\"_link_o9xde_39\" rel=\"nofollow noopener\" target=\"_blank\">noe som er hans villeste sesongstart noensinne<\/a>.<\/p>\n<p>Haalands h\u00f8st<\/p>\n<p class=\"_paragraph_o9xde_4 _paragraph_xtcu6_10 _paragraph_16v91_10 layout-component text-serif-m layout-normal text-sans-m layout-padded\"><strong class=\"_strong_o9xde_25\">16. august:<\/strong>\u00a02 m\u00e5l mot Wolverhampton<\/p>\n<p class=\"_paragraph_o9xde_4 _paragraph_xtcu6_10 _paragraph_16v91_10 layout-component text-serif-m layout-normal text-sans-m layout-padded\"><strong class=\"_strong_o9xde_25\">23. august:<\/strong>\u00a00 m\u00e5l (!) mot Tottenham<\/p>\n<p class=\"_paragraph_o9xde_4 _paragraph_xtcu6_10 _paragraph_16v91_10 layout-component text-serif-m layout-normal text-sans-m layout-padded\"><strong class=\"_strong_o9xde_25\">31 august:<\/strong>\u00a01 m\u00e5l mot Brighton<\/p>\n<p class=\"_paragraph_o9xde_4 _paragraph_xtcu6_10 _paragraph_16v91_10 layout-component text-serif-m layout-normal text-sans-m layout-padded\"><strong class=\"_strong_o9xde_25\">4. september:\u00a0<\/strong>1 m\u00e5l mot Finland<\/p>\n<p class=\"_paragraph_o9xde_4 _paragraph_xtcu6_10 _paragraph_16v91_10 layout-component text-serif-m layout-normal text-sans-m layout-padded\"><strong class=\"_strong_o9xde_25\">9. september:\u00a0<\/strong>5 m\u00e5l mot Moldova<\/p>\n<p class=\"_paragraph_o9xde_4 _paragraph_xtcu6_10 _paragraph_16v91_10 layout-component text-serif-m layout-normal text-sans-m layout-padded\"><strong class=\"_strong_o9xde_25\">14. september:\u00a0<\/strong>2 m\u00e5l mot Manchester United<\/p>\n<p class=\"_paragraph_o9xde_4 _paragraph_xtcu6_10 _paragraph_16v91_10 layout-component text-serif-m layout-normal text-sans-m layout-padded\"><strong class=\"_strong_o9xde_25\">18. september:<\/strong>\u00a01 m\u00e5l mot Napoli<\/p>\n<p class=\"_paragraph_o9xde_4 _paragraph_xtcu6_10 _paragraph_16v91_10 layout-component text-serif-m layout-normal text-sans-m layout-padded\"><strong class=\"_strong_o9xde_25\">21. september:<\/strong>\u00a01 m\u00e5l mot Arsenal<\/p>\n<p class=\"_paragraph_o9xde_4 _paragraph_xtcu6_10 _paragraph_16v91_10 layout-component text-serif-m layout-normal text-sans-m layout-padded\"><strong class=\"_strong_o9xde_25\">27. september:<\/strong>\u00a02 m\u00e5l mot Burnley<\/p>\n<p class=\"_paragraph_o9xde_4 _paragraph_xtcu6_10 _paragraph_16v91_10 layout-component text-serif-m layout-normal text-sans-m layout-padded\"><strong class=\"_strong_o9xde_25\">1. oktober:<\/strong>\u00a02 m\u00e5l mot Monaco<\/p>\n<p class=\"_paragraph_o9xde_4 _paragraph_xtcu6_10 _paragraph_16v91_10 layout-component text-serif-m layout-normal text-sans-m layout-padded\"><strong class=\"_strong_o9xde_25\">5. oktober:<\/strong>\u00a01 m\u00e5l mot Brentford<\/p>\n<p class=\"_paragraph_o9xde_4 _paragraph_xtcu6_10 _paragraph_16v91_10 layout-component text-serif-m layout-normal text-sans-m layout-padded\"><strong class=\"_strong_o9xde_25\">11. oktober:<\/strong>\u00a03 m\u00e5l mot Israel<\/p>\n<p class=\"_paragraph_o9xde_4 _paragraph_xtcu6_10 _paragraph_16v91_10 layout-component text-serif-m layout-normal text-sans-m layout-padded\"><strong class=\"_strong_o9xde_25\">18. oktober:<\/strong>\u00a02 m\u00e5l mot Everton<\/p>\n<p class=\"_paragraph_o9xde_4 _paragraph_xtcu6_10 _paragraph_16v91_10 layout-component text-serif-m layout-normal text-sans-m layout-padded\"><strong class=\"_strong_o9xde_25\">21. oktober:<\/strong> 1 m\u00e5l mot Villarreal<\/p>\n<p>Vis mer<\/p>\n<p class=\"_paragraph_o9xde_4 _paragraph_xtcu6_10 layout-component text-serif-m layout-normal text-serif-m layout-padded\">City tok f\u00f8ringen mot den gule ub\u00e5ten umiddelbart, og holdt p\u00e5 \u00e5 score allerede etter 25 sekunder, men Luiz Junior hindret Jeremy Dokus fors\u00f8k.<\/p>\n<p class=\"_paragraph_o9xde_4 _paragraph_xtcu6_10 layout-component text-serif-m layout-normal text-serif-m layout-padded\">To minutter senere steg Haaland til v\u00e6rs, helt upresset i feltet. Headingen hans gikk utenfor m\u00e5l, til nordmannens store frustrasjon.<\/p>\n<p><img alt=\"Haaland var lite forn\u00f8yd da han brente en god mulighet tidlig i kampen.  Foto: Alberto Saiz \/ AP \/ NTB\" class=\"_image_qp4xg_65 layout-component layout-normal\" data-fullscreen- data-track-element-type=\"Article image fullscreen\" data-track-name=\"ImageFullscreen\" decoding=\"async\" loading=\"lazy\" height=\"1656\" itemprop=\"image\"  src=\"https:\/\/www.europesays.com\/no\/wp-content\/uploads\/2025\/10\/f7700381-0ea2-499d-b748-eb1e0619baee\"  style=\"object-position:0% 0%\" width=\"2484\"\/>Haaland var lite forn\u00f8yd da han brente en god mulighet tidlig i kampen.  Foto: Alberto Saiz \/ AP \/ NTB<\/p>\n<p class=\"_paragraph_o9xde_4 _paragraph_xtcu6_10 layout-component text-serif-m layout-normal text-serif-m layout-padded\">Men han m\u00e5tte ikke vente lenge f\u00f8r han kunne slippe l\u00f8s jubelen.<\/p>\n<ul class=\"_list_o9xde_3 _list_xtcu6_9 _unordered_o9xde_106 layout-component text-serif-m layout-normal text-serif-m layout-padded\">\n<li class=\"_item_o9xde_30\">Etter 17 minutter l\u00f8p Rico Lewis seg fri p\u00e5 h\u00f8yrekanten, og slo inn. Haaland satte p\u00e5 turboen, kom seg foran Juan Foyth og bredsidet inn 1\u20130 med h\u00f8yrebeinet.<\/li>\n<\/ul>\n<p class=\"_paragraph_o9xde_4 _paragraph_xtcu6_10 layout-component text-serif-m layout-normal text-serif-m layout-padded\">\u2013 Den eneste personen som er p\u00e5 t\u00e6rne er Erling Braut Haaland. Han vet n\u00e5r ballen kommer og kommer seg foran Juan Foyth, sa tidligere Real Madrid-spiller Steven McManaman til <a href=\"https:\/\/www.bbc.com\/sport\/football\/live\/cn5q6rry9lpt?post=asset%3Adaac2a30-b6cb-4b39-a78a-bfe3329cd939#post\" class=\"_link_o9xde_39\" rel=\"nofollow noopener\" target=\"_blank\">BBC<\/a>.<\/p>\n<p class=\"_paragraph_o9xde_4 _paragraph_xtcu6_10 layout-component text-serif-m layout-normal text-serif-m layout-padded\">Etter m\u00e5let snudde Haaland seg mot nettopp Foyth og skrek av glede, f\u00f8r han l\u00f8p vekk og feiret med lagkameratene.<\/p>\n<p><img alt=\"Juan Foyth m\u00e5tte se Haaland banke City i ledelsen fra n\u00e6rt hold.  Foto: JAVIER SORIANO \/ AFP \/ NTB\" class=\"_image_qp4xg_65 layout-component layout-normal\" data-fullscreen- data-track-element-type=\"Article image fullscreen\" data-track-name=\"ImageFullscreen\" decoding=\"async\" loading=\"lazy\" height=\"4436\" itemprop=\"image\"  src=\"https:\/\/www.europesays.com\/no\/wp-content\/uploads\/2025\/10\/cbca3cd7-1e2f-4469-9b5f-95b37390904b\"  style=\"object-position:0% 0%\" width=\"6654\"\/>Juan Foyth m\u00e5tte se Haaland banke City i ledelsen fra n\u00e6rt hold.  Foto: JAVIER SORIANO \/ AFP \/ NTB<\/p>\n<p class=\"_paragraph_o9xde_4 _paragraph_xtcu6_10 layout-component text-serif-m layout-normal text-serif-m layout-padded\">City var til tider helt overlegne p\u00e5 Estadio de la Ceramica. Etter 40 minutter kom den andre scoringen.<\/p>\n<ul class=\"_list_o9xde_3 _list_xtcu6_9 _unordered_o9xde_106 layout-component text-serif-m layout-normal text-serif-m layout-padded\">\n<li class=\"_item_o9xde_30\">Savinho sto helt i ro p\u00e5 kanten av 16-meteren f\u00f8r han la ballen til rette og slo inn. Rett foran m\u00e5l kom Bernardo Silva helt alene med alle sine 173 centimetere i full fart og stanget inn 2\u20130.<\/li>\n<\/ul>\n<p class=\"_paragraph_o9xde_4 _paragraph_xtcu6_10 layout-component text-serif-m layout-normal text-serif-m layout-padded\">\u2013 S\u00e5 er de selvf\u00f8lgelig ekstremt opptatt av Erling Braut Haaland der inne. Da glemmer de Bernardo Silva, sa TV 2s Ween.<\/p>\n<p><img alt=\"Bernardo Silva fikk en enkel jobb med \u00e5 doble Citys ledelse.  Foto: Nicola Mastronardi\/IPA Sport \/ ipa-agency.net \/ Pa Photos \/ NTB\" class=\"_image_qp4xg_65 layout-component layout-normal\" data-fullscreen- data-track-element-type=\"Article image fullscreen\" data-track-name=\"ImageFullscreen\" decoding=\"async\" loading=\"lazy\" height=\"2727\" itemprop=\"image\"  src=\"https:\/\/www.europesays.com\/no\/wp-content\/uploads\/2025\/10\/0c6fd89c-ddfc-4ffd-ac6a-5a9e335bacd8\"  style=\"object-position:0% 0%\" width=\"4096\"\/>Bernardo Silva fikk en enkel jobb med \u00e5 doble Citys ledelse.  Foto: Nicola Mastronardi\/IPA Sport \/ ipa-agency.net \/ Pa Photos \/ NTB<\/p>\n<p class=\"_paragraph_o9xde_4 _paragraph_xtcu6_10 layout-component text-serif-m layout-normal text-serif-m layout-padded\">I andre omgang kontrollerte City spillet, og ledelsen s\u00e5 aldri ut til \u00e5 v\u00e6re truet.<\/p>\n<p class=\"_paragraph_o9xde_4 _paragraph_xtcu6_10 layout-component text-serif-m layout-normal text-serif-m layout-padded\">Villarreal var likevel n\u00e6re redusering i det klokken tikket 90 minutter. Tani Oluwaseyi headet et hj\u00f8rnespark i stolpen, men uheldigvis for hjemmelaget spratt ballen vekk fra m\u00e5l.<\/p>\n<p class=\"_paragraph_o9xde_4 _paragraph_xtcu6_10 layout-component text-serif-m layout-normal text-serif-m layout-padded\">Dermed vant City 2\u20130 og er i god rute med tanke p\u00e5 \u00e5 g\u00e5 direkte videre fra seriespillet.<\/p>\n<p class=\"_paragraph_o9xde_4 _paragraph_xtcu6_10 layout-component text-serif-m layout-normal text-serif-m layout-padded\">\u2013 Det har v\u00e6rt s\u00e6rdeles proft gjennomf\u00f8rt av Manchester City dette, sa TV 2s Ween.<\/p>\n<p class=\"_paragraph_o9xde_4 _paragraph_xtcu6_10 layout-component text-serif-m layout-normal text-serif-m layout-padded\">Oscar Bobb ble byttet inn for City etter 73 minutter.<\/p>\n<p><img alt=\"Oscar Bobb fikk rundt 20 minutter p\u00e5 banen.  Foto: JOSE JORDAN \/ AFP \/ NTB\" class=\"_image_qp4xg_65 layout-component layout-normal\" data-fullscreen- data-track-element-type=\"Article image fullscreen\" data-track-name=\"ImageFullscreen\" decoding=\"async\" loading=\"lazy\" height=\"2616\" itemprop=\"image\"  src=\"https:\/\/www.europesays.com\/no\/wp-content\/uploads\/2025\/10\/1640d5f3-061d-48a1-aeee-af7cdcd11582\"  style=\"object-position:0% 0%\" width=\"3696\"\/>Oscar Bobb fikk rundt 20 minutter p\u00e5 banen.  Foto: JOSE JORDAN \/ AFP \/ NTB<\/p>\n<p class=\"_paragraph_o9xde_4 _paragraph_xtcu6_10 layout-component text-serif-m layout-normal text-serif-m layout-padded\">I neste kamp i Champions League tar Manchester City imot Borussia Dortmund p\u00e5 Etihad den 5. november.<\/p>\n<p class=\"_paragraph_o9xde_4 _paragraph_xtcu6_10 layout-component text-serif-m layout-normal text-serif-m layout-padded\">Villarreal drar til Kypros for \u00e5 m\u00f8te Pafos FC samme kveld.<\/p>\n","protected":false},"excerpt":{"rendered":"En fantastisk fotballh\u00f8st fortsetter og fortsetter for Erling Braut Haaland. Erling Braut Haaland klarer ikke slutte \u00e5 score.&hellip;\n","protected":false},"author":2,"featured_media":66618,"comment_status":"","ping_status":"","sticky":false,"template":"","format":"standard","meta":{"footnotes":""},"categories":[5],"tags":[20,21,706,810,24,25,92,15,19,22,23,17,18,671,13,30,28,29,14,16,26,27,480],"class_list":{"0":"post-66617","1":"post","2":"type-post","3":"status-publish","4":"format-standard","5":"has-post-thumbnail","7":"category-overskrifter","8":"tag-breaking-news","9":"tag-breakingnews","10":"tag-champions-league","11":"tag-erling-braut-haaland","12":"tag-featured-news","13":"tag-featurednews","14":"tag-fotball","15":"tag-headlines","16":"tag-hovedoppslag","17":"tag-latest-news","18":"tag-latestnews","19":"tag-main-news","20":"tag-mainnews","21":"tag-manchester-city","22":"tag-news","23":"tag-no","24":"tag-norge","25":"tag-norway","26":"tag-nyheter","27":"tag-overskrifter","28":"tag-top-stories","29":"tag-topstories","30":"tag-villarreal-cf"},"share_on_mastodon":{"url":"","error":""},"_links":{"self":[{"href":"https:\/\/www.europesays.com\/no\/wp-json\/wp\/v2\/posts\/66617","targetHints":{"allow":["GET"]}}],"collection":[{"href":"https:\/\/www.europesays.com\/no\/wp-json\/wp\/v2\/posts"}],"about":[{"href":"https:\/\/www.europesays.com\/no\/wp-json\/wp\/v2\/types\/post"}],"author":[{"embeddable":true,"href":"https:\/\/www.europesays.com\/no\/wp-json\/wp\/v2\/users\/2"}],"replies":[{"embeddable":true,"href":"https:\/\/www.europesays.com\/no\/wp-json\/wp\/v2\/comments?post=66617"}],"version-history":[{"count":0,"href":"https:\/\/www.europesays.com\/no\/wp-json\/wp\/v2\/posts\/66617\/revisions"}],"wp:featuredmedia":[{"embeddable":true,"href":"https:\/\/www.europesays.com\/no\/wp-json\/wp\/v2\/media\/66618"}],"wp:attachment":[{"href":"https:\/\/www.europesays.com\/no\/wp-json\/wp\/v2\/media?parent=66617"}],"wp:term":[{"taxonomy":"category","embeddable":true,"href":"https:\/\/www.europesays.com\/no\/wp-json\/wp\/v2\/categories?post=66617"},{"taxonomy":"post_tag","embeddable":true,"href":"https:\/\/www.europesays.com\/no\/wp-json\/wp\/v2\/tags?post=66617"}],"curies":[{"name":"wp","href":"https:\/\/api.w.org\/{rel}","templated":true}]}}