{"id":66627,"date":"2025-10-21T21:32:09","date_gmt":"2025-10-21T21:32:09","guid":{"rendered":"https:\/\/www.europesays.com\/no\/66627\/"},"modified":"2025-10-21T21:32:09","modified_gmt":"2025-10-21T21:32:09","slug":"prinsesse-estelle-vekker-oppsikt-er-nesten-like-hoy-som-prins-daniel-under-casper-ruuds-tennsifinale","status":"publish","type":"post","link":"https:\/\/www.europesays.com\/no\/66627\/","title":{"rendered":"Prinsesse Estelle vekker oppsikt &#8211; er nesten like h\u00f8y som prins Daniel under Casper Ruuds tennsifinale"},"content":{"rendered":"<p class=\"kicker \" style=\"\">Prinsesse Estelle:<\/p>\n<p>  Casper Ruud hadde kongelige tilskuere da han vant turneringen. Det var ikke bare tennisen som fikk oppmerksomhet.<\/p>\n<p>\n    TOSPANN: Prins Daniel og prinsesse Estelle er begge sv\u00e6rt opptatt av sport, og drar gjerne p\u00e5 arrangementer sammen. Foto: TT \/ NTB\n  <\/p>\n<p>De kongelige, b\u00e5de i innland og utland, tar stort sett sin oppgave p\u00e5 st\u00f8rste alvor. I noen tilfeller inneb\u00e6rer dette ansvaret at de er borte fra familiene sine i perioder, og det har v\u00e6rt tilfelle for svenske kronprinsesse Victoria (48) og prins Daniel (53).<\/p>\n<p>    <a itemprop=\"url\" href=\"https:\/\/www.seher.no\/kongelig\/rasende-pa-politiet\/83748974\" rel=\"nofollow noopener\" target=\"_blank\"><\/p>\n<p>      <img loading=\"lazy\" decoding=\"async\" src=\"https:\/\/www.europesays.com\/no\/wp-content\/uploads\/2025\/10\/83749212.webp\" width=\"980\" height=\"441\" title=\"- Rasende p\u00e5 politiet\" alt=\"\" class=\"lazyload\" style=\"--aspect-ratio-image: 2.22; \"\/><\/p>\n<p>        &#8211; Rasende p\u00e5 politiet<\/p>\n<p>    <\/a><\/p>\n<p>Nylig tilbrakte paret litt tid p\u00e5 andre siden av jordkloden, og var innom b\u00e5de Japan og S\u00f8r-Korea.<\/p>\n<p>Gjensynsgleden var trolig stor da de i helgen returnerte til Haga slott og sine barn, prinsesse Estelle (13) og prins Oscar (9).<\/p>\n<p>          <img loading=\"lazy\" decoding=\"async\" src=\"https:\/\/www.europesays.com\/no\/wp-content\/uploads\/2025\/10\/83749788.webp\" width=\"686\" height=\"529\" title=\"SEOUL: Prins Daniel og kronprinsesse Victoria s\u00e5 sv\u00e6rt blide ut da de bes\u00f8kte S\u00f8r-Korea. Foto: TT \/ NTB\" alt=\"\" class=\"\" style=\"--aspect-ratio-image: 1.30; \"\/><\/p>\n<p>\n          SEOUL: Prins Daniel og kronprinsesse Victoria s\u00e5 sv\u00e6rt blide ut da de bes\u00f8kte S\u00f8r-Korea. Foto: TT \/ NTB\n      <\/p>\n<p>If\u00f8lge <a href=\"https:\/\/www.svenskdam.se\/kungligt\/darfor-pratar-alla-om-nya-bilden-pa-estelle-detaljen-som-sticker-ut\/11084765\" rel=\"nofollow noopener\" target=\"_blank\">Svensk Damtidning<\/a> tok det ikke lang tid f\u00f8r prins Daniel og datteren fikk tilbringe litt kvalitetstid sammen. S\u00f8ndag denne helgen var de nemlig p\u00e5 tenniskamp sammen.<\/p>\n<p>&#8211; En \u00e6re\t<\/p>\n<p>Det var en aldri s\u00e5 liten storkamp duoen fikk biv\u00e5ne. Det var nemlig det norske tennistalentet Casper Ruud og franske Ugo Humbert som m\u00f8tte hverandre i Kungliga tennishallen, for \u00e5 spille finale i turneringen BNP, Paribas Nordic Open.<\/p>\n<p>        HEMMELIG: Kronprinsessens lungerehabilitering skal ha hatt en ensom start, n\u00e5r kronprinsen ikke kunne v\u00e6re til stede. Foto: NTB \/ Det kongelige hoff \/ Se og H\u00f8r \/\/ Reporter: H\u00e5vard Bj\u00f8rnerem<\/p>\n<p>Det kan se ut til at b\u00e5de Daniel og Estelle gjorde en god jobb med \u00e5 heie &#8211; da Casper vant finalen, benyttet han nemlig anledningen til \u00e5 takke de kongelige for oppm\u00f8tet.<\/p>\n<p>&#8211; Jeg vil gjerne begynne med \u00e5 si takk til Hans Kongelige H\u00f8yhet prins Daniel og din familie som kom for \u00e5 se p\u00e5 i dag. Det har v\u00e6rt en \u00e6re \u00e5 spille foran dere, sa han i takketalen.<\/p>\n<p>Men det er ikke bare den norske tennisstjernens seier som fikk oppmerksomhet etter s\u00f8ndagens kamp. Det gjorde ogs\u00e5 prinsesse Estelle!<\/p>\n<p>    <a itemprop=\"url\" href=\"https:\/\/www.seher.no\/kongelig\/bryter-aldri-loftet-til-mette-marit\/83745177\" rel=\"nofollow noopener\" target=\"_blank\"><\/p>\n<p>      <img loading=\"lazy\" decoding=\"async\" src=\"https:\/\/www.europesays.com\/no\/wp-content\/uploads\/2025\/10\/83745245.webp\" width=\"147\" height=\"98\" title=\"Bryter aldri l\u00f8ftet til Mette-Marit\" alt=\"\" class=\"lazyload\" style=\"--aspect-ratio-image: 1.50; \"\/><\/p>\n<p>        Bryter aldri l\u00f8ftet til Mette-Marit<\/p>\n<p>    <\/a><\/p>\n<p>&#8211; I rekordfart!\t<\/p>\n<p>P\u00e5 bildene tatt av henne og pappa Daniel p\u00e5 tribunen kan det nemlig se ut til at prinsessen er i ferd med \u00e5 vokse fra sin far! Her s\u00e5 det ut til at 13-\u00e5ringen nesten var like h\u00f8y som faren.<\/p>\n<p>Daniel er omtrent 180 p\u00e5 str\u00f8mpelesten, og med mindre bildene spiller oss et aldri s\u00e5 lite puss &#8211; s\u00e5 er ikke Estelle langt ifra.<\/p>\n<p>          <img loading=\"lazy\" decoding=\"async\" src=\"https:\/\/www.europesays.com\/no\/wp-content\/uploads\/2025\/10\/83749740.webp\" width=\"686\" height=\"460\" title=\"NESTEN DER: Det er ikke lenge igjen f\u00f8r Estelle tar igjen faren sin i h\u00f8yden! Foto: TT \/ NTB\" alt=\"\" class=\"\" style=\"--aspect-ratio-image: 1.49; \"\/><\/p>\n<p>\n          NESTEN DER: Det er ikke lenge igjen f\u00f8r Estelle tar igjen faren sin i h\u00f8yden! Foto: TT \/ NTB\n      <\/p>\n<p>&#8211; Se der ja, prinsesse Estelle vokser jo i rekordfart! sier Se og H\u00f8rs kongehusekspert Caroline Vagle, n\u00e5r hun f\u00e5r se bildet av Estelle og Daniel.<\/p>\n<p>&#8211; Hvis hun ikke har h\u00e6ler p\u00e5 seg, og dermed lurer oss litt, er hun jo snart p\u00e5 h\u00f8yde med sin far. De to deler ikke bare h\u00f8yden, men ogs\u00e5 interessen for sport, og er ofte \u00e5 se sammen p\u00e5 diverse sportsarrangementer.<\/p>\n<p>        \u00d8NSKET RO: Under fylkesbes\u00f8ket tidligere i h\u00f8st, p\u00e5pekte kronprinsesse Mette-Marit at hun \u00f8nsket ro under behandlingen, likevel dukker hun opp. Video: NTB \/\/ Foto: NTB \/\/ Reporter: Caroline Vagle<\/p>\n<p>&#8211; I dette tilfellet fikk de se den norske tenniskongen Casper Ruud i aksjon, noe han uttrykte at han satte stor pris p\u00e5. Tipper gleden var gjensidig! avslutter Vagle.<\/p>\n","protected":false},"excerpt":{"rendered":"Prinsesse Estelle: Casper Ruud hadde kongelige tilskuere da han vant turneringen. Det var ikke bare tennisen som fikk&hellip;\n","protected":false},"author":2,"featured_media":66628,"comment_status":"","ping_status":"","sticky":false,"template":"","format":"standard","meta":{"footnotes":""},"categories":[58],"tags":[908,4104,71,9526,76,30,28,29,6899,6902,9525,72],"class_list":{"0":"post-66627","1":"post","2":"type-post","3":"status-publish","4":"format-standard","5":"has-post-thumbnail","7":"category-underholdning","8":"tag-casper-ruud","9":"tag-eksklusivt","10":"tag-entertainment","11":"tag-hoyde","12":"tag-kongelig","13":"tag-no","14":"tag-norge","15":"tag-norway","16":"tag-prins-daniel","17":"tag-prinsesse-estelle","18":"tag-tenniskamp","19":"tag-underholdning"},"share_on_mastodon":{"url":"","error":""},"_links":{"self":[{"href":"https:\/\/www.europesays.com\/no\/wp-json\/wp\/v2\/posts\/66627","targetHints":{"allow":["GET"]}}],"collection":[{"href":"https:\/\/www.europesays.com\/no\/wp-json\/wp\/v2\/posts"}],"about":[{"href":"https:\/\/www.europesays.com\/no\/wp-json\/wp\/v2\/types\/post"}],"author":[{"embeddable":true,"href":"https:\/\/www.europesays.com\/no\/wp-json\/wp\/v2\/users\/2"}],"replies":[{"embeddable":true,"href":"https:\/\/www.europesays.com\/no\/wp-json\/wp\/v2\/comments?post=66627"}],"version-history":[{"count":0,"href":"https:\/\/www.europesays.com\/no\/wp-json\/wp\/v2\/posts\/66627\/revisions"}],"wp:featuredmedia":[{"embeddable":true,"href":"https:\/\/www.europesays.com\/no\/wp-json\/wp\/v2\/media\/66628"}],"wp:attachment":[{"href":"https:\/\/www.europesays.com\/no\/wp-json\/wp\/v2\/media?parent=66627"}],"wp:term":[{"taxonomy":"category","embeddable":true,"href":"https:\/\/www.europesays.com\/no\/wp-json\/wp\/v2\/categories?post=66627"},{"taxonomy":"post_tag","embeddable":true,"href":"https:\/\/www.europesays.com\/no\/wp-json\/wp\/v2\/tags?post=66627"}],"curies":[{"name":"wp","href":"https:\/\/api.w.org\/{rel}","templated":true}]}}