{"id":66651,"date":"2025-10-21T22:59:17","date_gmt":"2025-10-21T22:59:17","guid":{"rendered":"https:\/\/www.europesays.com\/no\/66651\/"},"modified":"2025-10-21T22:59:17","modified_gmt":"2025-10-21T22:59:17","slug":"mygg-funnet-pa-island-for-forste-gang-2","status":"publish","type":"post","link":"https:\/\/www.europesays.com\/no\/66651\/","title":{"rendered":"Mygg funnet p\u00e5 Island for f\u00f8rste gang"},"content":{"rendered":"<p>  H\u00f8yre ber finansminister Jens Stoltenberg (Ap) ta mer ansvar etter budsjettkaoset.<\/p>\n<p>\n    BUDSJETTKAOS: Finansminister Jens Stoltenberg dukket forrige uke opp utenfor Finansdepartementet med det sylferske budsjettet, som n\u00e5 har f\u00e5tt kritikk. Foto: John T. Pedersen \/ Dagbladet\n  <\/p>\n<p>Timer etter at det ble klart at <a href=\"https:\/\/www.dagbladet.no\/nyheter\/tar-det-pa-alvor\/83752239\" rel=\"nofollow noopener\" target=\"_blank\">Arbeiderpartiet gj\u00f8r helomvending<\/a>\u00a0i budsjettstriden,\u00a0retter H\u00f8yres Henrik Asheim pekefingeren mot mannen bak budsjettet: Jens Stoltenberg.<\/p>\n<p> &#8211; Jeg syns det er flott at Tuva Moflag (Aps finanspolitiske talsperson) st\u00e5r her, men hvor er finansministeren? Finansministeren har lagt fram et budsjett som har skapt totalt kaos p\u00e5 Stortinget, sa H\u00f8yres nestleder Henrik Asheim i NRKs \u00abDebatten\u00bb tirsdag kveld.<\/p>\n<p>Overfor Dagbladet utdyper Asheim at han mener Stoltenberg har v\u00e6rt lite til stede gjennom hele prosessen.<\/p>\n<p>&#8211; Jeg mener det er merkbart hvor frav\u00e6rende Stoltenberg som finansminister har v\u00e6rt i alt dette br\u00e5ket, sier Asheim.<\/p>\n<p>          <img loading=\"lazy\" decoding=\"async\" src=\"https:\/\/www.europesays.com\/no\/wp-content\/uploads\/2025\/10\/83360203.webp\" width=\"686\" height=\"392\" title=\"- BOKPROMOTERING OG SKAVLAN: H\u00f8yre-nestleder Henrik Asheim kritiserer Jens Stoltenbergs frav\u00e6r og tidsbruk. Foto: Kristian Ridder-Nielsen\/Dagbladet\" alt=\"\" class=\"\" style=\"--aspect-ratio-image: 1.75; \"\/><\/p>\n<p>\n          &#8211; BOKPROMOTERING OG SKAVLAN: H\u00f8yre-nestleder Henrik Asheim kritiserer Jens Stoltenbergs frav\u00e6r og tidsbruk. Foto: Kristian Ridder-Nielsen\/Dagbladet\n      <\/p>\n<p>          <img loading=\"lazy\" decoding=\"async\" src=\"https:\/\/www.europesays.com\/no\/wp-content\/uploads\/2025\/10\/83753508.webp\" width=\"686\" height=\"392\" title=\"TAR DET P\u00c5 ALVOR: - N\u00e5r vi ser at vi har lovet noe som ikke har blitt fulgt opp, s\u00e5 tar vi det p\u00e5 alvor, sa Aps finanspolitiske talsperson, Tuva Moflag, tirsdag kveld. Foto: Terje Pedersen \/ NTB\" alt=\"\" class=\"\" style=\"--aspect-ratio-image: 1.75; \"\/><\/p>\n<p>\n          TAR DET P\u00c5 ALVOR: &#8211; N\u00e5r vi ser at vi har lovet noe som ikke har blitt fulgt opp, s\u00e5 tar vi det p\u00e5 alvor, sa Aps finanspolitiske talsperson, Tuva Moflag, tirsdag kveld. Foto: Terje Pedersen \/ NTB\n      <\/p>\n<p>&#8211; Har visst det  <\/p>\n<p>Onsdag forrige uke la Stoltenberg fram sitt f\u00f8rste statsbudsjett siden 1997. Samme dag gikk budsjettpartner Trygve Slagsvold Vedum (Sp) ut og anklagde Ap for l\u00f8ftebrudd.<\/p>\n<p> Valgl\u00f8ftene om gratis ferje og sletting av studiel\u00e5n kom mens regjeringen visste at de kom til \u00e5 kutte i det i budsjettet. <\/p>\n<p>&#8211; \u00c9n statsr\u00e5d har i hvert fall visst det, og det er Jens Stoltenberg, mener Asheim.<\/p>\n<p> Statsministeren og en rekke statsr\u00e5der har beklagd, og tirsdag har partiet snudd i saken. Stoltenberg har ikke uttalt seg.\u00a0<\/p>\n<p>Asheim peker p\u00e5 at Stoltenberg er p\u00e5 talkshow og bokpromotering mens Ap har krisem\u00f8ter og pressekonferanser.<\/p>\n<p> &#8211; Han har alts\u00e5 tatt ut feriedager for \u00e5 signere b\u00f8ker, mens budsjettet hans er i ferd med \u00e5 falle fra hverandre i Stortinget, sier H\u00f8yre-toppen.<\/p>\n<p class=\"italic m-italic\" data-lab-italic=\"italic\"> Finansdepartementet har forel\u00f8pig ikke besvart Dagbladets henvendelser. <\/p>\n<p>    <a itemprop=\"url\" href=\"https:\/\/www.dagbladet.no\/nyheter\/etter-krisemote-melder-om-forsoning\/83752739\" rel=\"nofollow noopener\" target=\"_blank\"><\/p>\n<p>      <img loading=\"lazy\" decoding=\"async\" src=\"https:\/\/www.europesays.com\/no\/wp-content\/uploads\/2025\/10\/83715585.webp\" width=\"980\" height=\"441\" title=\"Etter krisem\u00f8te: Melder om forsoning\" alt=\"\" class=\"lazyload\" style=\"--aspect-ratio-image: 2.22; \"\/><\/p>\n<p>        Etter krisem\u00f8te: Melder om forsoning<\/p>\n<p>    <\/a><\/p>\n<p>Boksalg og Skavlan  <\/p>\n<p>If\u00f8lge\u00a0<a href=\"https:\/\/e24.no\/norsk-oekonomi\/i\/LMv5LP\/dro-paa-bokturne-midt-i-budsjettstorm\" rel=\"nofollow noopener\" target=\"_blank\">E24<\/a>\u00a0har Stoltenberg tatt ut noen feriedager for \u00e5 promotere sin nye bok \u00abP\u00e5 min vakt\u00bb i flere europeiske land.<\/p>\n<p class=\"font-weight-bold m-font-weight-bold\" data-lab-font_weight=\"font-weight-bold\">Tirsdag er finansministeren i Stockholm. Her deltar han p\u00e5 Fredrik Skavlans talkshow, f\u00f8r han reiser hjem tirsdag kveld, opplyser Finansdepartementet.<\/p>\n<p> &#8211; Finansministeren har deltatt i regjeringens arbeid med statsbudsjettet siden det ble lagt frem onsdag i forrige uke. Fra fredag har han v\u00e6rt p\u00e5 en lenge planlagt reise for \u00e5 lansere boken sin, og hatt en rekke offentlige opptredener i den forbindelse, skriver statssekret\u00e6r Sissel Kruse Larsen i en e-post til E24.<\/p>\n<p>Onsdag har Stortinget sin f\u00f8rste sp\u00f8rretime i den nye stortingsperioden. Her deltar justis- og beredskapsministeren og arbeids- og inkluderingsministeren. Det er ogs\u00e5 H\u00f8yre-nestlederen skeptisk til.<\/p>\n<p>        BUDSJETT-BR\u00c5K: Arbeiderpartiet snur om kuttet av studiegjeldssletteordningen og ordningen med gratis ferjer. Video: Christina Holen Korneliussen\/Dagbladet<\/p>\n<p>&#8211; Normalt er det ogs\u00e5 statsministeren eller finansministeren som m\u00f8ter i f\u00f8rste sp\u00f8rretime etter at budsjettet er lagt fram. Men det passet tydeligvis ikke for noen av dem, sier Asheim.<\/p>\n<p>Har ingen pengeplan<\/p>\n<p>P\u00e5 NRKs \u00abDebatten\u00bb spurte H\u00f8yre-nestlederen hvor Arbeiderpartiet skal ta pengene fra, n\u00e5r de n\u00e5 lover \u00e5 bruke \u00e9n milliard til p\u00e5 \u00e5 rette opp brutte valgl\u00f8fter.<\/p>\n<p>Tuva Moflag (Ap) hadde ikke et klart svar p\u00e5 det. Hun\u00a0<a href=\"https:\/\/www.dagbladet.no\/nyheter\/tar-det-pa-alvor\/83752239\" rel=\"nofollow noopener\" target=\"_blank\">sier tirsdag kveld til Dagbladet at<\/a>\u00a0Ap blir \u00abn\u00f8dt til \u00e5 finne r\u00e5d til\u00bb reverseringen.<\/p>\n<p>&#8211; Det aller viktigste l\u00f8ftet som Ap ga, handlet om trygg \u00f8konomisk styring og ansvarlig pengebruk. Derfor m\u00e5 vi n\u00e5 bruke litt tid p\u00e5 \u00e5 finne inndekning til disse to l\u00f8ftene, og det trenger vi til \u00e5 bruke litt mer tid p\u00e5 enn denne ettermiddagen, sier Moflag, som er finanspolitisk talsperson for Ap.<\/p>\n<p class=\"italic m-italic\" data-lab-italic=\"italic\">&#8211; Hvilke felt kan dette g\u00e5 utover?<\/p>\n<p class=\"font-weight-bold m-font-weight-bold\" data-lab-font_weight=\"font-weight-bold\">&#8211; Det m\u00e5 vi komme tilbake til.<\/p>\n","protected":false},"excerpt":{"rendered":"H\u00f8yre ber finansminister Jens Stoltenberg (Ap) ta mer ansvar etter budsjettkaoset. BUDSJETTKAOS: Finansminister Jens Stoltenberg dukket forrige uke&hellip;\n","protected":false},"author":2,"featured_media":66652,"comment_status":"","ping_status":"","sticky":false,"template":"","format":"standard","meta":{"footnotes":""},"categories":[12],"tags":[20,21,24,25,15,7452,22,23,4350,13,30,28,29,14,16,4005,26,27,412,42,43,44,45],"class_list":{"0":"post-66651","1":"post","2":"type-post","3":"status-publish","4":"format-standard","5":"has-post-thumbnail","7":"category-verden","8":"tag-breaking-news","9":"tag-breakingnews","10":"tag-featured-news","11":"tag-featurednews","12":"tag-headlines","13":"tag-island","14":"tag-latest-news","15":"tag-latestnews","16":"tag-mygg","17":"tag-news","18":"tag-no","19":"tag-norge","20":"tag-norway","21":"tag-nyheter","22":"tag-overskrifter","23":"tag-some","24":"tag-top-stories","25":"tag-topstories","26":"tag-utenriks","27":"tag-verden","28":"tag-world","29":"tag-world-news","30":"tag-worldnews"},"share_on_mastodon":{"url":"","error":""},"_links":{"self":[{"href":"https:\/\/www.europesays.com\/no\/wp-json\/wp\/v2\/posts\/66651","targetHints":{"allow":["GET"]}}],"collection":[{"href":"https:\/\/www.europesays.com\/no\/wp-json\/wp\/v2\/posts"}],"about":[{"href":"https:\/\/www.europesays.com\/no\/wp-json\/wp\/v2\/types\/post"}],"author":[{"embeddable":true,"href":"https:\/\/www.europesays.com\/no\/wp-json\/wp\/v2\/users\/2"}],"replies":[{"embeddable":true,"href":"https:\/\/www.europesays.com\/no\/wp-json\/wp\/v2\/comments?post=66651"}],"version-history":[{"count":0,"href":"https:\/\/www.europesays.com\/no\/wp-json\/wp\/v2\/posts\/66651\/revisions"}],"wp:featuredmedia":[{"embeddable":true,"href":"https:\/\/www.europesays.com\/no\/wp-json\/wp\/v2\/media\/66652"}],"wp:attachment":[{"href":"https:\/\/www.europesays.com\/no\/wp-json\/wp\/v2\/media?parent=66651"}],"wp:term":[{"taxonomy":"category","embeddable":true,"href":"https:\/\/www.europesays.com\/no\/wp-json\/wp\/v2\/categories?post=66651"},{"taxonomy":"post_tag","embeddable":true,"href":"https:\/\/www.europesays.com\/no\/wp-json\/wp\/v2\/tags?post=66651"}],"curies":[{"name":"wp","href":"https:\/\/api.w.org\/{rel}","templated":true}]}}