{"id":66657,"date":"2025-10-21T23:17:09","date_gmt":"2025-10-21T23:17:09","guid":{"rendered":"https:\/\/www.europesays.com\/no\/66657\/"},"modified":"2025-10-21T23:17:09","modified_gmt":"2025-10-21T23:17:09","slug":"britney-spears-raser-mot-eksmannen-ekstremt-sarende","status":"publish","type":"post","link":"https:\/\/www.europesays.com\/no\/66657\/","title":{"rendered":"Britney Spears raser mot eksmannen: \u2013 Ekstremt s\u00e5rende"},"content":{"rendered":"\n<p class=\"_lead_o9xde_2 _lead_xtcu6_50 layout-component text-serif-m layout-normal text-serif-l layout-component layout-wide layout-padded _wide_17hqh_1 layout-padded\">De har to s\u00f8nner sammen, n\u00e5 krangler de offentlig med anklager i en bok og innlegg p\u00e5 Instagram.<\/p>\n<p><img alt=\"Her er Kevin Federline og Britney Spears p\u00e5 Grammy-utdelingen i Beverly Hills 8. februar 2006. Foto: Danny Moloshok \/ AP \/ NTB\" class=\"_image_qp4xg_65 layout-component layout-wide\" data-fullscreen- data-track-element-type=\"Article image fullscreen\" data-track-name=\"ImageFullscreen\" fetchpriority=\"high\" decoding=\"sync\" loading=\"eager\" height=\"2220\" itemprop=\"image\"  src=\"https:\/\/www.europesays.com\/no\/wp-content\/uploads\/2025\/10\/2f4cefba-801b-431b-b178-5d51c0179f91\"  style=\"object-position:0% 0%\" width=\"3092\"\/>Her er Kevin Federline og Britney Spears p\u00e5 Grammy-utdelingen i Beverly Hills 8. februar 2006. Foto: Danny Moloshok \/ AP \/ NTB<\/p>\n<ul aria-hidden=\"true\" class=\"_images_18f0k_111\">\n<li><a class=\"_link_18f0k_116\" href=\"https:\/\/www.vg.no\/forfatter\/bastian-lunde-hvitmyhr\" style=\"z-index:1\" title=\"Bastian Lunde Hvitmyhr\" rel=\"nofollow noopener\" target=\"_blank\"><img alt=\"Bilde av Bastian Lunde Hvitmyhr\" class=\"_image_18f0k_93\" fetchpriority=\"low\" loading=\"lazy\" decoding=\"async\" itemprop=\"image\"  src=\"https:\/\/www.europesays.com\/no\/wp-content\/uploads\/2025\/10\/1761088628_503_150baf2c-85af-47f9-b506-d8189e6820a4\"  width=\"480\"\/><\/a><\/li>\n<\/ul>\n<p> Oppdatert onsdag 22. oktober kl. 00:42     <\/p>\n<p class=\"_paragraph_o9xde_4 _paragraph_xtcu6_10 layout-component text-serif-m layout-normal text-serif-m layout-padded\">Kevin Federline kommer med alvorlige p\u00e5stander mot <a href=\"https:\/\/www.vg.no\/tag\/britney-spears?utm_source=vg-article&amp;utm_medium=auto-tagger&amp;utm_campaign=xm18OV\" class=\"_link_o9xde_39\" rel=\"nofollow noopener\" target=\"_blank\">Britney Spears<\/a> i sin nye selvbiografi \u00abYou Thought You Knew\u00bb.<\/p>\n<p class=\"_paragraph_o9xde_4 _paragraph_xtcu6_10 layout-component text-serif-m layout-normal text-serif-m layout-padded\"><strong class=\"_strong_o9xde_25\">Han hevder blant annet at popstjernen sto med kniv og s\u00e5 p\u00e5 s\u00f8nnene sove, melder\u00a0<a href=\"https:\/\/www.bbc.com\/news\/articles\/cdx4nr1415wo\" class=\"_link_o9xde_39\" rel=\"nofollow noopener\" target=\"_blank\">BBC<\/a>.<\/strong><\/p>\n<p class=\"_paragraph_o9xde_4 _paragraph_xtcu6_10 layout-component text-serif-m layout-normal text-serif-m layout-padded\">Kevin Federline (47) giftet seg med\u00a0Britney Spears (43) i 2004, etter et tre m\u00e5neder langt forhold.<\/p>\n<p class=\"_paragraph_o9xde_4 _paragraph_xtcu6_10 layout-component text-serif-m layout-normal text-serif-m layout-padded\">Under forholdet fikk de to s\u00f8nner sammen.<\/p>\n<p class=\"_paragraph_o9xde_4 _paragraph_xtcu6_10 layout-component text-serif-m layout-normal text-serif-m layout-padded\">Paret ble skilt i 2007 etter tre \u00e5rs ekteskap, og deretter fulgte en langvarig og rotete foreldretvistforeldretvistEn juridisk prosess der foreldre som har skilt seg eller g\u00e5tt fra hverandre, diskuterer og avgj\u00f8r sp\u00f8rsm\u00e5l om barnefordeling og omsorg.  som endte i retten i 2008.<\/p>\n<p><img alt=\"Britney Spears, som holder hunden Bit Bit, og Kevin Federline. Bildet er fra 2004, samme \u00e5ret som de giftet seg.  Foto: Eric Jamison \/ AP \/ NTB\" class=\"_image_qp4xg_65 layout-component layout-normal\" data-fullscreen- data-track-element-type=\"Article image fullscreen\" data-track-name=\"ImageFullscreen\" decoding=\"async\" loading=\"lazy\" height=\"1472\" itemprop=\"image\"  src=\"https:\/\/www.europesays.com\/no\/wp-content\/uploads\/2025\/10\/505a04d6-77f5-48e1-9edd-3f48ba8ab66c\"  style=\"object-position:0% 0%\" width=\"1138\"\/>Britney Spears, som holder hunden Bit Bit, og Kevin Federline. Bildet er fra 2004, samme \u00e5ret som de giftet seg.  Foto: Eric Jamison \/ AP \/ NTB<\/p>\n<p class=\"_paragraph_o9xde_4 _paragraph_xtcu6_10 layout-component text-serif-m layout-normal text-serif-m layout-padded\">Federline er mest kjent for \u00e5 v\u00e6re eksmannen til sangeren, og for den offentlige barnefordelingsstriden som fulgte skilsmissen. Han har etter bruddet holdt en lav offentlig profil, helt til boken kom.<\/p>\n<p class=\"_paragraph_o9xde_4 _paragraph_xtcu6_10 layout-component text-serif-m layout-normal text-serif-m layout-padded\">I boken hevder Federline at Spears oppf\u00f8rte seg uforutsigbart som mor og kone. Han p\u00e5st\u00e5r at hun drakk mye alkohol og ruset seg.<\/p>\n<p class=\"_paragraph_o9xde_4 _paragraph_xtcu6_10 layout-component text-serif-m layout-normal text-serif-m layout-padded\"><strong class=\"_strong_o9xde_25\">Spears har reagert kraftig p\u00e5 boken. Hun anklager eksmannen for \u00e5 tjene penger p\u00e5 henne. Hun kaller innholdet \u00abekstremt s\u00e5rende og utmattende\u00bb.<\/strong><\/p>\n<p class=\"_paragraph_o9xde_4 _paragraph_xtcu6_10 layout-component text-serif-m layout-normal text-serif-m layout-padded\">Spears har delt flere uttalelser p\u00e5 Instagram etter p\u00e5standene i boken.<\/p>\n<p class=\"_paragraph_o9xde_4 _paragraph_xtcu6_10 layout-component text-serif-m layout-normal text-serif-m layout-padded\">\u2013 Jeg har f\u00e5tt nok, sier popstjernen.<\/p>\n<p class=\"_paragraph_o9xde_4 _paragraph_xtcu6_10 layout-component text-serif-m layout-normal text-serif-m layout-padded\">Hun har blant annet delt denne meldingen:<\/p>\n<p class=\"_paragraph_o9xde_4 _paragraph_xtcu6_10 layout-component text-serif-m layout-normal text-serif-m layout-padded\">I boken hevder ogs\u00e5 47-\u00e5ringen at det var feil \u00e5 avslutte popstjernens vergem\u00e5l for fire \u00e5r siden, melder\u00a0<a href=\"https:\/\/www.nytimes.com\/2025\/10\/14\/arts\/music\/britney-spears-kevin-federline-book.html\" class=\"_link_o9xde_39\" rel=\"nofollow noopener\" target=\"_blank\">The New York Times<\/a>.<\/p>\n<p class=\"_paragraph_o9xde_4 _paragraph_xtcu6_10 layout-component text-serif-m layout-normal text-serif-m layout-padded\">\u2013 Det har blitt umulig \u00e5 late som om alt er i orden, skriver Federline if\u00f8lge avisen.<\/p>\n<p class=\"_paragraph_o9xde_4 _paragraph_xtcu6_10 layout-component text-serif-m layout-normal text-serif-m layout-padded\">Spears var under vergem\u00e5lvergem\u00e5lEn juridisk ordning der en person f\u00e5r ansvar for \u00e5 ta beslutninger p\u00e5 vegne av en annen person som ikke er i stand til \u00e5 ta vare p\u00e5 seg selv, ofte p\u00e5 grunn av helseproblemer eller mental tilstand.  i 13 \u00e5r. Han skriver at han aldri kunne st\u00f8tte \u00abFree Britney\u00bb\u00abFree Britney\u00bbEn bevegelse startet av fans og st\u00f8ttespillere av Britney Spears ,som kjempet for \u00e5 f\u00e5 avsluttet vergem\u00e5let hun var under for \u00e5 gi henne tilbake kontrollen over sitt eget liv og \u00f8konomi.-bevegelsen fullt ut.<\/p>\n<p class=\"_paragraph_o9xde_4 _paragraph_xtcu6_10 layout-component text-serif-m layout-normal text-serif-m layout-padded\">\u2013 Alt hun bryr seg om er barna sine og deres velv\u00e6re, sier en talsperson for Spears til amerikanske medier.<\/p>\n","protected":false},"excerpt":{"rendered":"De har to s\u00f8nner sammen, n\u00e5 krangler de offentlig med anklager i en bok og innlegg p\u00e5 Instagram.&hellip;\n","protected":false},"author":2,"featured_media":66658,"comment_status":"","ping_status":"","sticky":false,"template":"","format":"standard","meta":{"footnotes":""},"categories":[58],"tags":[4942,71,30,28,29,72,50,8182],"class_list":{"0":"post-66657","1":"post","2":"type-post","3":"status-publish","4":"format-standard","5":"has-post-thumbnail","7":"category-underholdning","8":"tag-britney-spears","9":"tag-entertainment","10":"tag-no","11":"tag-norge","12":"tag-norway","13":"tag-underholdning","14":"tag-usa","15":"tag-vergemal"},"share_on_mastodon":{"url":"","error":""},"_links":{"self":[{"href":"https:\/\/www.europesays.com\/no\/wp-json\/wp\/v2\/posts\/66657","targetHints":{"allow":["GET"]}}],"collection":[{"href":"https:\/\/www.europesays.com\/no\/wp-json\/wp\/v2\/posts"}],"about":[{"href":"https:\/\/www.europesays.com\/no\/wp-json\/wp\/v2\/types\/post"}],"author":[{"embeddable":true,"href":"https:\/\/www.europesays.com\/no\/wp-json\/wp\/v2\/users\/2"}],"replies":[{"embeddable":true,"href":"https:\/\/www.europesays.com\/no\/wp-json\/wp\/v2\/comments?post=66657"}],"version-history":[{"count":0,"href":"https:\/\/www.europesays.com\/no\/wp-json\/wp\/v2\/posts\/66657\/revisions"}],"wp:featuredmedia":[{"embeddable":true,"href":"https:\/\/www.europesays.com\/no\/wp-json\/wp\/v2\/media\/66658"}],"wp:attachment":[{"href":"https:\/\/www.europesays.com\/no\/wp-json\/wp\/v2\/media?parent=66657"}],"wp:term":[{"taxonomy":"category","embeddable":true,"href":"https:\/\/www.europesays.com\/no\/wp-json\/wp\/v2\/categories?post=66657"},{"taxonomy":"post_tag","embeddable":true,"href":"https:\/\/www.europesays.com\/no\/wp-json\/wp\/v2\/tags?post=66657"}],"curies":[{"name":"wp","href":"https:\/\/api.w.org\/{rel}","templated":true}]}}