{"id":66695,"date":"2025-10-22T00:50:12","date_gmt":"2025-10-22T00:50:12","guid":{"rendered":"https:\/\/www.europesays.com\/no\/66695\/"},"modified":"2025-10-22T00:50:12","modified_gmt":"2025-10-22T00:50:12","slug":"domt-for-uaktsomt-drap-av-15-aring-med-hjemmelaget-fyrverkeri","status":"publish","type":"post","link":"https:\/\/www.europesays.com\/no\/66695\/","title":{"rendered":"D\u00f8mt for uaktsomt drap av 15-\u00e5ring med hjemmelaget fyrverkeri"},"content":{"rendered":"\n<p class=\"_lead_o9xde_2 _lead_xtcu6_50 layout-component text-serif-m layout-normal text-serif-l layout-component layout-wide layout-padded _wide_17hqh_1 layout-padded\">Svenske Mikael Eid ble truffet av splinter fra hjemmelaget fyrverkeri. <\/p>\n<p><img alt=\" Foto: Bl\u00e5ljusbilder\" class=\"_image_qp4xg_65 layout-component layout-wide\" data-fullscreen- data-track-element-type=\"Article image fullscreen\" data-track-name=\"ImageFullscreen\" fetchpriority=\"high\" decoding=\"sync\" loading=\"eager\" height=\"934\" itemprop=\"image\"  src=\"https:\/\/www.europesays.com\/no\/wp-content\/uploads\/2025\/10\/172279a3-82a2-4dd4-803d-b122bce0a2f0\"  style=\"object-position:0% 0%\" width=\"934\"\/> Foto: Bl\u00e5ljusbilder<\/p>\n<ul aria-hidden=\"true\" class=\"_images_18f0k_111\">\n<li><a class=\"_link_18f0k_116\" href=\"https:\/\/www.vg.no\/forfatter\/fredrik-solstad-2\" style=\"z-index:2\" title=\"Fredrik Solstad\" rel=\"nofollow noopener\" target=\"_blank\"><img alt=\"Bilde av Fredrik Solstad\" class=\"_image_18f0k_93\" fetchpriority=\"low\" loading=\"lazy\" decoding=\"async\" itemprop=\"image\"  src=\"https:\/\/www.europesays.com\/no\/wp-content\/uploads\/2025\/10\/1761094211_61_ea2a0a7d-e5f7-43c8-89e2-5f0142b777ae\"  width=\"480\"\/><\/a><\/li>\n<\/ul>\n<p> Oppdatert onsdag 22. oktober kl. 02:15    <\/p>\n<ul class=\"_list_o9xde_3 _list_64s2r_85 _unordered_o9xde_106 text-sans-m\">\n<li class=\"_item_o9xde_30\">15-\u00e5rige Mikael Eid d\u00f8de etter \u00e5 ha blitt truffet av splinter fra hjemmelaget fyrverkeri p\u00e5 nytt\u00e5rsaften og 15-\u00e5rsdagen sin.<\/li>\n<li class=\"_item_o9xde_30\">En 29-\u00e5ring er d\u00f8mt til 1 \u00e5r og 6 m\u00e5neder for grovt uaktsomt drap og skal betale erstatning. Retten mener fyrverkeriet var for profesjonell bruk uten tillatelse. Han nekter straffskyld.<\/li>\n<\/ul>\n<p>Vis mer <\/p>\n<p class=\"_paragraph_o9xde_4 _paragraph_xtcu6_10 layout-component text-serif-m layout-normal text-serif-m layout-padded\">Det var bursdagen til 15 \u00e5r gamle Mikael Eid da familien gikk ut for \u00e5 se p\u00e5 fyrverkeriet ved midnatt nytt\u00e5rsaften i S\u00f6dert\u00e4lje i <a href=\"https:\/\/www.vg.no\/tag\/sverige?utm_source=vg-article&amp;utm_medium=auto-tagger&amp;utm_campaign=Xjxq7m\" class=\"_link_o9xde_39\" rel=\"nofollow noopener\" target=\"_blank\">Sverige<\/a>.<\/p>\n<p><img alt=\"Mikael Eid  Foto: Privat\" class=\"_image_qp4xg_65 layout-component layout-normal\" data-fullscreen- data-track-element-type=\"Article image fullscreen\" data-track-name=\"ImageFullscreen\" decoding=\"async\" loading=\"lazy\" height=\"1160\" itemprop=\"image\"  src=\"https:\/\/www.europesays.com\/no\/wp-content\/uploads\/2025\/10\/ce6a71c7-a4d9-4b4a-a71f-5fd84c7872d3\"  style=\"object-position:0% 0%\" width=\"823\"\/>Mikael Eid  Foto: Privat<\/p>\n<p class=\"_paragraph_o9xde_4 _paragraph_xtcu6_10 layout-component text-serif-m layout-normal text-serif-m layout-padded\">Noen meter unna sto en 29-\u00e5rig mann med flere andre og gjorde klar hjemmelaget fyrverkeri. Da de satte fyrverkeriet ned i et r\u00f8r, eksploderte det p\u00e5 bakken i stedet for i luften. R\u00f8ret sprakk og Mikael ble truffet av splinter i hodet, melder <a href=\"https:\/\/www.aftonbladet.se\/nyheter\/krim\/a\/bm3K93\/skulle-skjuta-fyrverkeri-doms?utm_source=iosapp&amp;utm_medium=share\" class=\"_link_o9xde_39\" rel=\"nofollow noopener\" target=\"_blank\">Aftonbladet<\/a>.<\/p>\n<p class=\"_paragraph_o9xde_4 _paragraph_xtcu6_10 layout-component text-serif-m layout-normal text-serif-m layout-padded\">Videoen viser foranledningen og r\u00f8ret som eksploderte:<\/p>\n<p class=\"_paragraph_o9xde_4 _paragraph_xtcu6_10 layout-component text-serif-m layout-normal text-serif-m layout-padded\">Ten\u00e5ringen ble fraktet til sykehus med alvorlige skader. Etter fire dager p\u00e5 intensivavdelingen d\u00f8de han.<\/p>\n<p class=\"_paragraph_o9xde_4 _paragraph_xtcu6_10 layout-component text-serif-m layout-normal text-serif-m layout-padded\">\u2013 Det finnes ingen ord som kan beskrive dette. Det var tre store ting i livet hans: Familien, kirken og fotballen. Han var fotballgal og dr\u00f8mte om \u00e5 spille for et topplag i Europa, helst Barcelona, sa Mikaels onkel og gudfar Christian Matloob til Aftonbladet.<\/p>\n<p class=\"_paragraph_o9xde_4 _paragraph_xtcu6_10 layout-component text-serif-m layout-normal text-serif-m layout-padded\"><strong class=\"_strong_o9xde_25\">N\u00e5 er en 29-\u00e5ring d\u00f8mt til ett \u00e5r og seks m\u00e5neder i fengsel for grovt uaktsomt drap. Han m\u00e5 ogs\u00e5 betale erstatning til Mikaels p\u00e5r\u00f8rende.<\/strong><\/p>\n<p class=\"_paragraph_o9xde_4 _paragraph_xtcu6_10 layout-component text-serif-m layout-normal text-serif-m layout-padded\">Mannen ringte selv politiet for \u00e5 fortelle at han hadde ansvaret for det hjemmelagde fyrverkeriet. Han har nektet straffskyld.<\/p>\n<p class=\"_paragraph_o9xde_4 _paragraph_xtcu6_10 layout-component text-serif-m layout-normal text-serif-m layout-padded\">I avh\u00f8r har den d\u00f8mte mannen fortalt at han ba folk rundt om \u00e5 trekke tilbake f\u00f8r han tente p\u00e5. Han fortalte at han ikke forsto hva som skjedde da raketten eksploderte.<\/p>\n<p class=\"_paragraph_o9xde_4 _paragraph_xtcu6_10 layout-component text-serif-m layout-normal text-serif-m layout-padded\">\u2013 I stedet for at den ble skutt opp i luften, ble det kun farger og smell p\u00e5 bakken. Etter noen sekunder s\u00e5 jeg til h\u00f8yre og da s\u00e5 jeg gutten og l\u00f8p bort til ham og la min jakke over s\u00e5 han ikke skulle fryse, sa mannen i politiavh\u00f8r.<\/p>\n<p class=\"_paragraph_o9xde_4 _paragraph_xtcu6_10 layout-component text-serif-m layout-normal text-serif-m layout-padded\">Senere var han s\u00e5 sjokkert at han gikk hjem, fortalte han i retten.<\/p>\n<p class=\"_paragraph_o9xde_4 _paragraph_xtcu6_10 layout-component text-serif-m layout-normal text-serif-m layout-padded\">Retten slo fast at fyrverkeriet var beregnet for profesjonell bruk og at mannen ikke hadde utdanning eller tillatelse til \u00e5 bruke slikt fyrverkeri. <\/p>\n<p class=\"_paragraph_o9xde_4 _paragraph_xtcu6_10 layout-component text-serif-m layout-normal text-serif-m layout-padded\">Aktor Tobias Kudr\u00e9n mente ogs\u00e5 at han ikke hadde p\u00e5sett at folk holdt tilstrekkelig sikkerhetsavstand og at r\u00f8ret han hadde plassert raketten i, var av feil materiale. <\/p>\n<p class=\"_paragraph_o9xde_4 _paragraph_xtcu6_10 layout-component text-serif-m layout-normal text-serif-m layout-padded\">\u2013 Det har i denne saken v\u00e6rt en bevisst risiko og flere alvorlige fors\u00f8mmelser som har f\u00f8rt til Mikael Eids d\u00f8d, skriver tingretten i dommen.<\/p>\n","protected":false},"excerpt":{"rendered":"Svenske Mikael Eid ble truffet av splinter fra hjemmelaget fyrverkeri. Foto: Bl\u00e5ljusbilder Oppdatert onsdag 22. oktober kl. 02:15&hellip;\n","protected":false},"author":2,"featured_media":66696,"comment_status":"","ping_status":"","sticky":false,"template":"","format":"standard","meta":{"footnotes":""},"categories":[12],"tags":[20,21,24,25,15,22,23,13,30,28,29,14,16,1359,26,27,42,46,43,44,45],"class_list":{"0":"post-66695","1":"post","2":"type-post","3":"status-publish","4":"format-standard","5":"has-post-thumbnail","7":"category-verden","8":"tag-breaking-news","9":"tag-breakingnews","10":"tag-featured-news","11":"tag-featurednews","12":"tag-headlines","13":"tag-latest-news","14":"tag-latestnews","15":"tag-news","16":"tag-no","17":"tag-norge","18":"tag-norway","19":"tag-nyheter","20":"tag-overskrifter","21":"tag-sverige","22":"tag-top-stories","23":"tag-topstories","24":"tag-verden","25":"tag-vgai","26":"tag-world","27":"tag-world-news","28":"tag-worldnews"},"share_on_mastodon":{"url":"","error":""},"_links":{"self":[{"href":"https:\/\/www.europesays.com\/no\/wp-json\/wp\/v2\/posts\/66695","targetHints":{"allow":["GET"]}}],"collection":[{"href":"https:\/\/www.europesays.com\/no\/wp-json\/wp\/v2\/posts"}],"about":[{"href":"https:\/\/www.europesays.com\/no\/wp-json\/wp\/v2\/types\/post"}],"author":[{"embeddable":true,"href":"https:\/\/www.europesays.com\/no\/wp-json\/wp\/v2\/users\/2"}],"replies":[{"embeddable":true,"href":"https:\/\/www.europesays.com\/no\/wp-json\/wp\/v2\/comments?post=66695"}],"version-history":[{"count":0,"href":"https:\/\/www.europesays.com\/no\/wp-json\/wp\/v2\/posts\/66695\/revisions"}],"wp:featuredmedia":[{"embeddable":true,"href":"https:\/\/www.europesays.com\/no\/wp-json\/wp\/v2\/media\/66696"}],"wp:attachment":[{"href":"https:\/\/www.europesays.com\/no\/wp-json\/wp\/v2\/media?parent=66695"}],"wp:term":[{"taxonomy":"category","embeddable":true,"href":"https:\/\/www.europesays.com\/no\/wp-json\/wp\/v2\/categories?post=66695"},{"taxonomy":"post_tag","embeddable":true,"href":"https:\/\/www.europesays.com\/no\/wp-json\/wp\/v2\/tags?post=66695"}],"curies":[{"name":"wp","href":"https:\/\/api.w.org\/{rel}","templated":true}]}}