{"id":66773,"date":"2025-10-22T04:38:11","date_gmt":"2025-10-22T04:38:11","guid":{"rendered":"https:\/\/www.europesays.com\/no\/66773\/"},"modified":"2025-10-22T04:38:11","modified_gmt":"2025-10-22T04:38:11","slug":"majorstuen-frogner-kvinne-i-30-arene-knivstakk-mann-i-60-arene","status":"publish","type":"post","link":"https:\/\/www.europesays.com\/no\/66773\/","title":{"rendered":"Majorstuen, Frogner | Kvinne i 30-\u00e5rene knivstakk mann i 60-\u00e5rene"},"content":{"rendered":"\n<p>Tirsdag kveld rykket politiet og ambulanse til Majorstuen etter melding om en voldshendelse inne i en leilighet p\u00e5 Majorstuen.<\/p>\n<p>Kort tid etter kunne de fortelle at de var kommet i kontakt med en person som var skadet. Skadeomfanget fremsto ikke livstruende.<\/p>\n<p>   <img decoding=\"async\" width=\"1600\" height=\"900\" fetchpriority=\"low\"  loading=\"lazy\"  src=\"https:\/\/www.europesays.com\/no\/wp-content\/uploads\/2025\/10\/1761107890_341_Design+uten+navn+%28100%29.jpg\" alt=\"\" class=\"brick-c-cFOWSL\" style=\"--brick-image-ratio: 1600 \/ 900;\"\/><\/p>\n<p>    Den forn\u00e6rmede er kj\u00f8rt bort i ambulanse.<br \/>\n    Foto: Farid Ighoubah \/ Nettavisen\n  <\/p>\n<p>Og like etter det kunne de fortelle at de hadde kontroll p\u00e5 en gjeringsperson.<\/p>\n<p>\u2013 Politiet p\u00e5traff en beskrevet gjerningsperson ved inngangspartiet til adressen. Vedkommende er n\u00e5 besluttet p\u00e5grepet og kj\u00f8res arrest, sa operasjonsleder Bj\u00f8rn Gunnar Nys\u00e6ter tirsdag kveld.<\/p>\n<p>Den p\u00e5grepne knytter seg til hendelsen, og politiet har forel\u00f8pig ingen indikasjoner p\u00e5 at flere personer er involvert.<\/p>\n<p>Natt til onsdag kom politiet med en oppdatering i saken, som n\u00e5 etterforskes som grov kroppskade.<\/p>\n<p>\u2013 Politiet har foretatt \u00e5stedsunders\u00f8kelse, rundsp\u00f8rring og tatt beslag i en kniv som vi mener er gjerningsv\u00e5penet. Vi har ingen opplysninger om at det har v\u00e6rt vitner til hendelsen, skriver krimleder Camilla Fj\u00e6stad klokken 04.07 natt til onsdag.<\/p>\n<p>De involverte er en kvinne i 30-\u00e5rene og en mann i 60-\u00e5rene. F\u00f8rstnevnte er den siktede i saken. Den forn\u00e6rmede mannne har avgitt forklaring til politiet, men de \u00f8nsker ikke \u00e5 utdype dette noe mer ettersom kvinnen ikke er avh\u00f8rt enn\u00e5.<\/p>\n<p>Kvinnen ivaretas av helsevesenet, og er kjent for politiet fra f\u00f8r.<\/p>\n<p>\u2013 Siktede og forn\u00e6rmede har en relasjon til hverandre, avslutter krimleder Fj\u00e6stad.<\/p>\n<p>   <img decoding=\"async\" width=\"3520\" height=\"1980\" fetchpriority=\"low\"  loading=\"lazy\"  src=\"https:\/\/www.europesays.com\/no\/wp-content\/uploads\/2025\/10\/image+%2865%29.jpg\" alt=\"\" class=\"brick-c-cFOWSL\" style=\"--brick-image-ratio: 3520 \/ 1980;\"\/><\/p>\n<p>    Foto: Farid Ighoubah \/ Nettavisen\n  <\/p>\n","protected":false},"excerpt":{"rendered":"Tirsdag kveld rykket politiet og ambulanse til Majorstuen etter melding om en voldshendelse inne i en leilighet p\u00e5&hellip;\n","protected":false},"author":2,"featured_media":66774,"comment_status":"","ping_status":"","sticky":false,"template":"","format":"standard","meta":{"footnotes":""},"categories":[10],"tags":[36,20,21,24,25,1402,15,983,22,23,1195,13,30,28,29,14,16,1510,26,27],"class_list":{"0":"post-66773","1":"post","2":"type-post","3":"status-publish","4":"format-standard","5":"has-post-thumbnail","7":"category-norge","8":"tag-art","9":"tag-breaking-news","10":"tag-breakingnews","11":"tag-featured-news","12":"tag-featurednews","13":"tag-frogner","14":"tag-headlines","15":"tag-krim","16":"tag-latest-news","17":"tag-latestnews","18":"tag-majorstuen","19":"tag-news","20":"tag-no","21":"tag-norge","22":"tag-norway","23":"tag-nyheter","24":"tag-overskrifter","25":"tag-story","26":"tag-top-stories","27":"tag-topstories"},"share_on_mastodon":{"url":"","error":""},"_links":{"self":[{"href":"https:\/\/www.europesays.com\/no\/wp-json\/wp\/v2\/posts\/66773","targetHints":{"allow":["GET"]}}],"collection":[{"href":"https:\/\/www.europesays.com\/no\/wp-json\/wp\/v2\/posts"}],"about":[{"href":"https:\/\/www.europesays.com\/no\/wp-json\/wp\/v2\/types\/post"}],"author":[{"embeddable":true,"href":"https:\/\/www.europesays.com\/no\/wp-json\/wp\/v2\/users\/2"}],"replies":[{"embeddable":true,"href":"https:\/\/www.europesays.com\/no\/wp-json\/wp\/v2\/comments?post=66773"}],"version-history":[{"count":0,"href":"https:\/\/www.europesays.com\/no\/wp-json\/wp\/v2\/posts\/66773\/revisions"}],"wp:featuredmedia":[{"embeddable":true,"href":"https:\/\/www.europesays.com\/no\/wp-json\/wp\/v2\/media\/66774"}],"wp:attachment":[{"href":"https:\/\/www.europesays.com\/no\/wp-json\/wp\/v2\/media?parent=66773"}],"wp:term":[{"taxonomy":"category","embeddable":true,"href":"https:\/\/www.europesays.com\/no\/wp-json\/wp\/v2\/categories?post=66773"},{"taxonomy":"post_tag","embeddable":true,"href":"https:\/\/www.europesays.com\/no\/wp-json\/wp\/v2\/tags?post=66773"}],"curies":[{"name":"wp","href":"https:\/\/api.w.org\/{rel}","templated":true}]}}