{"id":66777,"date":"2025-10-22T04:41:11","date_gmt":"2025-10-22T04:41:11","guid":{"rendered":"https:\/\/www.europesays.com\/no\/66777\/"},"modified":"2025-10-22T04:41:11","modified_gmt":"2025-10-22T04:41:11","slug":"chirag-patel-pa-a-laget-svarer-om-kjaerligheten","status":"publish","type":"post","link":"https:\/\/www.europesays.com\/no\/66777\/","title":{"rendered":"Chirag Patel p\u00e5 \u00abA-laget\u00bb: Svarer om kj\u00e6rligheten"},"content":{"rendered":"\n<p class=\"_lead_o9xde_2 _lead_xtcu6_50 layout-component text-serif-m layout-normal text-serif-l layout-component layout-wide layout-padded _wide_17hqh_1 layout-padded\">Artisten f\u00e5r sp\u00f8rsm\u00e5l om alt fra rasisme, navnebytte og kj\u00e6rlighet.<\/p>\n<p> <img class=\"_image_qp4xg_65 layout-component layout-wide\" data-fullscreen- data-track-element-type=\"Article image fullscreen\" data-track-name=\"ImageFullscreen\" fetchpriority=\"high\" decoding=\"sync\" loading=\"eager\" height=\"181\" itemprop=\"image\"  src=\"https:\/\/www.europesays.com\/no\/wp-content\/uploads\/2025\/10\/d1ce670d66c1fe67103ef021a35e812d.jpg\"  style=\"object-position:50% 50%;aspect-ratio:1.75;height:auto;object-fit:cover;width:100%\" width=\"102\"\/>  <\/p>\n<ul aria-hidden=\"true\" class=\"_images_18f0k_111\">\n<li><a class=\"_link_18f0k_116\" href=\"https:\/\/www.vg.no\/forfatter\/malene-birkeland\" style=\"z-index:1\" title=\"Malene Birkeland\" rel=\"nofollow noopener\" target=\"_blank\"><img alt=\"Bilde av Malene Birkeland\" class=\"_image_18f0k_93\" fetchpriority=\"low\" loading=\"lazy\" decoding=\"async\" itemprop=\"image\"  src=\"https:\/\/www.europesays.com\/no\/wp-content\/uploads\/2025\/10\/351c58bb-2f60-4173-a125-96067350cf0a\"  width=\"480\"\/><\/a><\/li>\n<\/ul>\n<p> Oppdatert onsdag 22. oktober kl. 06:26     <\/p>\n<p class=\"_paragraph_o9xde_4 _paragraph_xtcu6_10 layout-component text-serif-m layout-normal text-serif-m layout-padded\">Chirag Patel (41), som utgj\u00f8r halvparten av rapduoen<a href=\"https:\/\/www.vg.no\/tag\/karpe?utm_source=vg-article&amp;utm_medium=auto-tagger&amp;utm_campaign=pPqmL6\" class=\"_link_o9xde_39\" rel=\"nofollow noopener\" target=\"_blank\"> Karpe<\/a>, er gjest i den nyeste episoden av \u00abA-laget\u00bb p\u00e5 NRK.<\/p>\n<p class=\"_paragraph_o9xde_4 _paragraph_xtcu6_10 layout-component text-serif-m layout-normal text-serif-m layout-padded\">Han blir blant annet spurt om han har kjent p\u00e5 \u00e5 det \u00e5 v\u00e6re annerledes. P\u00e5 sp\u00f8rsm\u00e5let svarer artisten at det er noe han har kjent mye p\u00e5, s\u00e6rlig som ung. <\/p>\n<p><img alt=\"Foto: Monster \/ NRK\" class=\"_image_qp4xg_65 layout-component layout-normal\" data-fullscreen- data-track-element-type=\"Article image fullscreen\" data-track-name=\"ImageFullscreen\" decoding=\"async\" loading=\"lazy\" height=\"1080\" itemprop=\"image\"  src=\"https:\/\/www.europesays.com\/no\/wp-content\/uploads\/2025\/10\/d1457830-b12e-4b52-8b86-9a3d19ef067c\"  style=\"object-position:0% 0%\" width=\"1920\"\/>Foto: Monster \/ NRK<\/p>\n<p class=\"_paragraph_o9xde_4 _paragraph_xtcu6_10 layout-component text-serif-m layout-normal text-serif-m layout-padded\">\u2013 Er jeg norsk, indisk eller ingen av delene? <\/p>\n<p class=\"_paragraph_o9xde_4 _paragraph_xtcu6_10 layout-component text-serif-m layout-normal text-serif-m layout-padded\">Han forklarer at han fant sin m\u00e5te \u00e5 v\u00e6re norsk p\u00e5, og at det var et gjennombrudd for ham. <\/p>\n<p class=\"_paragraph_o9xde_4 _paragraph_xtcu6_10 layout-component text-serif-m layout-normal text-serif-m layout-padded\">\u2013 Jeg er jo norsk, men ikke p\u00e5 den \u00abhyttete\u00bb m\u00e5ten.<\/p>\n<p class=\"_paragraph_o9xde_4 _paragraph_xtcu6_10 layout-component text-serif-m layout-normal layout-padded\"><strong class=\"_strong_o9xde_25\">Les ogs\u00e5:<\/strong> <a href=\"https:\/\/www.vg.no\/i\/4B570g\" data-track-element-type=\"Link\" data-track-id=\"link:4B570g\" class=\"_link_o9xde_39\" rel=\"nofollow noopener\" target=\"_blank\">A-laget grillet Sophie Elise om operasjoner: \u2013 Ganske h\u00f8y puls<\/a><\/p>\n<p><img alt=\"Foto: Monster \/ NRK\" class=\"_image_qp4xg_65 layout-component layout-normal\" data-fullscreen- data-track-element-type=\"Article image fullscreen\" data-track-name=\"ImageFullscreen\" decoding=\"async\" loading=\"lazy\" height=\"1080\" itemprop=\"image\"  src=\"https:\/\/www.europesays.com\/no\/wp-content\/uploads\/2025\/10\/f1a06761-5fb4-4dc5-bd7e-ce85cd889919\"  style=\"object-position:0% 0%\" width=\"1920\"\/>Foto: Monster \/ NRK<\/p>\n<p class=\"_paragraph_o9xde_4 _paragraph_xtcu6_10 layout-component text-serif-m layout-normal text-serif-m layout-padded\">Aurora fra \u00abA-laget\u00bb-panelet har mor fra Colombia, og lurer p\u00e5 hvordan han har opplevd \u00e5 v\u00e6re \u00abm\u00f8rkere i huden\u00bb. Artisten svarer at han ikke synes det er bra \u00e5 v\u00e6re et sted, eller et land, eller i et milj\u00f8 uten \u00e5 p\u00e5virke det. <\/p>\n<p class=\"_paragraph_o9xde_4 _paragraph_xtcu6_10 layout-component text-serif-m layout-normal text-serif-m layout-padded\">\u2013 Hvis jeg skal f\u00e5 barn i Norge, s\u00e5 vil jeg aldri l\u00e6re dem \u00e5 ikke bli en del av fellesskapet. Men jobbe hardt for \u00e5 p\u00e5virke fellesskapet.<\/p>\n<p>\u00abA-laget\u00bb (sesong 2)<\/p>\n<p class=\"_paragraph_o9xde_4 _paragraph_xtcu6_10 _paragraph_16v91_10 layout-component text-serif-m layout-normal text-sans-m layout-padded\">Gjester: Erling Braut Haaland, Sofie Steen Isachsen, Atle Antonsen, Chirag Patel, Henriette Steenstrup, Gustav Magnar Witz\u00f8e, Linn Sk\u00e5ber og Leo Ajkic<\/p>\n<p class=\"_paragraph_o9xde_4 _paragraph_xtcu6_10 _paragraph_16v91_10 layout-component text-serif-m layout-normal text-sans-m layout-padded\">Reportere: Camilla, Lukas, Aurora, Julie, Alexander, Jon, Martin, Keyboard, Hanne-Mette, Kari Anne, Magnus, Ace, Ingvill, Tore, Adrian, Carl-Edvard, Anders, Elias, Mads, Victoria, \u00d8yvind, Jonathan, Konstantin, Line, Maja, David, Halvor, H\u00e5kon, Audun, Amadeus og Eivind<\/p>\n<p class=\"_paragraph_o9xde_4 _paragraph_xtcu6_10 _paragraph_16v91_10 layout-component text-serif-m layout-normal text-sans-m layout-padded\">Moderator: Lars Tingelstad<\/p>\n<p class=\"_paragraph_o9xde_4 _paragraph_xtcu6_10 _paragraph_16v91_10 layout-component text-serif-m layout-normal text-sans-m layout-padded\">Norsk intervju\/portrettserie i \u00e5tte deler<\/p>\n<p class=\"_paragraph_o9xde_4 _paragraph_xtcu6_10 _paragraph_16v91_10 layout-component text-serif-m layout-normal text-sans-m layout-padded\">Premiere p\u00e5 NRK TV onsdag 1. oktober. Premiere p\u00e5 NRK 1 l\u00f8rdag 4. oktober kl. 19:45<\/p>\n<p>Vis mer<\/p>\n<p class=\"_paragraph_o9xde_4 _paragraph_xtcu6_10 layout-component text-serif-m layout-normal text-serif-m layout-padded\"><strong class=\"_strong_o9xde_25\">Artisten blir spurt om rasisme: <\/strong>B\u00f8rstet du det av deg eller ble lei deg?<\/p>\n<p class=\"_paragraph_o9xde_4 _paragraph_xtcu6_10 layout-component text-serif-m layout-normal text-serif-m layout-padded\">\u2013 Begge deler.<\/p>\n<p class=\"_paragraph_o9xde_4 _paragraph_xtcu6_10 layout-component text-serif-m layout-normal text-serif-m layout-padded\">Han forteller at han fikk sleng ting etter seg, men at han hadde kompiser som st\u00f8tte han. Noe han husker veldig godt.<\/p>\n<p class=\"_paragraph_o9xde_4 _paragraph_xtcu6_10 layout-component text-serif-m layout-normal text-serif-m layout-padded\"><strong class=\"_strong_o9xde_25\">\u2013 Det som er litt r\u00f8rende, er at ofte har man norske kompiser, som blir enda surere for rasismen enn deg selv. <\/strong><\/p>\n<p class=\"_paragraph_o9xde_4 _paragraph_xtcu6_10 layout-component text-serif-m layout-normal text-serif-m layout-padded\">Han forteller at vennene reagerte.<\/p>\n<p class=\"_paragraph_o9xde_4 _paragraph_xtcu6_10 layout-component text-serif-m layout-normal text-serif-m layout-padded\">\u2013 Og da skj\u00f8nner man jo at det er jo ikke noe lag her. Vi er jo ikke p\u00e5 forskjellig lag.<\/p>\n<p class=\"_paragraph_o9xde_4 _paragraph_xtcu6_10 layout-component text-serif-m layout-normal text-serif-m layout-padded\">VG har spurt om Patel har noe \u00e5 legge til, eller om han \u00f8nsker \u00e5 kommentere hvordan det var \u00e5 v\u00e6re med i programmet. <\/p>\n<p class=\"_paragraph_o9xde_4 _paragraph_xtcu6_10 layout-component text-serif-m layout-normal layout-padded\"><strong class=\"_strong_o9xde_25\">Les ogs\u00e5:<\/strong> <a href=\"https:\/\/www.vg.no\/i\/pPqmL6\" data-track-element-type=\"Link\" data-track-id=\"link:pPqmL6\" class=\"_link_o9xde_39\" rel=\"nofollow noopener\" target=\"_blank\">Chirag i Karpe har giftet seg<\/a><\/p>\n<p class=\"_paragraph_o9xde_4 _paragraph_xtcu6_10 layout-component text-serif-m layout-normal text-serif-m layout-padded\">Artisten ble gift i sommer.<\/p>\n<p class=\"_paragraph_o9xde_4 _paragraph_xtcu6_10 layout-component text-serif-m layout-normal text-serif-m layout-padded\">Hans makker Magdi Omar Ytreeide Abdelmaguid (41) har v\u00e6rt gift med Oda Felicia Sigstad (36) siden 2011.<\/p>\n<p class=\"_paragraph_o9xde_4 _paragraph_xtcu6_10 layout-component text-serif-m layout-normal text-serif-m layout-padded\"><strong class=\"_strong_o9xde_25\">P\u00e5 sp\u00f8rsm\u00e5l om kj\u00e6rligheten, svarer Patel at han liker \u00e5 ha visse ting privat.<\/strong><\/p>\n<p class=\"_paragraph_o9xde_4 _paragraph_xtcu6_10 layout-component text-serif-m layout-normal text-serif-m layout-padded\">\u2013 Det g\u00e5r bra. Det g\u00e5r veldig fint.<\/p>\n<p class=\"_paragraph_o9xde_4 _paragraph_xtcu6_10 layout-component text-serif-m layout-normal text-serif-m layout-padded\">\u00abF\u00f8lelsen av \u00e5 bli forst\u00e5tt\u00bb sier han er det beste med \u00e5 ha kj\u00e6reste.<\/p>\n<p class=\"_paragraph_o9xde_4 _paragraph_xtcu6_10 layout-component text-serif-m layout-normal text-serif-m layout-padded\"><a href=\"https:\/\/www.vg.no\/tag\/karpe?utm_source=vg-article&amp;utm_medium=auto-tagger&amp;utm_campaign=EydQy3\" class=\"_link_o9xde_39\" rel=\"nofollow noopener\" target=\"_blank\">Karpe<\/a>-duoen kalte seg tidligere Karpe Diem.<\/p>\n<p class=\"_paragraph_o9xde_4 _paragraph_xtcu6_10 layout-component text-serif-m layout-normal text-serif-m layout-padded\">Sammen med makker Magdi Omar Ytreeide Abdelmaguid har Patel v\u00e6rt aktive siden 2000.<\/p>\n<p class=\"_paragraph_o9xde_4 _paragraph_xtcu6_10 layout-component text-serif-m layout-normal text-serif-m layout-padded\">I 2022 skrev dueon pophistorie ved \u00e5 fylle Oslo Spektrum ti ganger. I l\u00f8pet av den lange karrien har de v\u00e6re k\u00e5ret til \u00c5rets Spellemann ved to anledninger.<\/p>\n<p class=\"_paragraph_o9xde_4 _paragraph_xtcu6_10 layout-component text-serif-m layout-normal text-serif-m layout-padded\">Artisten kommentert ogs\u00e5 <a href=\"https:\/\/www.vg.no\/i\/P4mdy0\" data-track-element-type=\"Link\" data-track-id=\"link:P4mdy0\" class=\"_link_o9xde_39\" rel=\"nofollow noopener\" target=\"_blank\">europaturneen <\/a>som duoen var p\u00e5 i 2023, og at det beste er \u00e5 opptre for et norsk publikum som skj\u00f8nner tekstene.<\/p>\n<p class=\"_paragraph_o9xde_4 _paragraph_xtcu6_10 layout-component text-serif-m layout-normal text-serif-m layout-padded\">Han er Karpes opptreden i Coke Studio Pakistan:<\/p>\n","protected":false},"excerpt":{"rendered":"Artisten f\u00e5r sp\u00f8rsm\u00e5l om alt fra rasisme, navnebytte og kj\u00e6rlighet. Oppdatert onsdag 22. oktober kl. 06:26 Chirag Patel&hellip;\n","protected":false},"author":2,"featured_media":66778,"comment_status":"","ping_status":"","sticky":false,"template":"","format":"standard","meta":{"footnotes":""},"categories":[58],"tags":[5368,71,5737,221,30,28,29,787,72],"class_list":{"0":"post-66777","1":"post","2":"type-post","3":"status-publish","4":"format-standard","5":"has-post-thumbnail","7":"category-underholdning","8":"tag-a-laget","9":"tag-entertainment","10":"tag-karpe","11":"tag-musikk","12":"tag-no","13":"tag-norge","14":"tag-norway","15":"tag-nrk","16":"tag-underholdning"},"share_on_mastodon":{"url":"","error":""},"_links":{"self":[{"href":"https:\/\/www.europesays.com\/no\/wp-json\/wp\/v2\/posts\/66777","targetHints":{"allow":["GET"]}}],"collection":[{"href":"https:\/\/www.europesays.com\/no\/wp-json\/wp\/v2\/posts"}],"about":[{"href":"https:\/\/www.europesays.com\/no\/wp-json\/wp\/v2\/types\/post"}],"author":[{"embeddable":true,"href":"https:\/\/www.europesays.com\/no\/wp-json\/wp\/v2\/users\/2"}],"replies":[{"embeddable":true,"href":"https:\/\/www.europesays.com\/no\/wp-json\/wp\/v2\/comments?post=66777"}],"version-history":[{"count":0,"href":"https:\/\/www.europesays.com\/no\/wp-json\/wp\/v2\/posts\/66777\/revisions"}],"wp:featuredmedia":[{"embeddable":true,"href":"https:\/\/www.europesays.com\/no\/wp-json\/wp\/v2\/media\/66778"}],"wp:attachment":[{"href":"https:\/\/www.europesays.com\/no\/wp-json\/wp\/v2\/media?parent=66777"}],"wp:term":[{"taxonomy":"category","embeddable":true,"href":"https:\/\/www.europesays.com\/no\/wp-json\/wp\/v2\/categories?post=66777"},{"taxonomy":"post_tag","embeddable":true,"href":"https:\/\/www.europesays.com\/no\/wp-json\/wp\/v2\/tags?post=66777"}],"curies":[{"name":"wp","href":"https:\/\/api.w.org\/{rel}","templated":true}]}}