{"id":66781,"date":"2025-10-22T04:47:35","date_gmt":"2025-10-22T04:47:35","guid":{"rendered":"https:\/\/www.europesays.com\/no\/66781\/"},"modified":"2025-10-22T04:47:35","modified_gmt":"2025-10-22T04:47:35","slug":"fodte-uten-alexander-sorloth-til-stede-2","status":"publish","type":"post","link":"https:\/\/www.europesays.com\/no\/66781\/","title":{"rendered":"F\u00f8dte uten Alexander S\u00f8rloth til stede"},"content":{"rendered":"<p class=\"kicker \" style=\"\">Lena Selnes:\u00a0<\/p>\n<p>  Da Lena Selnes og Alexander S\u00f8rloth skulle f\u00e5 sitt f\u00f8rste barn, fikk ikke fotballstjernen bli med inn p\u00e5 f\u00f8destuen.\u00a0<\/p>\n<p>\n    SNART TOBARNSFORELDRE: Fotballstjerna Alexander S\u00f8rloth og Lena Selnes blir snart foreldre igjen. N\u00e5 \u00e5pner Selnes opp om da hun f\u00f8dte datteren. Foto: Skjermdump Instagram @lenaselnes\n  <\/p>\n<p>Landslagsstjerne og Atl\u00e9tico Madrid-spilleren Alexander S\u00f8rloth (29) og kj\u00e6resten Lena Selnes (29) blir snart tobarnsforeldre. Gladnyheten r\u00f8pte S\u00f8rloth da han puttet en fotball under drakten etter 3\u20130-seieren over Italia i juni.<\/p>\n<p class=\"font-weight-bold m-font-weight-bold\" data-lab-font_weight=\"font-weight-bold\">Paret, som har v\u00e6rt sammen i ti \u00e5r, har i dag bostedsadresse b\u00e5de i Madrid og i Oslo. I 2024 \u00f8nsket de sitt f\u00f8rste barn velkommen til verden.<\/p>\n<p>    <a itemprop=\"url\" href=\"https:\/\/www.seher.no\/kjendis\/jeg-fortjener-lonna-mi\/83744602\" rel=\"nofollow noopener\" target=\"_blank\"><\/p>\n<p>      <img loading=\"lazy\" decoding=\"async\" src=\"https:\/\/www.europesays.com\/no\/wp-content\/uploads\/2025\/10\/83018395.webp\" width=\"980\" height=\"441\" title=\"- Jeg fortjener l\u00f8nna mi\" alt=\"\" class=\"lazyload\" style=\"--aspect-ratio-image: 2.22; \"\/><\/p>\n<p>        &#8211; Jeg fortjener l\u00f8nna mi<\/p>\n<p>    <\/a><\/p>\n<p>P\u00e5 fotballbanen er S\u00f8rloth og landslaget i bedre form enn p\u00e5 lenge &#8211; og n\u00e5 snuser de p\u00e5 en VM-plass neste sommer. Til tross for at 29-\u00e5ringen er en av landets beste fotballspillere, har han og kj\u00e6resten v\u00e6rt opptatt av \u00e5 verne om familielivet.<\/p>\n<p> Men n\u00e5 \u00e5pner Selnes opp om dagen da datteren ble f\u00f8dt for halvannet \u00e5r siden. I Tuva Fellmanns (38) podkast \u00ab<a href=\"https:\/\/podimo.com\/no\/shows\/fodselspodden?pc=no_paid_1m9&amp;wpsrc=google&amp;wpcid=14320013727&amp;wpscid=137125312238&amp;wpcrid=657038333974&amp;wpkwid=kwd-1683015891244&amp;wpkwn=f%C3%B8dselspodden+podimo&amp;wpkmatch=b&amp;wpsnetn=g&amp;utm_source=google&amp;utm_medium=cpc&amp;utm_campaign=show&amp;utm_term=NO_FODS%2F%3Fwpsrc%3Dgoogle&amp;wpcid=14320013727&amp;wpscid=137125312238&amp;wpcrid=657038333974&amp;wpkwid=kwd-1683015891244&amp;wpkwn=f%C3%B8dselspodden+podimo&amp;wpkmatch=b&amp;wpsnetn=g&amp;gad_source=1&amp;episode=2b18225e-c2d1-4b1d-aefe-1564060d4927\" target=\"_blank\" rel=\"nofollow noopener\">F\u00f8dselspodden<\/a>\u00bb forteller 29-\u00e5ringen at S\u00f8rloth ikke fikk v\u00e6re med inn p\u00e5 f\u00f8destua &#8211; og hvordan hun fortalte ham at han hadde blitt far. <\/p>\n<p><a href=\"https:\/\/www.nettavisen.no\/kjendis\/lena-selnes-fodte-uten-kjaresten-alexander-sorloth-til-stede\/s\/5-95-2682036\" rel=\"nofollow noopener\" target=\"_blank\">Nettavisen<\/a> omtalte saken f\u00f8rst.<\/p>\n<p>&#8211; Du f\u00e5r ikke v\u00e6re med\t<\/p>\n<p>Til tross for at de to har v\u00e6rt sammen i mange \u00e5r, er det \u00e9n ting de aldri gj\u00f8r foran hverandre: verken fjerter eller raper.<\/p>\n<p>Selnes forteller at hun er sv\u00e6rt privat n\u00e5r det kommer til slike ting, noe som ogs\u00e5 p\u00e5virket valget om \u00e5 f\u00f8de alene.<\/p>\n<p>    <a itemprop=\"url\" href=\"https:\/\/www.seher.no\/kjendis\/bryter-tausheten\/83747607\" rel=\"nofollow noopener\" target=\"_blank\"><\/p>\n<p>      <img loading=\"lazy\" decoding=\"async\" src=\"https:\/\/www.europesays.com\/no\/wp-content\/uploads\/2025\/10\/83747593.webp\" width=\"980\" height=\"441\" title=\"Bryter tausheten\" alt=\"\" class=\"lazyload\" style=\"--aspect-ratio-image: 2.22; \"\/><\/p>\n<p>        Bryter tausheten<\/p>\n<p>    <\/a><\/p>\n<p class=\"font-weight-bold m-font-weight-bold\" data-lab-font_weight=\"font-weight-bold\">&#8211; Aller f\u00f8rst tenkte jeg at han skal ikke v\u00e6re med uansett. Jeg er veldig privat av meg, s\u00e5 tanken p\u00e5 alle luktene og lydene gjorde at det ikke var veldig fristende \u00e5 ha ham med. Jeg sa det til ham til \u00e5 begynne med: \u00abDu f\u00e5r ikke v\u00e6re med\u00bb, forteller hun.<\/p>\n<p>&#8211; Jeg hadde tenkt mer p\u00e5 akkurat det under en f\u00f8dsel enn at jeg skulle f\u00f8de, og det hadde irritert meg hvis jeg hadde m\u00e5ttet ta hensyn til det n\u00e5r det er jeg som skal f\u00f8de og ikke han, fortsetter 29-\u00e5ringen.<\/p>\n<p>Sendte melding\u00a0\t<\/p>\n<p>Datteren kom til verden da paret bodde i Valencia, mens S\u00f8rloth spilte for Villarreal.<\/p>\n<p>        AKILLESH\u00c6L: \u00abHotellet\u00bb-deltakerene Emilie \u00abVoe\u00bb Nereng og ektemannen Mike Hansson forklarer hvorfor Emilies fjes er deres st\u00f8rste akillsh\u00e6l i programmet. Reportere: Thea Hope\/ Kine Falch. Video: TV 2\/ R\u00f8d L\u00f8per\/ Sanne Holt<\/p>\n<p> I podkasten forteller Selnes at kj\u00e6resten ikke visste at datteren var f\u00f8dt. Siden hun ikke ville vekke ham tidlig p\u00e5 en kampdag, valgte hun \u00e5 sende en melding for \u00e5 fortelle nyheten. <\/p>\n<p>I podkasten kommer det ogs\u00e5 frem at\u00a0Selnes f\u00f8dte p\u00e5 et privatsykehus i Spania, noe som paret m\u00e5tte betalte svimlende 55 000 kroner for.<\/p>\n<p class=\"italic m-italic\" data-lab-italic=\"italic\">Lena Selnes har forel\u00f8pig ikke besvart v\u00e5r henvendelse i forbindelse med denne saken.\u00a0<\/p>\n","protected":false},"excerpt":{"rendered":"Lena Selnes:\u00a0 Da Lena Selnes og Alexander S\u00f8rloth skulle f\u00e5 sitt f\u00f8rste barn, fikk ikke fotballstjernen bli med&hellip;\n","protected":false},"author":2,"featured_media":65909,"comment_status":"","ping_status":"","sticky":false,"template":"","format":"standard","meta":{"footnotes":""},"categories":[59],"tags":[3033,479,2543,9453,30,28,29,83,82],"class_list":{"0":"post-66781","1":"post","2":"type-post","3":"status-publish","4":"format-standard","5":"has-post-thumbnail","7":"category-sport","8":"tag-alexander-sorloth","9":"tag-kjendis","10":"tag-kjendisdesken","11":"tag-lena-selnes","12":"tag-no","13":"tag-norge","14":"tag-norway","15":"tag-sport","16":"tag-sports"},"share_on_mastodon":{"url":"","error":""},"_links":{"self":[{"href":"https:\/\/www.europesays.com\/no\/wp-json\/wp\/v2\/posts\/66781","targetHints":{"allow":["GET"]}}],"collection":[{"href":"https:\/\/www.europesays.com\/no\/wp-json\/wp\/v2\/posts"}],"about":[{"href":"https:\/\/www.europesays.com\/no\/wp-json\/wp\/v2\/types\/post"}],"author":[{"embeddable":true,"href":"https:\/\/www.europesays.com\/no\/wp-json\/wp\/v2\/users\/2"}],"replies":[{"embeddable":true,"href":"https:\/\/www.europesays.com\/no\/wp-json\/wp\/v2\/comments?post=66781"}],"version-history":[{"count":0,"href":"https:\/\/www.europesays.com\/no\/wp-json\/wp\/v2\/posts\/66781\/revisions"}],"wp:featuredmedia":[{"embeddable":true,"href":"https:\/\/www.europesays.com\/no\/wp-json\/wp\/v2\/media\/65909"}],"wp:attachment":[{"href":"https:\/\/www.europesays.com\/no\/wp-json\/wp\/v2\/media?parent=66781"}],"wp:term":[{"taxonomy":"category","embeddable":true,"href":"https:\/\/www.europesays.com\/no\/wp-json\/wp\/v2\/categories?post=66781"},{"taxonomy":"post_tag","embeddable":true,"href":"https:\/\/www.europesays.com\/no\/wp-json\/wp\/v2\/tags?post=66781"}],"curies":[{"name":"wp","href":"https:\/\/api.w.org\/{rel}","templated":true}]}}