{"id":66782,"date":"2025-10-22T04:52:23","date_gmt":"2025-10-22T04:52:23","guid":{"rendered":"https:\/\/www.europesays.com\/no\/66782\/"},"modified":"2025-10-22T04:52:23","modified_gmt":"2025-10-22T04:52:23","slug":"byrad-ber-folk-droppe-fiskestanga","status":"publish","type":"post","link":"https:\/\/www.europesays.com\/no\/66782\/","title":{"rendered":"Byr\u00e5d ber folk droppe fiskestanga"},"content":{"rendered":"<p>&#8211; Det er begrenset hva vi kan gj\u00f8re, og det er det som f\u00f8les litt fortvilende n\u00e5.<\/p>\n<p>Dagbladet m\u00f8ter byr\u00e5d for Milj\u00f8 og samferdsel i Oslo, Marit Kristine Vea (V), p\u00e5 R\u00e5dhuskaia i Oslo.<\/p>\n<p>Ute p\u00e5 fjorden dykker to tilsynelatende friske fugler etter fisk. Det er disse fuglene Vea har m\u00f8tt oss for \u00e5 snakke om:<\/p>\n<p>          <img loading=\"lazy\" decoding=\"async\" src=\"https:\/\/www.europesays.com\/no\/wp-content\/uploads\/2025\/10\/83750005.webp\" width=\"980\" height=\"559\" title=\"PINGVIN? Lomviene kan, i motsetning til pingviner, fly. Men det er i vannet de er i sitt rette element. Foto: John Terje Pedersen \/ Dagbladet\" alt=\"\" class=\"\" style=\"--aspect-ratio-image: 1.75; \"\/><\/p>\n<p>\n          PINGVIN? Lomviene kan, i motsetning til pingviner, fly. Men det er i vannet de er i sitt rette element. Foto: John Terje Pedersen \/ Dagbladet\n      <\/p>\n<p>Lomviene.<\/p>\n<p>De siste ukene har kommuner rundt Oslofjorden opplevd mengder av alkefuglen som havner p\u00e5 avveie under sine trekk s\u00f8rover for vinteren.<\/p>\n<p>Fuglene lander p\u00e5 asfalt, i leiligheter og i vann. Mange er avmagret. Flere d\u00f8r.<\/p>\n<p>&#8211; Klarer seg ikke\t<\/p>\n<p>Frivillige jobber d\u00f8gnet rundt for \u00e5 redde og mate fuglene.<\/p>\n<p>&#8211; De omtales jo som den nordlige halvkules pingviner. De er mestere under vann, men de klarer seg rett og slett ikke over vann, sier Vea.<\/p>\n<p>Byr\u00e5den forteller at kommunen bist\u00e5r frivillige med lokaler s\u00e5nn at fuglene f\u00e5r hjelp. Vea hyller hjelpearbeiderne.<\/p>\n<p>    Lomvi:<\/p>\n<ul>\n<li class=\"lab-bodytext-line\">Fugleart i alkefamilien<\/li>\n<li class=\"lab-bodytext-line\">Hekker fra Vestlandet og nordover, flest lomvier hekker i Nord-Norge<\/li>\n<li class=\"lab-bodytext-line\">Spiser fisk<\/li>\n<li class=\"lab-bodytext-line\">Bestanden har hatt en dramatisk tilbakegang i flere ti\u00e5r<\/li>\n<li class=\"lab-bodytext-line\">Trekker s\u00f8rover om h\u00f8sten<\/li>\n<\/ul>\n<p>Kilde: Store Norske Leksikon<\/p>\n<p>      Vis mer<br \/>\n      Vis mindre<\/p>\n<p>&#8211;\u00a0Jeg vil rette en stor takk til de menneskene som n\u00e5 utf\u00f8rer helt uvurderlig krisehjelp for disse fuglene. N\u00e5r lomviene lander p\u00e5 land s\u00e5 er de rett og slett helt avhengig av \u00e5 bli fraktet til sj\u00f8en igjen, sier Vea og legger til:<\/p>\n<p>&#8211; Finner du en lomvi p\u00e5 land, kan du putte den forsiktig i en pappeske og f\u00e5 den til sj\u00f8en igjen.<\/p>\n<p>Og det gj\u00f8r folk. Ved operastranda og i flere kommuner langs Oslofjorden koordinerer frivillige n\u00e5 innsats for \u00e5 hjelpe de svarte og hvite sj\u00f8fuglene.<\/p>\n<p>Lomviene er en r\u00f8dlistet art. Hvert eneste invidid betyr noe for bestanden. I tillegg f\u00e5r lomviene kun ett avkom i \u00e5ret. Derfor er hver eneste fugled\u00f8d et innhogg i totalbestanden.<\/p>\n<p>    <a itemprop=\"url\" href=\"https:\/\/www.dagbladet.no\/nyheter\/frykter-massedod-skummelt\/83714970\" rel=\"nofollow noopener\" target=\"_blank\"><\/p>\n<p>      <img loading=\"lazy\" decoding=\"async\" src=\"https:\/\/www.europesays.com\/no\/wp-content\/uploads\/2025\/10\/1761108735_111_83716406.webp\" width=\"980\" height=\"441\" title=\"Frykter massed\u00f8d: - Skummelt\" alt=\"\" class=\"lazyload\" style=\"--aspect-ratio-image: 2.22; \"\/><\/p>\n<p>        Frykter massed\u00f8d: &#8211; Skummelt<\/p>\n<p>    <\/a><\/p>\n<p>Beskjed: Dropp fiskestanga\t<\/p>\n<p>I tillegg til asfalt, bygninger og fisketom fjord har det ogs\u00e5 dukket opp enda en fare for lomviene. Fiskere.<\/p>\n<p>Fram til 1. januar 2026 er det lov \u00e5 fiske i Oslofjorden. Mange fiskere bruker gjerne brisling eller agnsild for \u00e5 fiske makrell.<\/p>\n<p>Det er de samme agnfiskene som lomviene spiser. Dagbladet har f\u00e5tt tilsendt flere bilder av lomvier som blir skadd av fiskekroker.<\/p>\n<p>          <img loading=\"lazy\" decoding=\"async\" src=\"https:\/\/www.europesays.com\/no\/wp-content\/uploads\/2025\/10\/83750033.webp\" width=\"980\" height=\"559\" title=\"NAM: Lomviene er tillitsfulle n\u00e5r de f\u00e5r servert brisling. Foto: John Terje Pedersen \/ Dagbladet\" alt=\"\" class=\"\" style=\"--aspect-ratio-image: 1.75; \"\/><\/p>\n<p>\n          NAM: Lomviene er tillitsfulle n\u00e5r de f\u00e5r servert brisling. Foto: John Terje Pedersen \/ Dagbladet\n      <\/p>\n<p>&#8211; Jeg har en sterk oppfordring, sier Vea.<\/p>\n<p>&#8211; Fra 1. januar blir det totalforbud mot \u00e5\u00a0 fiske i fjorden. Det skal vare lenge, ti \u00e5r er fredningsperioden nasjonale myndigheter har vedtatt. Det er Oslo veldig glad for, men frem til da s\u00e5 st\u00e5r vi egentlig ganske uten virkemidler for \u00e5 forhindre fiske. <\/p>\n<p>&#8211; De frivillige rapporterer om lomvi som rett og slett g\u00e5r p\u00e5 kroken folk fisker med, fordi de er s\u00e5 sultne. Jeg vil p\u00e5 det sterkeste anmode folk \u00e5 ikke fiske n\u00e5r vi er inne i denne perioden med s\u00e5 mye lomvi som er desperat etter mat, sier byr\u00e5den.<\/p>\n<p>    <a itemprop=\"url\" href=\"https:\/\/www.dagbladet.no\/nyheter\/flere-dode-enn-levende\/80327239\" rel=\"nofollow noopener\" target=\"_blank\"><\/p>\n<p>      <img loading=\"lazy\" decoding=\"async\" src=\"https:\/\/www.europesays.com\/no\/wp-content\/uploads\/2025\/10\/80329717.webp\" width=\"980\" height=\"441\" title=\"- Flere d\u00f8de enn levende\" alt=\"\" class=\"lazyload\" style=\"--aspect-ratio-image: 2.22; \"\/><\/p>\n<p>        &#8211; Flere d\u00f8de enn levende<\/p>\n<p>    <\/a><\/p>\n<p>Jobber d\u00f8gnet rundt\t<\/p>\n<p>P\u00e5 Operastranda i Oslo holder Milj\u00f8operat\u00f8rene til &#8211; i tillegg til hundrevis av fugler. M\u00e5ker, lomvier, et par stokkender og noen skarver holder til i omr\u00e5det hvor de f\u00e5r mat og er trygge.<\/p>\n<p>Styreleder i Milj\u00f8operat\u00f8rene, Kim-Tore Christoffersen, bekrefter byr\u00e5dens situasjonsbeskrivelse.<\/p>\n<p>&#8211; Jeg har jobbet fra \u00e5tte p\u00e5 morgenen til \u00e5tte p\u00e5 kvelden i en m\u00e5ned, sier Christoffersen.<\/p>\n<p>    <a itemprop=\"url\" href=\"https:\/\/www.dagbladet.no\/meninger\/endelig-oslofjorden\/83393141\" rel=\"nofollow noopener\" target=\"_blank\"><\/p>\n<p>      <img loading=\"lazy\" decoding=\"async\" src=\"https:\/\/www.europesays.com\/no\/wp-content\/uploads\/2025\/10\/83394299.webp\" width=\"980\" height=\"441\" title=\"Endelig, Oslofjorden!\" alt=\"\" class=\"lazyload\" style=\"--aspect-ratio-image: 2.22; \"\/><\/p>\n<p>        Endelig, Oslofjorden!<\/p>\n<p>    <\/a><\/p>\n<p>Han forteller at de hver dag\u00a0f\u00f4rer lomviene med opp til 80 kilo brisling.<\/p>\n<p class=\"font-weight-bold m-font-weight-bold\" data-lab-font_weight=\"font-weight-bold\">&#8211; I tillegg g\u00e5r det 100 kilo t\u00f8rrf\u00f4r til m\u00e5kene, s\u00e5nn at lomviene f\u00e5r v\u00e6re i fred.<\/p>\n<p>Milj\u00f8operat\u00f8rene f\u00e5r inn lomvi fra hele byen, sier han. Det er ikke alltid livet st\u00e5r til \u00e5 redde.<\/p>\n<p>          <img loading=\"lazy\" decoding=\"async\" src=\"https:\/\/www.europesays.com\/no\/wp-content\/uploads\/2025\/10\/83750039.webp\" width=\"980\" height=\"559\" title=\"ST\u00c5R P\u00c5: Kim-Tore Christoffersen og Pernille Iser gj\u00f8r det de kan for \u00e5 redde lomvi i n\u00f8d. Foto: John Terje Pedersen \/ Dagbladet\" alt=\"\" class=\"\" style=\"--aspect-ratio-image: 1.75; \"\/><\/p>\n<p>\n          ST\u00c5R P\u00c5: Kim-Tore Christoffersen og Pernille Iser gj\u00f8r det de kan for \u00e5 redde lomvi i n\u00f8d. Foto: John Terje Pedersen \/ Dagbladet\n      <\/p>\n<p>&#8211; Vi fikk en d\u00f8ende en fra Kok p\u00e5 andre siden her, sier han og peker p\u00e5 badstuene som st\u00e5r tett i tett p\u00e5 andre siden av havna.<\/p>\n<p>&#8211; Vi har ogs\u00e5 hatt lomvier som har krasjet inn i Operahuset. Flere ganger har vi f\u00e5tt meldinger om lomvier p\u00e5 E18, legger han til.\u00a0<\/p>\n<p> Christoffersen og makker Pernille Iser kjenner godt til at fiskere, kroker og sn\u00f8rer er et problem for lomviene.<\/p>\n<p>&#8211; Jeg har frigjort lomvi som sitter fast i sene to ganger. De sendte vi til dyresykehus. De ble tatt r\u00f8ntgen av, og hadde heldigvis ikke krok i seg, sier milj\u00f8operat\u00f8ren.<\/p>\n<p>Dagbladet har f\u00e5tt tilsendt bilder av skadd lomvi av Facebook-gruppa\u00a0\u00abKrisehjelp for Lomviene i Oslofjorden\u00bb. Flere av bildene viser lomvi som har slukt kroker eller har kroker fast i kroppen.\u00a0<\/p>\n<p class=\"italic m-italic\" data-lab-italic=\"italic\">NB: Sterke bilder!<\/p>\n<p>&#8211; Har ikke mulighet\t<\/p>\n<p>Byr\u00e5d Vea forteller Dagbladet at Oslo kommune jobber sammen med Norsk institutt for naturforskning (NINA) for \u00e5 finne ut av de bakenforliggende \u00e5rsakene til at lomviene ender opp i Oslofjorden.<\/p>\n<p>&#8211; Og vi jobber for \u00e5 finne tiltak for \u00e5 forhindre at det skjer, sier hun.<\/p>\n<p>Byr\u00e5den har ogs\u00e5 f\u00e5tt med seg bildene av skadd lomvi som florerer i sosiale medier.<\/p>\n<p class=\"italic m-italic\" data-lab-italic=\"italic\">&#8211; Kan ikke Oslo kommune innf\u00f8re fiskeforbud?<\/p>\n<p>&#8211; Vi har ikke muligheter til \u00e5 innf\u00f8re et s\u00e5nt kriseforbud, sier Vea.<\/p>\n<p>Det har etaten sjekket opp, forteller hun. Vea peker p\u00e5 nasjonale myndigheter. Byr\u00e5den \u00f8nsker at fiskeforbudet, som kommer 1. januar, skal tre i kraft tidligere.<\/p>\n<p>&#8211; Jeg \u00f8nsker at regjeringen kan se p\u00e5 fiskeforbud n\u00e5, fordi det vi ser er jo den verst tenkelige m\u00e5ten for en lomvi \u00e5 ende sine dager p\u00e5. Det er jo ikke noe fiskere \u00f8nsker heller.<\/p>\n<p class=\"italic m-italic\" data-lab-italic=\"italic\">&#8211; Er det en klar oppfordring til regjeringen?<\/p>\n<p>&#8211; Ja, det er en klar oppfordring. Jeg vil tro de klarer \u00e5 finne en hjemmel for fiskeforbud. Det finner ikke vi i Oslo kommune &#8211; og vi har lett.<\/p>\n<p>    <a itemprop=\"url\" href=\"https:\/\/borsen.dagbladet.no\/nyheter\/slakter-oslofjordgrep-en-vits\/83727429\" rel=\"nofollow noopener\" target=\"_blank\"><\/p>\n<p>      <img loading=\"lazy\" decoding=\"async\" src=\"https:\/\/www.europesays.com\/no\/wp-content\/uploads\/2025\/10\/1761108741_81_83276295.webp\" width=\"980\" height=\"441\" title=\"Slakter Oslofjord\u2011grep: - En vits!\" alt=\"\" class=\"lazyload\" style=\"--aspect-ratio-image: 2.22; \"\/><\/p>\n<p>        Slakter Oslofjord\u2011grep: &#8211; En vits!<\/p>\n<p>    <\/a><\/p>\n<p>Veas h\u00e5p\t<\/p>\n<p>I tillegg til krisehjelpen til lomviene n\u00e5 &#8211; dette er ikke f\u00f8rste h\u00f8sten fuglene har ankommet Oslo en masse &#8211; h\u00e5per byr\u00e5den at fiskeforbudet som faktisk kommer i januar vil v\u00e6re et gode for fjorden p\u00e5 sikt.<\/p>\n<p>&#8211; Lomvien hadde jo hatt bedre sjanser til \u00e5 overleve hvis det var mer fisk her. Det er jo det forbudet handler om, at vi skal f\u00e5 \u00f8kosystemer som er b\u00e6rekraftige.\u00a0<\/p>\n<p>          <img loading=\"lazy\" decoding=\"async\" src=\"https:\/\/www.europesays.com\/no\/wp-content\/uploads\/2025\/10\/83750157.webp\" width=\"980\" height=\"559\" title=\"H\u00c5P: Byr\u00e5den h\u00e5per at hennes barn og kommende generasjoner kan oppleve en artsrik Oslofjord. Foto: JOhn Terje Pedersen \/ Dagbladet\" alt=\"\" class=\"\" style=\"--aspect-ratio-image: 1.75; \"\/><\/p>\n<p>\n          H\u00c5P: Byr\u00e5den h\u00e5per at hennes barn og kommende generasjoner kan oppleve en artsrik Oslofjord. Foto: JOhn Terje Pedersen \/ Dagbladet\n      <\/p>\n<p>&#8211; Neste gang fuglene kommer s\u00e5 har vi visstheten om at de ikke havner p\u00e5 fiskekroker, legger hun til.<\/p>\n<p> &#8211; Men n\u00e5r forbudet kommer &#8230; hvordan skal det h\u00e5ndheves? <\/p>\n<p>&#8211; I utgangspunktet er det en statlig oppgave, men jeg tenker at kommunen ogs\u00e5 er \u00e5pen for \u00e5 bidra. Ser vi at folk ikke f\u00f8lger reglene, m\u00e5 vi samarbeide om hvordan vi kan h\u00e5ndtere det.<\/p>\n<p>&#8211; Mitt h\u00e5p er jo at mine unger, som aldri har opplevd fiske s\u00e5nn som da jeg var ung, og kommende generasjoner, f\u00e5r oppleve en fjord du kan h\u00f8ste fra.<\/p>\n","protected":false},"excerpt":{"rendered":"&#8211; Det er begrenset hva vi kan gj\u00f8re, og det er det som f\u00f8les litt fortvilende n\u00e5. Dagbladet&hellip;\n","protected":false},"author":2,"featured_media":66783,"comment_status":"","ping_status":"","sticky":false,"template":"","format":"standard","meta":{"footnotes":""},"categories":[10],"tags":[20,21,2533,24,25,15,2539,22,23,9371,13,30,28,29,14,636,964,16,26,27,3930],"class_list":{"0":"post-66782","1":"post","2":"type-post","3":"status-publish","4":"format-standard","5":"has-post-thumbnail","7":"category-norge","8":"tag-breaking-news","9":"tag-breakingnews","10":"tag-byradet-i-oslo","11":"tag-featured-news","12":"tag-featurednews","13":"tag-headlines","14":"tag-innenriks","15":"tag-latest-news","16":"tag-latestnews","17":"tag-lomvi","18":"tag-news","19":"tag-no","20":"tag-norge","21":"tag-norway","22":"tag-nyheter","23":"tag-oslo","24":"tag-oslofjorden","25":"tag-overskrifter","26":"tag-top-stories","27":"tag-topstories","28":"tag-venstre"},"share_on_mastodon":{"url":"","error":""},"_links":{"self":[{"href":"https:\/\/www.europesays.com\/no\/wp-json\/wp\/v2\/posts\/66782","targetHints":{"allow":["GET"]}}],"collection":[{"href":"https:\/\/www.europesays.com\/no\/wp-json\/wp\/v2\/posts"}],"about":[{"href":"https:\/\/www.europesays.com\/no\/wp-json\/wp\/v2\/types\/post"}],"author":[{"embeddable":true,"href":"https:\/\/www.europesays.com\/no\/wp-json\/wp\/v2\/users\/2"}],"replies":[{"embeddable":true,"href":"https:\/\/www.europesays.com\/no\/wp-json\/wp\/v2\/comments?post=66782"}],"version-history":[{"count":0,"href":"https:\/\/www.europesays.com\/no\/wp-json\/wp\/v2\/posts\/66782\/revisions"}],"wp:featuredmedia":[{"embeddable":true,"href":"https:\/\/www.europesays.com\/no\/wp-json\/wp\/v2\/media\/66783"}],"wp:attachment":[{"href":"https:\/\/www.europesays.com\/no\/wp-json\/wp\/v2\/media?parent=66782"}],"wp:term":[{"taxonomy":"category","embeddable":true,"href":"https:\/\/www.europesays.com\/no\/wp-json\/wp\/v2\/categories?post=66782"},{"taxonomy":"post_tag","embeddable":true,"href":"https:\/\/www.europesays.com\/no\/wp-json\/wp\/v2\/tags?post=66782"}],"curies":[{"name":"wp","href":"https:\/\/api.w.org\/{rel}","templated":true}]}}