{"id":66800,"date":"2025-10-22T05:22:13","date_gmt":"2025-10-22T05:22:13","guid":{"rendered":"https:\/\/www.europesays.com\/no\/66800\/"},"modified":"2025-10-22T05:22:13","modified_gmt":"2025-10-22T05:22:13","slug":"virginia-giuffre-snakker-ut-i-selvbiografi-seks-maneder-etter-dodsfallet","status":"publish","type":"post","link":"https:\/\/www.europesays.com\/no\/66800\/","title":{"rendered":"Virginia Giuffre snakker ut i selvbiografi seks m\u00e5neder etter d\u00f8dsfallet"},"content":{"rendered":"<p class=\"kicker \" style=\"\">Virginia Guiffre:\u00a0<\/p>\n<p>  Seks m\u00e5neder etter at hun d\u00f8de, gis boka til Epstein-offeret Virginia Giuffre ut. I boka framkommer det nye, sterke p\u00e5stander.<\/p>\n<p>\n    SNAKKET UT: Virginia Giuffre brukte mange \u00e5r p\u00e5 \u00e5 fortelle sin historie. Seks m\u00e5neder at hun gikk bort, har det kommet en bok der nye p\u00e5stander kommer fram. Foto: AP \/ NTB Scanpix\n  <\/p>\n<p>Amerikanske Virginia Giuffre var det mest omtalte offeret til den overgrepsd\u00f8mte finansmannen Jeffrey Epstein.\u00a0<\/p>\n<p><a href=\"https:\/\/www.dagbladet.no\/kjendis\/dode\/83010870\" rel=\"nofollow noopener\" target=\"_blank\">Hun tok sitt eget liv 25. april i \u00e5r.<\/a><\/p>\n<p>    <a itemprop=\"url\" href=\"https:\/\/www.dagbladet.no\/kjendis\/kan-fortsatt-skape-problemer\/83740042\" rel=\"nofollow noopener\" target=\"_blank\"><\/p>\n<p>      <img loading=\"lazy\" decoding=\"async\" src=\"https:\/\/www.europesays.com\/no\/wp-content\/uploads\/2025\/10\/1761110530_396_83740128.webp\" width=\"980\" height=\"441\" title=\"- Kan fortsatt skape problemer\" alt=\"\" class=\"lazyload\" style=\"--aspect-ratio-image: 2.22; \"\/><\/p>\n<p>        &#8211; Kan fortsatt skape problemer<\/p>\n<p>    <\/a><\/p>\n<p>N\u00e5, seks m\u00e5neder etter at hun gikk bort, gis boka \u00abNobody\u2019s Girl: A Memoir of Surviving and Fighting for Justice\u00bb ut.<\/p>\n<p>Der kommer det fram flere detaljer om hvordan livet med Epstein og hans mange\u00e5rige partner Ghislaine Maxwell (65), fra\u00a0Giuffres st\u00e5sted, s\u00e5 ut. <a href=\"https:\/\/www.telegraph.co.uk\/books\/non-fiction\/nobodys-girl-by-virginia-giuffre-review\/\" rel=\"nofollow noopener\" target=\"_blank\">The Telegraph<\/a>,\u00a0<a href=\"https:\/\/apnews.com\/article\/prince-andrew-virginia-giuffre-book-memoir-c05a382e3505f23eef5288bcdcba328a\" rel=\"nofollow noopener\" target=\"_blank\">New York Post<\/a> og <a href=\"https:\/\/apnews.com\/article\/prince-andrew-virginia-giuffre-book-memoir-c05a382e3505f23eef5288bcdcba328a\" rel=\"nofollow noopener\" target=\"_blank\">AP<\/a> er blant mediene som har omtalt innholdet.<\/p>\n<p>    Jeffrey Epstein og Ghislaine Maxwell<\/p>\n<p>Jeffrey Epstein, en velst\u00e5ende finansmann og d\u00f8mt seksualforbryter, sto overfor anklager om menneskehandel med mindre\u00e5rige da han tok sitt eget liv i fengsel i\u00a02019. Han hadde erkl\u00e6rt seg ikke skyldig, og saken ble henlagt etter hans d\u00f8d.<\/p>\n<p>To \u00e5r senere ble Epsteins tidligere kj\u00e6reste\u00a0Ghislaine\u00a0Maxwell funnet skyldig i \u00e5 ha rekruttert og manipulert unge jenter og kvinner til \u00e5 ha sex med\u00a0Epstein.<a href=\"https:\/\/www.dagbladet.no\/nyheter\/flyttes-avsky-og-raseri\/83409884\" rel=\"nofollow noopener\" target=\"_blank\">\u00a0Hun soner n\u00e5 en dom p\u00e5 20 \u00e5r.<\/a><\/p>\n<p>      Vis mer<br \/>\n      Vis mindre<\/p>\n<p>          <img loading=\"lazy\" decoding=\"async\" src=\"https:\/\/www.europesays.com\/no\/wp-content\/uploads\/2025\/10\/83725077.webp\" width=\"686\" height=\"501\" title=\"PARTNERE: Ghislaine Maxwell og Jeffrey Epstein rekrutterte Virginia Giuffre da hun var 17 \u00e5r gammel. Foto: Shutterstock \/ NTB\" alt=\"\" class=\"\" style=\"--aspect-ratio-image: 1.37; \"\/><\/p>\n<p>\n          PARTNERE: Ghislaine Maxwell og Jeffrey Epstein rekrutterte Virginia Giuffre da hun var 17 \u00e5r gammel. Foto: Shutterstock \/ NTB\n      <\/p>\n<p>&#8211; Voldtatt av statsminister\t<\/p>\n<p>I boka skriver Giuffre at hun f\u00f8rst ble ansatt av Epstein og Maxwell som mass\u00f8r, men hevder at det raskt utviklet seg til seksuelle tjenester. B\u00e5de Epstein og Maxwell, samt en rekke gjester, skal ha misbrukt henne seksuelt i \u00e5ra etter.\u00a0<\/p>\n<p>Blant gjestene forteller hun om en mann hun omtaler som \u00aben kjent statsminister\u00bb. Han skal ha banket henne opp og voldtatt henne gjentatte ganger p\u00e5 Epsteins private \u00f8y, Little St. James.<\/p>\n<p>          <img loading=\"lazy\" decoding=\"async\" src=\"https:\/\/www.europesays.com\/no\/wp-content\/uploads\/2025\/10\/83012931.webp\" width=\"686\" height=\"769\" title=\"GROOMET: If\u00f8lge Virginia Giuffre ble hun groomet av Epsteins partner, Ghislaine Maxwell, da hun jobbet p\u00e5 Mar-a-Lago i Florida. Foto: Handout \/ US District Court - Southern District of New York\/ AFP\/NTB\" alt=\"\" class=\"\" style=\"--aspect-ratio-image: 0.89; \"\/><\/p>\n<p>\n          GROOMET: If\u00f8lge Virginia Giuffre ble hun groomet av Epsteins partner, Ghislaine Maxwell, da hun jobbet p\u00e5 Mar-a-Lago i Florida. Foto: Handout \/ US District Court &#8211; Southern District of New York\/ AFP\/NTB\n      <\/p>\n<p>Statsministeren, som hun konsekvent omtaler uten navn, skal ha gjort det klart for henne s\u00e5 fort de var alene at han ikke bare var ute etter sex, men ogs\u00e5 vold, hevder Giuffre.\u00a0<\/p>\n<p class=\"font-weight-bold m-font-weight-bold\" data-lab-font_weight=\"font-weight-bold\">\u00abHan kvelte meg til jeg mistet bevisstheten. Han likte \u00e5 se at jeg fryktet for livet mitt. Statsministeren lo n\u00e5r han skadet meg, og ble mer opphisset da jeg b\u00f8nnfalte ham om \u00e5 stoppe. Jeg forlot rommet mens jeg bl\u00f8dde fra munnen, vagina og anus. Det gjorde vondt \u00e5 puste og svelge i dagesvis\u00bb, skriver hun.<\/p>\n<p>I etterkant skal hun ha fortalt Epstein om hendelsen og bedt ham innstendig om \u00e5 slippe \u00e5 m\u00f8te statsministeren igjen. Da skal Epstein ha svart at \u00abs\u00e5nne ting skjer noen ganger\u00bb.<\/p>\n<p>          <img loading=\"lazy\" decoding=\"async\" src=\"https:\/\/www.europesays.com\/no\/wp-content\/uploads\/2025\/10\/74550154.webp\" width=\"980\" height=\"559\" title=\"PRIVAT \u00d8Y: Virginia Guiffre har fortalt om sv\u00e6rt mange seksuelle overgrep p\u00e5 Jeffrey Epsteins private \u00f8y i Karibia, Little St. James. Foto: GRHO\" alt=\"\" class=\"\" style=\"--aspect-ratio-image: 1.75; \"\/><\/p>\n<p>\n          PRIVAT \u00d8Y: Virginia Guiffre har fortalt om sv\u00e6rt mange seksuelle overgrep p\u00e5 Jeffrey Epsteins private \u00f8y i Karibia, Little St. James. Foto: GRHO\n      <\/p>\n<p>Giuffre forteller at hun likevel ble sendt tilbake til mannen, denne gangen om bord p\u00e5 Epsteins private fly, som hadde kallenavnet \u00abLolita Express\u00bb. Hun beskriver m\u00f8tet som mindre voldelig enn det f\u00f8rste, men at frykten for hva han kunne gj\u00f8re mot henne fortsatt var der.\u00a0<\/p>\n<p>At Epstein sendte henne tilbake til mannen, til tross for b\u00f8nnene hennes, fikk henne til \u00e5 se ham med nye \u00f8yne, skriver hun.\u00a0<\/p>\n<p>\u00abFram til da hadde jeg gitt ham tvilen til gode og trodd at han brydde seg om jentene i nettverket\u00bb.<\/p>\n<p>        PRINS P\u00c5 FEST: I kj\u00f8lvannet av overgrepsanklager og sp\u00f8rsm\u00e5l rundt vennskapet til avd\u00f8de Jeffrey Epstein, sier prins Andrew i et nytt intervju at han ikke skj\u00f8nner hvordan han har f\u00e5tt stempelet som \u00abpartyprins\u00bb, da han ikke lenger fester. Bilder av prinsen i Saint-Tropez sier det motsatte. Foto: Coleman-Rayner \/ Stella Pictures. Klipp: Emilie Rydning<\/p>\n<p>&#8211; Orgie med prins Andrew\t<\/p>\n<p>Giuffre hevder ogs\u00e5 at hun hadde sex med prins Andrew (65) ved tre anledninger. Den tredje gangen skjedde p\u00e5 Epsteins \u00f8y som en del av det hun omtaler som \u00aben orgie\u00bb.<\/p>\n<p class=\"font-weight-bold m-font-weight-bold\" data-lab-font_weight=\"font-weight-bold\">\u00abEpstein, Andy og rundt \u00e5tte andre unge jenter og jeg hadde sex sammen. De andre jentene s\u00e5 alle ut til \u00e5 v\u00e6re under 18 \u00e5r og snakket ikke engelsk. Epstein lo av at de ikke kunne kommunisere ordentlig, og sa at de var de enkleste jentene \u00e5 ha med \u00e5 gj\u00f8re\u00bb.<\/p>\n<p>          <img loading=\"lazy\" decoding=\"async\" src=\"https:\/\/www.europesays.com\/no\/wp-content\/uploads\/2025\/10\/83638069.webp\" width=\"686\" height=\"645\" title=\"BILDET: Giuffre inngikk forlik med b\u00e5de Epstein og prins Andrew. Selv om Andrew betalte millioner til henne i forliket, benektet han likevel at han noensinne hadde m\u00f8tt Giuffre. Foto: Handout \/ NTB\" alt=\"\" class=\"\" style=\"--aspect-ratio-image: 1.06; \"\/><\/p>\n<p>\n          BILDET: Giuffre inngikk forlik med b\u00e5de Epstein og prins Andrew. Selv om Andrew betalte millioner til henne i forliket, benektet han likevel at han noensinne hadde m\u00f8tt Giuffre. Foto: Handout \/ NTB\n      <\/p>\n<p>Seinere beskriver hun hvordan hun reagerte da hun s\u00e5 bildet av Epstein og prins Andrew g\u00e5ende sammen i Central Park i New York, som ble publisert i aviser verden over i 2011.<\/p>\n<p class=\"font-weight-bold m-font-weight-bold\" data-lab-font_weight=\"font-weight-bold\">\u00abMest av alt var jeg sjokkert over at et medlem av kongefamilien kunne v\u00e6re s\u00e5 dum at han viste seg offentlig sammen med Epstein\u00bb.<\/p>\n<p>        PRINS ANDREW: Virginia Guiffre sier at Jeffrey Epstein fl\u00f8y henne til London for \u00e5 ha sex med prins Andrew. Video: BBC. Reporter: Elias Kr. Zahl-Pettersen<\/p>\n<p>Prins Andrew, som inngikk et <a href=\"https:\/\/www.dagbladet.no\/kjendis\/har-inngatt-forlik\/75394853\" rel=\"nofollow noopener\" target=\"_blank\">\u00f8konomisk forlik med Giuffre i 2022<\/a>, har gjentatte ganger nektet for \u00e5 ha gjort noe galt.\u00a0<\/p>\n<p>I et intervju med <a href=\"https:\/\/www.bbc.com\/news\/uk-50446065\" rel=\"nofollow noopener\" target=\"_blank\">BBC Newsnight<\/a> i 2019 sa han at han ikke husker \u00e5 ha m\u00f8tt henne \u00abi det hele tatt\u00bb, og at de \u00abaldri hadde noen form for seksuell kontakt\u00bb.<\/p>\n<p>Andrew hevdet ogs\u00e5 i \u00abNewsnight\u00bb-intervjuet at han ikke hadde noe kontakt med Epstein etter desember 2010. <a href=\"https:\/\/www.dagbladet.no\/kjendis\/etter-sjokkbildet-vi-skal-leke-mer-snart\/83712588\" rel=\"nofollow noopener\" target=\"_blank\">Nylig kom det fram lekkede e-poster som viste at de to derimot hadde kontakt<\/a>.\u00a0Kort tid senere ble det kjent at <a href=\"https:\/\/www.dagbladet.no\/kjendis\/prins-andrew-gir-fra-seg-titlene-sine\/83739291\" rel=\"nofollow noopener\" target=\"_blank\">prins Andrew ikke lenger vil bruke sine kongelige titler.\u00a0<\/a><\/p>\n<p>Slutter \u00e5 bruke titlene\t<\/p>\n<p>Forrige helg dukket det ogs\u00e5 opp p\u00e5stander om at prins Andrew skal ha bedt en ansatt ved politistyrken som har i oppgave \u00e5 beskytte medlemmer av det britiske kongehuset, om \u00e5\u00a0\u00abgrave opp dritt\u00bb p\u00e5 Giuffre i 2011.\u00a0<\/p>\n<p>Etter at han ga fra seg titlene sine, hevder en kilde i Buckingham Palace overfor <a href=\"https:\/\/news.sky.com\/story\/prince-andrew-allegations-should-be-examined-in-proper-and-fullest-ways-palace-source-says-13453933\" rel=\"nofollow noopener\" target=\"_blank\">Sky News<\/a> at den britiske kongefamilien mener anklagene mot prins Andrew \u00abm\u00e5 unders\u00f8kes fullt ut, p\u00e5 en passende m\u00e5te\u00bb.<\/p>\n<p>Til tross for at prinsen nekter for alle anklager, hevder kilden at \u00abde nye anklagene som har kommet opp er veldig alvorlige og en stor bekymring\u00bb.<\/p>\n<p>    <a itemprop=\"url\" href=\"https:\/\/www.dagbladet.no\/kjendis\/etterforskes-av-politiet\/83744360\" rel=\"nofollow noopener\" target=\"_blank\"><\/p>\n<p>      <img loading=\"lazy\" decoding=\"async\" src=\"https:\/\/www.europesays.com\/no\/wp-content\/uploads\/2025\/10\/83744459.webp\" width=\"980\" height=\"441\" title=\"Etterforskes av politiet\" alt=\"\" class=\"lazyload\" style=\"--aspect-ratio-image: 2.22; \"\/><\/p>\n<p>        Etterforskes av politiet<\/p>\n<p>    <\/a><\/p>\n<p>Spontanabort etter overgrep\t<\/p>\n<p>Tilbake i boka, kort tid etter den p\u00e5st\u00e5tte orgien, forteller Giuffre at hun \u00abikke var i s\u00e6rlig god form\u00bb og hadde uregelmessige bl\u00f8dninger og \u00f8mhet i magen.<\/p>\n<p>Hun skriver at Epstein skal ha tatt henne med til et sykehus, der hun husker \u00e5 ha blitt f\u00f8rt inn p\u00e5 et unders\u00f8kelsesrom. Hun er ikke sikker p\u00e5 hva som skjedde videre fordi hun skal ha f\u00e5tt smertestillende som p\u00e5virket hukommelsen.<\/p>\n<p>          <img loading=\"lazy\" decoding=\"async\" src=\"https:\/\/www.europesays.com\/no\/wp-content\/uploads\/2025\/10\/83751038.webp\" width=\"686\" height=\"837\" title=\"BEVIS: 19 \u00e5r gamle Virginia Guiffre avbildet p\u00e5 Jeffrey Espteins hjem i New Mexico i 2001. Foto: REX \/ NTB\" alt=\"\" class=\"\" style=\"--aspect-ratio-image: 0.82; \"\/><\/p>\n<p>\n          BEVIS: 19 \u00e5r gamle Virginia Guiffre avbildet p\u00e5 Jeffrey Espteins hjem i New Mexico i 2001. Foto: REX \/ NTB\n      <\/p>\n<p>En av de andre jentene i huset skal seinere ha foresl\u00e5tt at et arr ved navlen hennes kunne tyde p\u00e5 at hun hadde blitt operert for et svangerskap utenfor livmoren.<\/p>\n<p>\u00abMen Epstein sa at jeg hadde hatt en spontanabort, som er noe helt annet. Epstein brukte aldri kondom. Det gjorde heller ikke mennene han og Maxwell solgte meg til\u00bb, skriver hun.<\/p>\n","protected":false},"excerpt":{"rendered":"Virginia Guiffre:\u00a0 Seks m\u00e5neder etter at hun d\u00f8de, gis boka til Epstein-offeret Virginia Giuffre ut. I boka framkommer&hellip;\n","protected":false},"author":2,"featured_media":66801,"comment_status":"","ping_status":"","sticky":false,"template":"","format":"standard","meta":{"footnotes":""},"categories":[5],"tags":[20,21,24,25,15,19,1649,479,22,23,17,18,13,30,28,29,14,16,4840,26,27,9246],"class_list":{"0":"post-66800","1":"post","2":"type-post","3":"status-publish","4":"format-standard","5":"has-post-thumbnail","7":"category-overskrifter","8":"tag-breaking-news","9":"tag-breakingnews","10":"tag-featured-news","11":"tag-featurednews","12":"tag-headlines","13":"tag-hovedoppslag","14":"tag-jeffrey-epstein","15":"tag-kjendis","16":"tag-latest-news","17":"tag-latestnews","18":"tag-main-news","19":"tag-mainnews","20":"tag-news","21":"tag-no","22":"tag-norge","23":"tag-norway","24":"tag-nyheter","25":"tag-overskrifter","26":"tag-prins-andrew","27":"tag-top-stories","28":"tag-topstories","29":"tag-virginia-giuffre"},"share_on_mastodon":{"url":"","error":""},"_links":{"self":[{"href":"https:\/\/www.europesays.com\/no\/wp-json\/wp\/v2\/posts\/66800","targetHints":{"allow":["GET"]}}],"collection":[{"href":"https:\/\/www.europesays.com\/no\/wp-json\/wp\/v2\/posts"}],"about":[{"href":"https:\/\/www.europesays.com\/no\/wp-json\/wp\/v2\/types\/post"}],"author":[{"embeddable":true,"href":"https:\/\/www.europesays.com\/no\/wp-json\/wp\/v2\/users\/2"}],"replies":[{"embeddable":true,"href":"https:\/\/www.europesays.com\/no\/wp-json\/wp\/v2\/comments?post=66800"}],"version-history":[{"count":0,"href":"https:\/\/www.europesays.com\/no\/wp-json\/wp\/v2\/posts\/66800\/revisions"}],"wp:featuredmedia":[{"embeddable":true,"href":"https:\/\/www.europesays.com\/no\/wp-json\/wp\/v2\/media\/66801"}],"wp:attachment":[{"href":"https:\/\/www.europesays.com\/no\/wp-json\/wp\/v2\/media?parent=66800"}],"wp:term":[{"taxonomy":"category","embeddable":true,"href":"https:\/\/www.europesays.com\/no\/wp-json\/wp\/v2\/categories?post=66800"},{"taxonomy":"post_tag","embeddable":true,"href":"https:\/\/www.europesays.com\/no\/wp-json\/wp\/v2\/tags?post=66800"}],"curies":[{"name":"wp","href":"https:\/\/api.w.org\/{rel}","templated":true}]}}