{"id":66863,"date":"2025-10-22T07:15:15","date_gmt":"2025-10-22T07:15:15","guid":{"rendered":"https:\/\/www.europesays.com\/no\/66863\/"},"modified":"2025-10-22T07:15:15","modified_gmt":"2025-10-22T07:15:15","slug":"eu-slar-alarm-om-boligkrise","status":"publish","type":"post","link":"https:\/\/www.europesays.com\/no\/66863\/","title":{"rendered":"EU sl\u00e5r alarm om boligkrise"},"content":{"rendered":"<p>  Boligmangel seiler opp som en ny krise i EU. For f\u00f8rste gang i historien blir saken satt p\u00e5 dagsordenen for et EU-toppm\u00f8te.<\/p>\n<p>\n    UNDER PRESS: Amsterdam er blant byene i Europa der boligmangelen har \u00f8kt kraftig. Det var blant sakene som f\u00f8rte til seier for ytre h\u00f8yre-leder Geert Wilders i valget i Nederland i 2023. Foto: AP \/ NTB\n  <\/p>\n<p>&#8211; Dette er en \u00f8kende bekymring, skriver EU-president Antonio Costa i invitasjonen til EUs stats- og regjeringssjefer i forkant av toppm\u00f8tet torsdag.<\/p>\n<p>Fram til n\u00e5 har ikke h\u00f8ye leiepriser og boligspekulasjon blitt sett p\u00e5 som problemer som kan l\u00f8ses p\u00e5 EU-niv\u00e5. Men n\u00e5 er det krise, sl\u00e5r EUs boligkommiss\u00e6r Dan J\u00f8rgensen fast.<\/p>\n<p>    <a itemprop=\"url\" href=\"https:\/\/borsen.dagbladet.no\/nyheter\/lonnssjokket-hundrevis-rammet\/83744778\" rel=\"nofollow noopener\" target=\"_blank\"><\/p>\n<p>      <img loading=\"lazy\" decoding=\"async\" src=\"https:\/\/www.europesays.com\/no\/wp-content\/uploads\/2025\/10\/83749273.webp\" width=\"980\" height=\"441\" title=\"L\u00f8nnssjokket: Hundrevis rammet\" alt=\"\" class=\"lazyload\" style=\"--aspect-ratio-image: 2.22; \"\/><\/p>\n<p>        L\u00f8nnssjokket: Hundrevis rammet<\/p>\n<p>    <\/a><\/p>\n<p>&#8211; Sosial krise\t<\/p>\n<p>&#8211; Vi har en situasjon der langt de fleste store byer i Europa opplever boligmangel. Det er n\u00f8dvendig \u00e5 si at vi st\u00e5r i en sosial krise, sier han til den danske avisa\u00a0<a href=\"https:\/\/politiken.dk\/internationalt\/art10584115\/%C2%BBHvis-vi-ikke-tager-dette-problem-alvorligt-og-reagerer-p%C3%A5-det-s%C3%A5-vil-modstanderne-vinde%C2%AB?shareToken=qaTlpGAFJKFg\" target=\"_blank\" rel=\"nofollow noopener\">Politiken<\/a>.<\/p>\n<p>I snitt har boligprisene i Europa \u00f8kt med 48 prosent siden 2010, og leieprisene med 22 prosent, if\u00f8lge Politiken. \u00c9n av to europeere opplever h\u00f8ye boligpriser som et presserende problem, if\u00f8lge en m\u00e5ling fra\u00a0<a href=\"https:\/\/europa.eu\/eurobarometer\/surveys\/detail\/3572\" target=\"_blank\" rel=\"nofollow noopener\">Eurobarometer<\/a>.<\/p>\n<p>    <a itemprop=\"url\" href=\"https:\/\/borsen.dagbladet.no\/nyheter\/kjopte-norges-dyreste-hytte-noensinne\/83744720\" rel=\"nofollow noopener\" target=\"_blank\"><\/p>\n<p>      <img loading=\"lazy\" decoding=\"async\" src=\"https:\/\/www.europesays.com\/no\/wp-content\/uploads\/2025\/10\/83744792.webp\" width=\"980\" height=\"441\" title=\"Kj\u00f8pte Norges dyreste hytte noensinne\" alt=\"\" class=\"lazyload\" style=\"--aspect-ratio-image: 2.22; \"\/><\/p>\n<p>        Kj\u00f8pte Norges dyreste hytte noensinne<\/p>\n<p>    <\/a><\/p>\n<p>N\u00e5 skal saken alts\u00e5 l\u00f8ftes til \u00f8verste niv\u00e5 i EU. P\u00e5 toppm\u00f8tet skal J\u00f8rgensen legge fram en plan for hva EU kan gj\u00f8re for \u00e5 sikre flere billige boliger f\u00f8r jul.<\/p>\n<p>Frykter n\u00e6ring til ytre h\u00f8yre\t<\/p>\n<p>\u00c5 sette boligkrisen p\u00e5 dagsordenen tjener ogs\u00e5 en annen hensikt: \u00c5 demme opp for ytre h\u00f8yre-partiene som fosser fram i Europa.<\/p>\n<p>I Nederland var boligmangel en av grunnene til at Geert Wilders Frihetsparti p\u00e5 ytterste h\u00f8yre fl\u00f8y vant makten i 2023. I Spania oppgir unge velgere boligkrisen som den viktigste grunnen til at de n\u00e5 stemmer p\u00e5 ytre h\u00f8yre-partiet Vox, og i \u00e5rets valg i Portugal ble h\u00f8yrepopulistiske Chega nest st\u00f8rste parti etter en valgkamp mot h\u00f8ye boligpriser.<\/p>\n<p>    <a itemprop=\"url\" href=\"https:\/\/borsen.dagbladet.no\/nyheter\/vil-gi-svaert-darlige-signaler\/83745170\" rel=\"nofollow noopener\" target=\"_blank\"><\/p>\n<p>      <img loading=\"lazy\" decoding=\"async\" src=\"https:\/\/www.europesays.com\/no\/wp-content\/uploads\/2025\/10\/83746457.webp\" width=\"980\" height=\"441\" title=\"- Vil gi sv\u00e6rt d\u00e5rlige signaler\" alt=\"\" class=\"lazyload\" style=\"--aspect-ratio-image: 2.22; \"\/><\/p>\n<p>        &#8211; Vil gi sv\u00e6rt d\u00e5rlige signaler<\/p>\n<p>    <\/a><\/p>\n<p>Allerede sitter fem ytre h\u00f8yre-ledere rundt m\u00f8tebordet i Brussel \u2013 Italias Giorgia Meloni, Ungarns Viktor Orban, Slovakias Robert Fico, Belgias Bart De Wever og Tsjekkias Andrej Babis.<\/p>\n<p>Krangel om klimam\u00e5l\t<\/p>\n<p>EU-lederne har en rekke andre tunge saker de skal gjennom p\u00e5 toppm\u00f8tet. Blant dem er striden om EUs klimam\u00e5l for 2040.<\/p>\n<p>Som kjent har EU-kommisjonen lagt fram et lovforslag som m\u00e5lfester 90 prosent kutt i utslippene, som et ledd i \u00e5 n\u00e5 m\u00e5let om kliman\u00f8ytralitet i 2050. Forslaget skulle etter planen v\u00e6rt vedtatt i september.<\/p>\n<p>    <a itemprop=\"url\" href=\"https:\/\/borsen.dagbladet.no\/nyheter\/mystisk-kjoper-avslort\/83720003\" rel=\"nofollow noopener\" target=\"_blank\"><\/p>\n<p>      <img loading=\"lazy\" decoding=\"async\" src=\"https:\/\/www.europesays.com\/no\/wp-content\/uploads\/2025\/10\/83721609.webp\" width=\"980\" height=\"441\" title=\"Mystisk kj\u00f8per avsl\u00f8rt\" alt=\"\" class=\"lazyload\" style=\"--aspect-ratio-image: 2.22; \"\/><\/p>\n<p>        Mystisk kj\u00f8per avsl\u00f8rt<\/p>\n<p>    <\/a><\/p>\n<p class=\"font-weight-bold m-font-weight-bold\" data-lab-font_weight=\"font-weight-bold\">Men flere EU-land, deriblant tungvektere som Tyskland og Frankrike, har vendt tommelen ned. De mener tiltaket g\u00e5r for langt.<\/p>\n<p>Ogs\u00e5 et mer h\u00f8yrevridd EU-parlament er kritisk.<\/p>\n<p>Planen n\u00e5 er at lederne p\u00e5 toppm\u00f8tet skal enes om en retning, slik at forslaget kan bli vedtatt av EUs ministerr\u00e5d. Men om de blir enige, er et \u00e5pent sp\u00f8rsm\u00e5l.<\/p>\n<p>&#8211; Hensikten er ikke at vi skal forminske m\u00e5let, men diskutere hvordan vil skal kunne n\u00e5 det, sier en h\u00f8ytst\u00e5ende EU-diplomat i forkant av toppm\u00f8tet.<\/p>\n<p>Ukraina: Strid om sanksjoner\t<\/p>\n<p>Ukraina-krigen vil igjen dominere et EU-toppm\u00f8te. Det er ventet at president Volodymyr Zelenskyj selv kommer til Brussel torsdag ettermiddag.<\/p>\n<p>En viktig sak p\u00e5 bordet er den 19. sanksjonspakken mot Russland. Den mangler kun \u00e9n stemme for \u00e5 bli godkjent: Slovakias statsminister Robert Fico krever at EU skal garantere st\u00f8tte til Europas skrantende bilindustri i bytte mot sin stemme.<\/p>\n<p>    <a itemprop=\"url\" href=\"https:\/\/borsen.dagbladet.no\/nyheter\/slakter-oslofjordgrep-en-vits\/83727429\" rel=\"nofollow noopener\" target=\"_blank\"><\/p>\n<p>      <img loading=\"lazy\" decoding=\"async\" src=\"https:\/\/www.europesays.com\/no\/wp-content\/uploads\/2025\/10\/1761117315_583_83276295.webp\" width=\"980\" height=\"441\" title=\"Slakter Oslofjord\u2011grep: - En vits!\" alt=\"\" class=\"lazyload\" style=\"--aspect-ratio-image: 2.22; \"\/><\/p>\n<p>        Slakter Oslofjord\u2011grep: &#8211; En vits!<\/p>\n<p>    <\/a><\/p>\n<p class=\"font-weight-bold m-font-weight-bold\" data-lab-font_weight=\"font-weight-bold\">Men her kan EUs nye forsvarssatsing komme Fico i m\u00f8te:<\/p>\n<p>If\u00f8lge\u00a0<a href=\"https:\/\/www.politico.eu\/article\/first-eu-anti-far-right-council-housing-social-media-regulation-migration-defense-costa\/\" target=\"_blank\" rel=\"nofollow noopener\">Politico<\/a>\u00a0skal EU-landene pl\u00f8ye inn hele 2400 milliarder euro, dr\u00f8yt 28.000 milliarder kroner, til forsvar de neste fire \u00e5rene.<\/p>\n<p>H\u00e5pet er at nye jobber i forsvarsindustrien skal kunne erstatte tapte arbeidsplasser i bilindustrien.<\/p>\n<p>Erstatningsl\u00e5n til Ukraina\t<\/p>\n<p>EU-lederne skal ogs\u00e5 diskutere om fryste russiske midler, 140 milliarder euro, kan brukes til et s\u00e5kalt erstatningsl\u00e5n til Ukraina.<\/p>\n<p>Men ogs\u00e5 her blir det strid: Ungarn sier blankt nei, mens Belgia, der mesteparten av pengene ligger, er skeptisk. De frykter at dette vil \u00f8delegge tilliten til den Brussel-baserte finansinstitusjonen Euroclear.<\/p>\n<p>26 av 27 EU-land mener ogs\u00e5 det er p\u00e5 h\u00f8y tid \u00e5 \u00e5pne det f\u00f8rste kapittelet i medlemskapsforhandlingene med Ukraina og Moldova.<\/p>\n<p>Men ogs\u00e5 her setter Ungarn foten ned. Hittil har alle fors\u00f8k p\u00e5 \u00e5 komme rundt Orbans nei v\u00e6rt mislykket.<\/p>\n","protected":false},"excerpt":{"rendered":"Boligmangel seiler opp som en ny krise i EU. For f\u00f8rste gang i historien blir saken satt p\u00e5&hellip;\n","protected":false},"author":2,"featured_media":66864,"comment_status":"","ping_status":"","sticky":false,"template":"","format":"standard","meta":{"footnotes":""},"categories":[12],"tags":[237,9547,20,21,2525,279,24,25,15,7245,22,23,9546,13,30,28,29,14,16,26,27,42,43,44,45],"class_list":{"0":"post-66863","1":"post","2":"type-post","3":"status-publish","4":"format-standard","5":"has-post-thumbnail","7":"category-verden","8":"tag-bolig","9":"tag-boligmangel","10":"tag-breaking-news","11":"tag-breakingnews","12":"tag-eiendom","13":"tag-eu","14":"tag-featured-news","15":"tag-featurednews","16":"tag-headlines","17":"tag-krise","18":"tag-latest-news","19":"tag-latestnews","20":"tag-leiemarkedet","21":"tag-news","22":"tag-no","23":"tag-norge","24":"tag-norway","25":"tag-nyheter","26":"tag-overskrifter","27":"tag-top-stories","28":"tag-topstories","29":"tag-verden","30":"tag-world","31":"tag-world-news","32":"tag-worldnews"},"share_on_mastodon":{"url":"","error":""},"_links":{"self":[{"href":"https:\/\/www.europesays.com\/no\/wp-json\/wp\/v2\/posts\/66863","targetHints":{"allow":["GET"]}}],"collection":[{"href":"https:\/\/www.europesays.com\/no\/wp-json\/wp\/v2\/posts"}],"about":[{"href":"https:\/\/www.europesays.com\/no\/wp-json\/wp\/v2\/types\/post"}],"author":[{"embeddable":true,"href":"https:\/\/www.europesays.com\/no\/wp-json\/wp\/v2\/users\/2"}],"replies":[{"embeddable":true,"href":"https:\/\/www.europesays.com\/no\/wp-json\/wp\/v2\/comments?post=66863"}],"version-history":[{"count":0,"href":"https:\/\/www.europesays.com\/no\/wp-json\/wp\/v2\/posts\/66863\/revisions"}],"wp:featuredmedia":[{"embeddable":true,"href":"https:\/\/www.europesays.com\/no\/wp-json\/wp\/v2\/media\/66864"}],"wp:attachment":[{"href":"https:\/\/www.europesays.com\/no\/wp-json\/wp\/v2\/media?parent=66863"}],"wp:term":[{"taxonomy":"category","embeddable":true,"href":"https:\/\/www.europesays.com\/no\/wp-json\/wp\/v2\/categories?post=66863"},{"taxonomy":"post_tag","embeddable":true,"href":"https:\/\/www.europesays.com\/no\/wp-json\/wp\/v2\/tags?post=66863"}],"curies":[{"name":"wp","href":"https:\/\/api.w.org\/{rel}","templated":true}]}}