{"id":66882,"date":"2025-10-22T07:39:09","date_gmt":"2025-10-22T07:39:09","guid":{"rendered":"https:\/\/www.europesays.com\/no\/66882\/"},"modified":"2025-10-22T07:39:09","modified_gmt":"2025-10-22T07:39:09","slug":"besokte-pappa-midt-i-stormen-dagbladet","status":"publish","type":"post","link":"https:\/\/www.europesays.com\/no\/66882\/","title":{"rendered":"Bes\u00f8kte pappa midt i stormen &#8211; Dagbladet"},"content":{"rendered":"<ol>\n<li><a href=\"https:\/\/news.google.com\/rss\/articles\/CBMiekFVX3lxTE1KZ2tyM2UybjA4eHA1OEp2SkZuSUpfekI2RFdfd0J2NGF4R19ZWERpQ2hpZ1ZYZlYtNkd4V2tjMDItV1lzZ1Qwa2tLUkNQb0pneEw1eTkzZDJNMVpOYXdXRmNvb2RsazdVOWp0cXdaSGtCXy1EWmN1T0pn?oc=5\" target=\"_blank\" rel=\"nofollow noopener\">Bes\u00f8kte pappa midt i stormen<\/a>&nbsp;&nbsp;Dagbladet<\/li>\n<li><a href=\"https:\/\/news.google.com\/rss\/articles\/CBMi-wFBVV95cUxOWDg1ZnQzbWh3M1NyZUNsNzdHYzc4d19jU1UxZ0Zuci1LVEdQalJiT2V4VFNyQ1dZWWpNbmN1bEhJMHZpMWktTnZyRFhOS19tQVJaQm8wbDNpOWhnVGZpc19oMXlzS0QxRXNvZm5rWVBJWFdMQWkzZG0tbDZreTJGNEJBdVowalIwQ2g2Y2VlSnlFMXB6eHp6d2xwc0dvbktPaUJCajJoS0FiSW1mTGlNcTQyQ2ZMRjBPRFVsZzEtT1BLcVY2M0FYUE5uTGJ4NllYZUxDcWJPSkJCU0xWOHFYNWZGNDVWdmpRQWpDSkhQbTFld2FwVGtsOUxFUQ?oc=5\" target=\"_blank\" rel=\"nofollow noopener\">N\u00e5 har britene f\u00e5tt svar p\u00e5 hvordan prins Andrew har r\u00e5d til \u00e5 bo her<\/a>&nbsp;&nbsp;Aftenposten<\/li>\n<li><a href=\"https:\/\/news.google.com\/rss\/articles\/CBMihgFBVV95cUxQc1JWN1U1ZS1ESnFBSERGNFVLdDNURlFDWVBybkRxSnEybjNKZXNpS3JwWFE0ZFdOR0NUNWFQUnljREZEVjJWLXJSNXNNX3VIMEtVNmdpcnBfNU9ORnFiQmVwaDQxemFsSUhTb09qOHJIVXk0V0pTV1pQYkhLN2w0VUMyYnk1Zw?oc=5\" target=\"_blank\" rel=\"nofollow noopener\">Meninger N\u00e5 er han \u00abav-duket\u00bb<\/a>&nbsp;&nbsp;VG<\/li>\n<li><a href=\"https:\/\/news.google.com\/rss\/articles\/CBMigwFBVV95cUxPaWF4dWxuWlFFQlN4RUhpX19WUnUzM2RKWXFvckxrUWVLT2hRaVppWmtpeUdSY193Wjg1NUR6RFZfOU5TZUljeDNiXzh3cS1YWDQzWGNVeDV2NHdaNU4wdGlweGJ3R0VmTExwT3lfcXlnU1NDajRpWUdPdzNBZmp0OS0tTQ?oc=5\" target=\"_blank\" rel=\"nofollow noopener\">Utenriksstudio &#8211; Virginia Giuffre setter igjen s\u00f8kelyset p\u00e5 Epstein-skandalen i ny bok<\/a>&nbsp;&nbsp;Stavanger Aftenblad<\/li>\n<li><a href=\"https:\/\/news.google.com\/rss\/articles\/CBMiZEFVX3lxTFBwOHhxcXhpNmJjc21fWkdTWjVCcEw2RFNwOFk0ZFpCd2c1WG5TeHpDcU9oSi1CUDluSHVWQmZMNThqY0pUcVRtMW95cmVfUi1lSVEwaG9sME9JUDFnUVRhdTF3QTc?oc=5\" target=\"_blank\" rel=\"nofollow noopener\">Vil kaste ham ut<\/a>&nbsp;&nbsp;seher.no<\/li>\n<\/ol>\n","protected":false},"excerpt":{"rendered":"Bes\u00f8kte pappa midt i stormen&nbsp;&nbsp;Dagbladet N\u00e5 har britene f\u00e5tt svar p\u00e5 hvordan prins Andrew har r\u00e5d til \u00e5&hellip;\n","protected":false},"author":2,"featured_media":66883,"comment_status":"","ping_status":"","sticky":false,"template":"","format":"standard","meta":{"footnotes":""},"categories":[12],"tags":[20,21,24,25,15,479,76,22,23,13,30,28,29,14,16,4840,7479,9549,4839,26,27,42,9246,43,44,45],"class_list":{"0":"post-66882","1":"post","2":"type-post","3":"status-publish","4":"format-standard","5":"has-post-thumbnail","7":"category-verden","8":"tag-breaking-news","9":"tag-breakingnews","10":"tag-featured-news","11":"tag-featurednews","12":"tag-headlines","13":"tag-kjendis","14":"tag-kongelig","15":"tag-latest-news","16":"tag-latestnews","17":"tag-news","18":"tag-no","19":"tag-norge","20":"tag-norway","21":"tag-nyheter","22":"tag-overskrifter","23":"tag-prins-andrew","24":"tag-prinsesse-beatrice","25":"tag-prinsesse-eugenie","26":"tag-sarah-ferguson","27":"tag-top-stories","28":"tag-topstories","29":"tag-verden","30":"tag-virginia-giuffre","31":"tag-world","32":"tag-world-news","33":"tag-worldnews"},"share_on_mastodon":{"url":"","error":""},"_links":{"self":[{"href":"https:\/\/www.europesays.com\/no\/wp-json\/wp\/v2\/posts\/66882","targetHints":{"allow":["GET"]}}],"collection":[{"href":"https:\/\/www.europesays.com\/no\/wp-json\/wp\/v2\/posts"}],"about":[{"href":"https:\/\/www.europesays.com\/no\/wp-json\/wp\/v2\/types\/post"}],"author":[{"embeddable":true,"href":"https:\/\/www.europesays.com\/no\/wp-json\/wp\/v2\/users\/2"}],"replies":[{"embeddable":true,"href":"https:\/\/www.europesays.com\/no\/wp-json\/wp\/v2\/comments?post=66882"}],"version-history":[{"count":0,"href":"https:\/\/www.europesays.com\/no\/wp-json\/wp\/v2\/posts\/66882\/revisions"}],"wp:featuredmedia":[{"embeddable":true,"href":"https:\/\/www.europesays.com\/no\/wp-json\/wp\/v2\/media\/66883"}],"wp:attachment":[{"href":"https:\/\/www.europesays.com\/no\/wp-json\/wp\/v2\/media?parent=66882"}],"wp:term":[{"taxonomy":"category","embeddable":true,"href":"https:\/\/www.europesays.com\/no\/wp-json\/wp\/v2\/categories?post=66882"},{"taxonomy":"post_tag","embeddable":true,"href":"https:\/\/www.europesays.com\/no\/wp-json\/wp\/v2\/tags?post=66882"}],"curies":[{"name":"wp","href":"https:\/\/api.w.org\/{rel}","templated":true}]}}